{"id":830,"date":"2017-10-25T19:45:22","date_gmt":"2017-10-25T17:45:22","guid":{"rendered":"http:\/\/journalisme-info.ejdg.fr\/?p=830"},"modified":"2017-11-07T19:47:54","modified_gmt":"2017-11-07T18:47:54","slug":"avec-the-party-le-guardian-propose-une-experience-virtuelle-inedite-sur-lautisme","status":"publish","type":"post","link":"http:\/\/journalismes-info.ejdg.fr\/index.php\/2017\/10\/25\/avec-the-party-le-guardian-propose-une-experience-virtuelle-inedite-sur-lautisme\/","title":{"rendered":"Avec The Party, le Guardian propose une exp\u00e9rience virtuelle in\u00e9dite sur l&rsquo;autisme"},"content":{"rendered":"<p>[et_pb_section bb_built=\u00a0\u00bb1&Prime;][et_pb_row][et_pb_column type=\u00a0\u00bb4_4&Prime;][et_pb_post_title _builder_version=\u00a0\u00bb3.0.75&Prime; title=\u00a0\u00bbon\u00a0\u00bb meta=\u00a0\u00bbon\u00a0\u00bb author=\u00a0\u00bbon\u00a0\u00bb date=\u00a0\u00bbon\u00a0\u00bb categories=\u00a0\u00bbon\u00a0\u00bb comments=\u00a0\u00bbon\u00a0\u00bb featured_image=\u00a0\u00bboff\u00a0\u00bb featured_placement=\u00a0\u00bbbelow\u00a0\u00bb text_color=\u00a0\u00bbdark\u00a0\u00bb text_background=\u00a0\u00bboff\u00a0\u00bb border_style=\u00a0\u00bbsolid\u00a0\u00bb text_orientation=\u00a0\u00bbcenter\u00a0\u00bb title_font=\u00a0\u00bb||||\u00a0\u00bb title_text_color=\u00a0\u00bbrgba(0,0,0,0.91)\u00a0\u00bb \/][\/et_pb_column][\/et_pb_row][et_pb_row][et_pb_column type=\u00a0\u00bb4_4&Prime;][et_pb_text _builder_version=\u00a0\u00bb3.0.75&Prime; background_layout=\u00a0\u00bblight\u00a0\u00bb border_style=\u00a0\u00bbsolid\u00a0\u00bb]<\/p>\n<p>Deuxi\u00e8me titre anglais de presse en terme de diffusion, <em>the Guardian<\/em> vient de sortir son premier reportage int\u00e9gralement \u00e9crit en r\u00e9alit\u00e9 virtuelle (VR) : \u00ab The Party \u00bb. L&rsquo;histoire est v\u00e9cue \u00e0 travers les yeux de Layla, une jeune fille autiste de 15 ans. Plong\u00e9e en plein c\u0153ur d&rsquo;un anniversaire surprise, l&rsquo;histoire se concentre sur les sensations de stress per\u00e7ues par la jeune fille. Pour Francesca Panetta, directrice du projet r\u00e9alit\u00e9 virtuelle, l&rsquo;exp\u00e9rience vise \u00e0 d\u00e9couvrir un constat sous-estim\u00e9:\u00a0<em>\u00abQuelques scientifiques admettent que les femmes et les filles ont pu \u00eatre sous-diagnostiqu\u00e9es. Nous avons voulu aller plus loin pour voir comment nous pouvons explorer le sujet via le moyen de la VR \u00bb.\u00a0<\/em>Pour coller \u00e0 la r\u00e9alit\u00e9, le projet s&rsquo;est associ\u00e9 avec des chercheurs provenant notamment du centre de recherche sur l&rsquo;autisme, bas\u00e9 \u00e0 Cambridge. Les auteurs ont aussi d\u00e9velopp\u00e9 leur point de vue \u00e0 l&rsquo;aide de Sumita Majumdar, autiste et en charge du script. En marge de ce reportage, <em>the Guardian<\/em> a offert \u00e0 ses lecteurs pr\u00e8s de 100 000 Google Cardboard. Les reportages en VR attirent encore un tr\u00e8s faible public.<\/p>\n<p align=\"LEFT\">Pour plus d&rsquo;infos,\u00a0<a href=\"https:\/\/www.journalism.co.uk\/news\/through-vr-project-the-party-the-guardian-is-giving-viewers-an-insight-into-living-with-autism\/s2\/a712132\/\">Journalism.co.uk<\/a> : \u00ab\u00a0Through VR project The Party, the Guardian is giving viewers an insight into living with autism\u00a0\u00bb (23 octobre 2017)<\/p>\n<p>[\/et_pb_text][\/et_pb_column][\/et_pb_row][\/et_pb_section]<\/p>\n","protected":false},"excerpt":{"rendered":"<p>[et_pb_section bb_built=\u00a0\u00bb1&Prime;][et_pb_row][et_pb_column type=\u00a0\u00bb4_4&Prime;][et_pb_post_title _builder_version=\u00a0\u00bb3.0.75&Prime; title=\u00a0\u00bbon\u00a0\u00bb meta=\u00a0\u00bbon\u00a0\u00bb author=\u00a0\u00bbon\u00a0\u00bb date=\u00a0\u00bbon\u00a0\u00bb categories=\u00a0\u00bbon\u00a0\u00bb comments=\u00a0\u00bbon\u00a0\u00bb featured_image=\u00a0\u00bboff\u00a0\u00bb featured_placement=\u00a0\u00bbbelow\u00a0\u00bb text_color=\u00a0\u00bbdark\u00a0\u00bb text_background=\u00a0\u00bboff\u00a0\u00bb border_style=\u00a0\u00bbsolid\u00a0\u00bb text_orientation=\u00a0\u00bbcenter\u00a0\u00bb title_font=\u00a0\u00bb||||\u00a0\u00bb title_text_color=\u00a0\u00bbrgba(0,0,0,0.91)\u00a0\u00bb \/][\/et_pb_column][\/et_pb_row][et_pb_row][et_pb_column type=\u00a0\u00bb4_4&Prime;][et_pb_text _builder_version=\u00a0\u00bb3.0.75&Prime; background_layout=\u00a0\u00bblight\u00a0\u00bb border_style=\u00a0\u00bbsolid\u00a0\u00bb] Deuxi\u00e8me titre anglais de presse en terme de diffusion, the Guardian vient de sortir son premier reportage int\u00e9gralement \u00e9crit en r\u00e9alit\u00e9 virtuelle (VR) : \u00ab The Party \u00bb. L&rsquo;histoire est v\u00e9cue \u00e0 [&hellip;]<\/p>\n","protected":false},"author":20,"featured_media":890,"comment_status":"open","ping_status":"open","sticky":false,"template":"","format":"standard","meta":[],"categories":[2],"tags":[119,95,120],"_links":{"self":[{"href":"http:\/\/journalismes-info.ejdg.fr\/index.php\/wp-json\/wp\/v2\/posts\/830"}],"collection":[{"href":"http:\/\/journalismes-info.ejdg.fr\/index.php\/wp-json\/wp\/v2\/posts"}],"about":[{"href":"http:\/\/journalismes-info.ejdg.fr\/index.php\/wp-json\/wp\/v2\/types\/post"}],"author":[{"embeddable":true,"href":"http:\/\/journalismes-info.ejdg.fr\/index.php\/wp-json\/wp\/v2\/users\/20"}],"replies":[{"embeddable":true,"href":"http:\/\/journalismes-info.ejdg.fr\/index.php\/wp-json\/wp\/v2\/comments?post=830"}],"version-history":[{"count":4,"href":"http:\/\/journalismes-info.ejdg.fr\/index.php\/wp-json\/wp\/v2\/posts\/830\/revisions"}],"predecessor-version":[{"id":996,"href":"http:\/\/journalismes-info.ejdg.fr\/index.php\/wp-json\/wp\/v2\/posts\/830\/revisions\/996"}],"wp:featuredmedia":[{"embeddable":true,"href":"http:\/\/journalismes-info.ejdg.fr\/index.php\/wp-json\/wp\/v2\/media\/890"}],"wp:attachment":[{"href":"http:\/\/journalismes-info.ejdg.fr\/index.php\/wp-json\/wp\/v2\/media?parent=830"}],"wp:term":[{"taxonomy":"category","embeddable":true,"href":"http:\/\/journalismes-info.ejdg.fr\/index.php\/wp-json\/wp\/v2\/categories?post=830"},{"taxonomy":"post_tag","embeddable":true,"href":"http:\/\/journalismes-info.ejdg.fr\/index.php\/wp-json\/wp\/v2\/tags?post=830"}],"curies":[{"name":"wp","href":"https:\/\/api.w.org\/{rel}","templated":true}]}}