{"id":819,"date":"2017-10-25T19:40:11","date_gmt":"2017-10-25T17:40:11","guid":{"rendered":"http:\/\/journalisme-info.ejdg.fr\/?p=819"},"modified":"2017-11-07T19:42:43","modified_gmt":"2017-11-07T18:42:43","slug":"sfr-press-le-kiosk-fin-de-loptimisation-fiscale-des-kiosques-en-lignes","status":"publish","type":"post","link":"http:\/\/journalismes-info.ejdg.fr\/index.php\/2017\/10\/25\/sfr-press-le-kiosk-fin-de-loptimisation-fiscale-des-kiosques-en-lignes\/","title":{"rendered":"SFR Press, Le Kiosk : fin de l&rsquo;optimisation fiscale des kiosques en lignes"},"content":{"rendered":"<p>[et_pb_section bb_built=\u00a0\u00bb1&Prime;][et_pb_row][et_pb_column type=\u00a0\u00bb4_4&Prime;][et_pb_post_title _builder_version=\u00a0\u00bb3.0.75&Prime; title=\u00a0\u00bbon\u00a0\u00bb meta=\u00a0\u00bbon\u00a0\u00bb author=\u00a0\u00bbon\u00a0\u00bb date=\u00a0\u00bbon\u00a0\u00bb categories=\u00a0\u00bbon\u00a0\u00bb comments=\u00a0\u00bbon\u00a0\u00bb featured_image=\u00a0\u00bboff\u00a0\u00bb featured_placement=\u00a0\u00bbbelow\u00a0\u00bb text_color=\u00a0\u00bbdark\u00a0\u00bb text_background=\u00a0\u00bboff\u00a0\u00bb border_style=\u00a0\u00bbsolid\u00a0\u00bb text_orientation=\u00a0\u00bbcenter\u00a0\u00bb title_font=\u00a0\u00bb||||\u00a0\u00bb title_text_color=\u00a0\u00bbrgba(0,0,0,0.91)\u00a0\u00bb \/][\/et_pb_column][\/et_pb_row][et_pb_row][et_pb_column type=\u00a0\u00bb4_4&Prime;][et_pb_text _builder_version=\u00a0\u00bb3.0.75&Prime; background_layout=\u00a0\u00bblight\u00a0\u00bb border_style=\u00a0\u00bbsolid\u00a0\u00bb]<\/p>\n<p>Les op\u00e9rateurs SFR et Bouygues Telecom, en proposant l\u2019acc\u00e8s gratuit \u00e0 des kiosques num\u00e9riques dans leurs abonnements, profitaient d\u2019un abattement fiscal r\u00e9serv\u00e9 \u00e0 la presse\u00a0: un <a href=\"https:\/\/www.legifiscal.fr\/actualites-fiscales\/423-tva-taux-de-21-pour-la-presse-en-ligne.html\">taux de TVA de 2,1%<\/a>. Mais l\u2019Assembl\u00e9e nationale <a href=\"https:\/\/strategies.fr\/actualites\/medias\/4000333W\/l-assemblee-vote-la-fin-de-l-optimisation-fiscale-de-la-tva-presse-par-les-telco.html\">a vot\u00e9 le 21 octobre 2017\u00a0<\/a>un amendement visant \u00e0 limiter l\u2019application de cette TVA \u00e0 la r\u00e9elle vente des titres par l\u2019op\u00e9rateur. Ce vote s\u2019inscrit dans un contexte de bras-de-fer de long terme entre les op\u00e9rateurs t\u00e9l\u00e9phoniques et certains groupes de presse. Ainsi, la gratuit\u00e9 de la presse serait per\u00e7ue comme un vrai probl\u00e8me pour Xavier Niel, patron de Free et copropri\u00e9taire du <em>Monde<\/em>, qui <a href=\"https:\/\/www.youtube.com\/watch?v=sJO2fE3is-Y\">accuse SFR Presse<\/a> \u00ab\u00a0<em>d\u2019acc\u00e9l\u00e9rer la disparition de la presse<\/em>\u00a0\u00bb. L\u2019optimisation fiscale rendue plus difficile, les kiosques num\u00e9riques devraient probablement devenir payant.<\/p>\n<p>[\/et_pb_text][\/et_pb_column][\/et_pb_row][\/et_pb_section]<\/p>\n","protected":false},"excerpt":{"rendered":"<p>[et_pb_section bb_built=\u00a0\u00bb1&Prime;][et_pb_row][et_pb_column type=\u00a0\u00bb4_4&Prime;][et_pb_post_title _builder_version=\u00a0\u00bb3.0.75&Prime; title=\u00a0\u00bbon\u00a0\u00bb meta=\u00a0\u00bbon\u00a0\u00bb author=\u00a0\u00bbon\u00a0\u00bb date=\u00a0\u00bbon\u00a0\u00bb categories=\u00a0\u00bbon\u00a0\u00bb comments=\u00a0\u00bbon\u00a0\u00bb featured_image=\u00a0\u00bboff\u00a0\u00bb featured_placement=\u00a0\u00bbbelow\u00a0\u00bb text_color=\u00a0\u00bbdark\u00a0\u00bb text_background=\u00a0\u00bboff\u00a0\u00bb border_style=\u00a0\u00bbsolid\u00a0\u00bb text_orientation=\u00a0\u00bbcenter\u00a0\u00bb title_font=\u00a0\u00bb||||\u00a0\u00bb title_text_color=\u00a0\u00bbrgba(0,0,0,0.91)\u00a0\u00bb \/][\/et_pb_column][\/et_pb_row][et_pb_row][et_pb_column type=\u00a0\u00bb4_4&Prime;][et_pb_text _builder_version=\u00a0\u00bb3.0.75&Prime; background_layout=\u00a0\u00bblight\u00a0\u00bb border_style=\u00a0\u00bbsolid\u00a0\u00bb] Les op\u00e9rateurs SFR et Bouygues Telecom, en proposant l\u2019acc\u00e8s gratuit \u00e0 des kiosques num\u00e9riques dans leurs abonnements, profitaient d\u2019un abattement fiscal r\u00e9serv\u00e9 \u00e0 la presse\u00a0: un taux de TVA de 2,1%. Mais [&hellip;]<\/p>\n","protected":false},"author":27,"featured_media":898,"comment_status":"open","ping_status":"open","sticky":false,"template":"","format":"standard","meta":[],"categories":[2],"tags":[87,90,88,89,86,91],"_links":{"self":[{"href":"http:\/\/journalismes-info.ejdg.fr\/index.php\/wp-json\/wp\/v2\/posts\/819"}],"collection":[{"href":"http:\/\/journalismes-info.ejdg.fr\/index.php\/wp-json\/wp\/v2\/posts"}],"about":[{"href":"http:\/\/journalismes-info.ejdg.fr\/index.php\/wp-json\/wp\/v2\/types\/post"}],"author":[{"embeddable":true,"href":"http:\/\/journalismes-info.ejdg.fr\/index.php\/wp-json\/wp\/v2\/users\/27"}],"replies":[{"embeddable":true,"href":"http:\/\/journalismes-info.ejdg.fr\/index.php\/wp-json\/wp\/v2\/comments?post=819"}],"version-history":[{"count":3,"href":"http:\/\/journalismes-info.ejdg.fr\/index.php\/wp-json\/wp\/v2\/posts\/819\/revisions"}],"predecessor-version":[{"id":992,"href":"http:\/\/journalismes-info.ejdg.fr\/index.php\/wp-json\/wp\/v2\/posts\/819\/revisions\/992"}],"wp:featuredmedia":[{"embeddable":true,"href":"http:\/\/journalismes-info.ejdg.fr\/index.php\/wp-json\/wp\/v2\/media\/898"}],"wp:attachment":[{"href":"http:\/\/journalismes-info.ejdg.fr\/index.php\/wp-json\/wp\/v2\/media?parent=819"}],"wp:term":[{"taxonomy":"category","embeddable":true,"href":"http:\/\/journalismes-info.ejdg.fr\/index.php\/wp-json\/wp\/v2\/categories?post=819"},{"taxonomy":"post_tag","embeddable":true,"href":"http:\/\/journalismes-info.ejdg.fr\/index.php\/wp-json\/wp\/v2\/tags?post=819"}],"curies":[{"name":"wp","href":"https:\/\/api.w.org\/{rel}","templated":true}]}}