{"id":8097,"date":"2022-04-15T16:40:21","date_gmt":"2022-04-15T14:40:21","guid":{"rendered":"http:\/\/journalismes-info.ejdg.fr\/?p=8097"},"modified":"2022-04-15T16:41:26","modified_gmt":"2022-04-15T14:41:26","slug":"numero-x-emispheres-autour-de-diane-ranville","status":"publish","type":"post","link":"http:\/\/journalismes-info.ejdg.fr\/index.php\/2022\/04\/15\/numero-x-emispheres-autour-de-diane-ranville\/","title":{"rendered":"[NUMERO 2] Emi\u2019sph\u00e8res \/ Autour de la bande dessin\u00e9e"},"content":{"rendered":"<p>[et_pb_section bb_built=\u00a0\u00bb1&Prime; _builder_version=\u00a0\u00bb3.0.47&Prime;][et_pb_row _builder_version=\u00a0\u00bb3.0.47&Prime; background_size=\u00a0\u00bbinitial\u00a0\u00bb background_position=\u00a0\u00bbtop_left\u00a0\u00bb background_repeat=\u00a0\u00bbrepeat\u00a0\u00bb _i=\u00a0\u00bb0&Prime; _address=\u00a0\u00bb0.0&Prime;][et_pb_column type=\u00a0\u00bb4_4&Prime;][et_pb_post_title _builder_version=\u00a0\u00bb3.0.75&Prime; title=\u00a0\u00bbon\u00a0\u00bb meta=\u00a0\u00bboff\u00a0\u00bb author=\u00a0\u00bbon\u00a0\u00bb date=\u00a0\u00bbon\u00a0\u00bb categories=\u00a0\u00bbon\u00a0\u00bb comments=\u00a0\u00bbon\u00a0\u00bb featured_image=\u00a0\u00bbon\u00a0\u00bb featured_placement=\u00a0\u00bbbelow\u00a0\u00bb text_color=\u00a0\u00bbdark\u00a0\u00bb text_background=\u00a0\u00bboff\u00a0\u00bb border_style=\u00a0\u00bbsolid\u00a0\u00bb \/][et_pb_text _builder_version=\u00a0\u00bb3.0.75&Prime; text_font_size=\u00a0\u00bb16&Prime; background_layout=\u00a0\u00bblight\u00a0\u00bb border_style=\u00a0\u00bbsolid\u00a0\u00bb]<\/p>\n<p><strong>Renouer le lien entre les citoyens et la sph\u00e8re m\u00e9diatique, tel est l\u2019objectif de l\u2019\u00c9ducation aux M\u00e9dias et \u00e0 l\u2019Information (EMI). Depuis 40 ans, des programmes d\u2019EMI se d\u00e9veloppent afin d\u2019\u00e9veiller la curiosit\u00e9 et l\u2019esprit critique, notamment des plus jeunes. En Auvergne-Rh\u00f4ne-Alpes, les acteurs partagent leurs comp\u00e9tences pour d\u00e9construire l\u2019information et d\u00e9mocratiser la pratique des m\u00e9dias. Dans le cadre du projet Emi\u2019sph\u00e8res, des \u00e9tudiants de l\u2019<\/strong><span style=\"text-decoration: underline; font-size: medium;\"><strong><a href=\"http:\/\/www.ejdg.fr\/\">Ecole de journalisme de Grenoble<\/a><\/strong><\/span><strong> sont all\u00e9s \u00e0 leur rencontre. Dans ce num\u00e9ro, <\/strong><span style=\"text-decoration: underline; font-size: medium;\"><strong><a href=\"https:\/\/www.babelio.com\/auteur\/Diane-Ranville\/459746\">Diane Ranville<\/a><\/strong><\/span><strong> nous livre sa vision de l\u2019EMI. <a href=\"https:\/\/www.instagram.com\/rideaumediatique\/\"><span style=\"text-decoration: underline;\">Sc\u00e9nariste de bandes dessin\u00e9es<\/span><\/a>, elle a anim\u00e9 un atelier organis\u00e9 par la<\/strong><span style=\"text-decoration: underline; font-size: medium;\"><strong><a href=\"https:\/\/www.maison-image.fr\/\"> Maison de l\u2019image<\/a><\/strong><\/span><strong>, le 7 avril \u00e0 Grenoble. Le but : montrer que la fiction peut aider \u00e0 \u00e9laborer des d\u00e9bats avec un jeune public sur la question des m\u00e9dias.<\/strong><\/p>\n<p>Jeudi 7 avril, huit professionnels de l\u2019\u00e9ducation aux m\u00e9dias (EMI) ont assist\u00e9 \u00e0 l\u2019atelier de cr\u00e9ation de personnages m\u00e9diatiques de la dessinatrice Diane Ranville. \u00ab <i>C\u2019est un exercice pour former les \u00e9ducateurs \u00e0 de nouveaux outils pour comprendre l\u2019usage des m\u00e9dias<\/i> \u00bb, pr\u00e9cise l&rsquo;illustratrice. Dans une salle de l\u2019<span style=\"text-decoration: underline;\"><a href=\"https:\/\/www.reseau-canope.fr\/academie-de-grenoble\/atelier-canope-38-grenoble.html\">Atelier Canop\u00e9 38<\/a><\/span>, jeunes \u00e9ducateurs, biblioth\u00e9caires, animateurs, professeurs en IUT ou encore musiciens prennent la place des \u00e9l\u00e8ves :\u00a0 <i>\u00ab Je suis curieux de voir comment la fiction permet de lib\u00e9rer la parole sur n\u2019importe quel th\u00e8me, que l\u2019on soit adulte ou enfant <\/i>\u00bb, s\u2019enthousiasme Micka\u00ebl, l\u2019un des biblioth\u00e9caires.<\/p>\n<p>L\u2019atelier se d\u00e9roule en deux temps : les participants s\u2019accordent sur un th\u00e8me commun puis choisissent des personnages-types \u00e0 \u00e9laborer. Diane Ranville propose de travailler autour de la question : \u00ab Quelle relation faut-il avoir avec les r\u00e9seaux sociaux ? \u00bb Comme en dissertation, les personnages vont illustrer diff\u00e9rents points de vue. \u00ab <i>Cela permet aux \u00e9l\u00e8ves de se mettre \u00e0 la place de l\u2019autre et de construire des arguments de compr\u00e9hension <\/i>\u00bb, pr\u00e9cise la dessinatrice.\u00a0 De l\u2019apparence \u00e0 la relation qu&rsquo;entretient le personnage avec les m\u00e9dias, tout est invent\u00e9. Le plus : chaque protagoniste a un super-pouvoir. Certains peuvent revivre les moments photographi\u00e9s sur leur compte Instagram, d\u2019autres peuvent s\u2019ajouter 3 000 abonn\u00e9s par jour. Ces facilit\u00e9s soulignent les avantages et les inconv\u00e9nients de l\u2019usage des r\u00e9seaux sociaux ainsi que les diff\u00e9rents types d\u2019utilisateurs qui existent.<\/p>\n<p><iframe loading=\"lazy\" width=\"1080\" height=\"608\" src=\"https:\/\/www.youtube.com\/embed\/Hd4OvSoQAbc?feature=oembed\" frameborder=\"0\" allow=\"accelerometer; autoplay; clipboard-write; encrypted-media; gyroscope; picture-in-picture\" allowfullscreen><\/iframe><\/p>\n<p><strong>Un d\u00e9fi pour capter le jeune public<\/strong><\/p>\n<p>Au bout de deux heures, l\u2019atelier se termine. \u00ab <i>J\u2019aurais aim\u00e9 assister \u00e0 la confrontation des personnages mais on manquait de temps<\/i> \u00bb, se d\u00e9sole Adrien, \u00e9ducateur \u00e0 la Villeneuve d\u2019\u00c9chirolles.\u00a0 La cr\u00e9ation d\u2019une histoire demande du temps et de l\u2019investissement. Un exercice qui ne convient pas \u00e0 tous les publics selon Pauline, qui travaille avec des jeunes isol\u00e9s : \u00ab <i>C\u2019est d\u00e9j\u00e0 dur de les faire venir aux activit\u00e9s, encore plus de leur faire cr\u00e9er une histoire !<\/i> \u00bb Astrid, animatrice p\u00e9riscolaire, est emball\u00e9e par l\u2019id\u00e9e et pense la r\u00e9utiliser dans ses futurs projets : <i>\u00ab Comme en th\u00e9\u00e2tre d\u2019impro, cet exercice permet de montrer qu\u2019ils ont des comp\u00e9tences en dehors de celles mobilis\u00e9es \u00e0 l\u2019\u00e9cole.<\/i> \u00bb<\/p>\n<p style=\"text-align: right;\">Ga\u00ebtan Loiseau<\/p>\n<p style=\"text-align: right;\">Hugo Marrequeste<\/p>\n<p style=\"text-align: right;\">In\u00e8s Mitanne<\/p>\n<p style=\"text-align: right;\">Guillaume Richaud<\/p>\n<p>[\/et_pb_text][\/et_pb_column][\/et_pb_row][\/et_pb_section]<\/p>\n","protected":false},"excerpt":{"rendered":"<p>[et_pb_section bb_built=\u00a0\u00bb1&Prime; _builder_version=\u00a0\u00bb3.0.47&Prime;][et_pb_row _builder_version=\u00a0\u00bb3.0.47&Prime; background_size=\u00a0\u00bbinitial\u00a0\u00bb background_position=\u00a0\u00bbtop_left\u00a0\u00bb background_repeat=\u00a0\u00bbrepeat\u00a0\u00bb _i=\u00a0\u00bb0&Prime; _address=\u00a0\u00bb0.0&Prime;][et_pb_column type=\u00a0\u00bb4_4&Prime;][et_pb_post_title _builder_version=\u00a0\u00bb3.0.75&Prime; title=\u00a0\u00bbon\u00a0\u00bb meta=\u00a0\u00bboff\u00a0\u00bb author=\u00a0\u00bbon\u00a0\u00bb date=\u00a0\u00bbon\u00a0\u00bb categories=\u00a0\u00bbon\u00a0\u00bb comments=\u00a0\u00bbon\u00a0\u00bb featured_image=\u00a0\u00bbon\u00a0\u00bb featured_placement=\u00a0\u00bbbelow\u00a0\u00bb text_color=\u00a0\u00bbdark\u00a0\u00bb text_background=\u00a0\u00bboff\u00a0\u00bb border_style=\u00a0\u00bbsolid\u00a0\u00bb \/][et_pb_text _builder_version=\u00a0\u00bb3.0.75&Prime; text_font_size=\u00a0\u00bb16&Prime; background_layout=\u00a0\u00bblight\u00a0\u00bb border_style=\u00a0\u00bbsolid\u00a0\u00bb] Renouer le lien entre les citoyens et la sph\u00e8re m\u00e9diatique, tel est l\u2019objectif de l\u2019\u00c9ducation aux M\u00e9dias et \u00e0 l\u2019Information (EMI). Depuis 40 ans, des programmes d\u2019EMI se [&hellip;]<\/p>\n","protected":false},"author":160,"featured_media":8107,"comment_status":"closed","ping_status":"closed","sticky":false,"template":"","format":"standard","meta":[],"categories":[20,11],"tags":[1415,1413,1417,1416,959,1412,846,1414],"_links":{"self":[{"href":"http:\/\/journalismes-info.ejdg.fr\/index.php\/wp-json\/wp\/v2\/posts\/8097"}],"collection":[{"href":"http:\/\/journalismes-info.ejdg.fr\/index.php\/wp-json\/wp\/v2\/posts"}],"about":[{"href":"http:\/\/journalismes-info.ejdg.fr\/index.php\/wp-json\/wp\/v2\/types\/post"}],"author":[{"embeddable":true,"href":"http:\/\/journalismes-info.ejdg.fr\/index.php\/wp-json\/wp\/v2\/users\/160"}],"replies":[{"embeddable":true,"href":"http:\/\/journalismes-info.ejdg.fr\/index.php\/wp-json\/wp\/v2\/comments?post=8097"}],"version-history":[{"count":23,"href":"http:\/\/journalismes-info.ejdg.fr\/index.php\/wp-json\/wp\/v2\/posts\/8097\/revisions"}],"predecessor-version":[{"id":8257,"href":"http:\/\/journalismes-info.ejdg.fr\/index.php\/wp-json\/wp\/v2\/posts\/8097\/revisions\/8257"}],"wp:featuredmedia":[{"embeddable":true,"href":"http:\/\/journalismes-info.ejdg.fr\/index.php\/wp-json\/wp\/v2\/media\/8107"}],"wp:attachment":[{"href":"http:\/\/journalismes-info.ejdg.fr\/index.php\/wp-json\/wp\/v2\/media?parent=8097"}],"wp:term":[{"taxonomy":"category","embeddable":true,"href":"http:\/\/journalismes-info.ejdg.fr\/index.php\/wp-json\/wp\/v2\/categories?post=8097"},{"taxonomy":"post_tag","embeddable":true,"href":"http:\/\/journalismes-info.ejdg.fr\/index.php\/wp-json\/wp\/v2\/tags?post=8097"}],"curies":[{"name":"wp","href":"https:\/\/api.w.org\/{rel}","templated":true}]}}