{"id":7651,"date":"2021-12-14T12:23:21","date_gmt":"2021-12-14T11:23:21","guid":{"rendered":"http:\/\/journalismes-info.ejdg.fr\/?p=7651"},"modified":"2022-01-17T12:23:36","modified_gmt":"2022-01-17T11:23:36","slug":"presidentielle-les-chaines-dinformation-en-continu-accusees-de-samuser-avec-le-temps-de-parole","status":"publish","type":"post","link":"http:\/\/journalismes-info.ejdg.fr\/index.php\/2021\/12\/14\/presidentielle-les-chaines-dinformation-en-continu-accusees-de-samuser-avec-le-temps-de-parole\/","title":{"rendered":"Pr\u00e9sidentielle : les cha\u00eenes d\u2019information en continu accus\u00e9es de s\u2019amuser avec le temps de parole"},"content":{"rendered":"<p>[et_pb_section bb_built=\u00a0\u00bb1&Prime;][et_pb_row][et_pb_column type=\u00a0\u00bb4_4&Prime;][et_pb_post_title _builder_version=\u00a0\u00bb3.0.75&Prime; title=\u00a0\u00bbon\u00a0\u00bb meta=\u00a0\u00bbon\u00a0\u00bb author=\u00a0\u00bbon\u00a0\u00bb date=\u00a0\u00bbon\u00a0\u00bb categories=\u00a0\u00bbon\u00a0\u00bb comments=\u00a0\u00bbon\u00a0\u00bb featured_image=\u00a0\u00bboff\u00a0\u00bb featured_placement=\u00a0\u00bbbelow\u00a0\u00bb text_color=\u00a0\u00bbdark\u00a0\u00bb text_background=\u00a0\u00bboff\u00a0\u00bb border_style=\u00a0\u00bbsolid\u00a0\u00bb text_orientation=\u00a0\u00bbcenter\u00a0\u00bb title_font=\u00a0\u00bb||||\u00a0\u00bb title_text_color=\u00a0\u00bbrgba(0,0,0,0.91)\u00a0\u00bb \/][\/et_pb_column][\/et_pb_row][et_pb_row][et_pb_column type=\u00a0\u00bb4_4&Prime;][et_pb_text _builder_version=\u00a0\u00bb3.0.75&Prime; background_layout=\u00a0\u00bblight\u00a0\u00bb border_style=\u00a0\u00bbsolid\u00a0\u00bb text_font_size=\u00a0\u00bb16&Prime;]<\/p>\n<p><strong><a href=\"https:\/\/www.bfmtv.com\/politique\/elections\/presidentielle\/asselineau-reclame-moins-de-temps-de-parole-pour-les-candidats-dont-on-connait-tout_AV-201703200023.html\">Fran\u00e7ois Asselineau en 2017<\/a><\/strong>, <strong><a href=\"https:\/\/www.telerama.fr\/ecrans\/pluralisme-des-debats-temps-de-parole...-le-csa-est-il-loin-du-compte-6783169.php\">Yannick Jadot en 2020<\/a><\/strong> et aujourd&rsquo;hui Jean-Luc M\u00e9lenchon en 2021, les candidats \u00e0 l\u2019\u00e9lection pr\u00e9sidentielle qui reprochent certaines pratiques des cha\u00eenes d\u2019information en continu ne sont pas rares. Le candidat de la France Insoumise se plaint que ses discours et interviews soient rediffus\u00e9s tard dans la nuit. Il accuse les cha\u00eenes d\u2019info de \u00ab\u00a0jouer\u00a0\u00bb avec les r\u00e8gles du temps de parole, un discours \u00e9quivalent chez Florian Philippot, candidat des Patriotes en 2022. Selon le Conseil sup\u00e9rieur de l\u2019audiovisuel (CSA), qui veille au temps de parole dans les m\u00e9dias, cette pratique n\u2019est pas interdite. Mais si ce ph\u00e9nom\u00e8ne venait \u00e0 s\u2019amplifier, le CSA se dit pr\u00eat \u00ab\u00a0\u00e0 intervenir \u00bb, a promis son pr\u00e9sident Roch-Olivier Maistre. Quoi qu\u2019il en soit, les r\u00e8gles seront plus strictes \u00e0 partir <strong><a href=\"https:\/\/www.leparisien.fr\/culture-loisirs\/tv\/temps-de-parole-pour-la-presidentielle-les-nouvelles-regles-du-csa-21-10-2021-GYEOVU2LUFGCHPDJQ6P4UMMVWY.php\">du 1er janvier 2022<\/a><\/strong> dans la derni\u00e8re ligne droite de l\u2019\u00e9lection pr\u00e9sidentielle.<\/p>\n<p>L\u00e9gende et cr\u00e9dit photo: Jean-Luc M\u00e9lenchon d\u00e9nonce la diffusion tard la nuit de ses discours. Fernanda LeMarie<\/p>\n<p>[\/et_pb_text][\/et_pb_column][\/et_pb_row][\/et_pb_section]<\/p>\n","protected":false},"excerpt":{"rendered":"<p>[et_pb_section bb_built=\u00a0\u00bb1&Prime;][et_pb_row][et_pb_column type=\u00a0\u00bb4_4&Prime;][et_pb_post_title _builder_version=\u00a0\u00bb3.0.75&Prime; title=\u00a0\u00bbon\u00a0\u00bb meta=\u00a0\u00bbon\u00a0\u00bb author=\u00a0\u00bbon\u00a0\u00bb date=\u00a0\u00bbon\u00a0\u00bb categories=\u00a0\u00bbon\u00a0\u00bb comments=\u00a0\u00bbon\u00a0\u00bb featured_image=\u00a0\u00bboff\u00a0\u00bb featured_placement=\u00a0\u00bbbelow\u00a0\u00bb text_color=\u00a0\u00bbdark\u00a0\u00bb text_background=\u00a0\u00bboff\u00a0\u00bb border_style=\u00a0\u00bbsolid\u00a0\u00bb text_orientation=\u00a0\u00bbcenter\u00a0\u00bb title_font=\u00a0\u00bb||||\u00a0\u00bb title_text_color=\u00a0\u00bbrgba(0,0,0,0.91)\u00a0\u00bb \/][\/et_pb_column][\/et_pb_row][et_pb_row][et_pb_column type=\u00a0\u00bb4_4&Prime;][et_pb_text _builder_version=\u00a0\u00bb3.0.75&Prime; background_layout=\u00a0\u00bblight\u00a0\u00bb border_style=\u00a0\u00bbsolid\u00a0\u00bb text_font_size=\u00a0\u00bb16&Prime;] Fran\u00e7ois Asselineau en 2017, Yannick Jadot en 2020 et aujourd&rsquo;hui Jean-Luc M\u00e9lenchon en 2021, les candidats \u00e0 l\u2019\u00e9lection pr\u00e9sidentielle qui reprochent certaines pratiques des cha\u00eenes d\u2019information en continu ne sont pas [&hellip;]<\/p>\n","protected":false},"author":159,"featured_media":7652,"comment_status":"closed","ping_status":"closed","sticky":false,"template":"","format":"standard","meta":[],"categories":[2],"tags":[1220,597,1358],"_links":{"self":[{"href":"http:\/\/journalismes-info.ejdg.fr\/index.php\/wp-json\/wp\/v2\/posts\/7651"}],"collection":[{"href":"http:\/\/journalismes-info.ejdg.fr\/index.php\/wp-json\/wp\/v2\/posts"}],"about":[{"href":"http:\/\/journalismes-info.ejdg.fr\/index.php\/wp-json\/wp\/v2\/types\/post"}],"author":[{"embeddable":true,"href":"http:\/\/journalismes-info.ejdg.fr\/index.php\/wp-json\/wp\/v2\/users\/159"}],"replies":[{"embeddable":true,"href":"http:\/\/journalismes-info.ejdg.fr\/index.php\/wp-json\/wp\/v2\/comments?post=7651"}],"version-history":[{"count":3,"href":"http:\/\/journalismes-info.ejdg.fr\/index.php\/wp-json\/wp\/v2\/posts\/7651\/revisions"}],"predecessor-version":[{"id":8069,"href":"http:\/\/journalismes-info.ejdg.fr\/index.php\/wp-json\/wp\/v2\/posts\/7651\/revisions\/8069"}],"wp:featuredmedia":[{"embeddable":true,"href":"http:\/\/journalismes-info.ejdg.fr\/index.php\/wp-json\/wp\/v2\/media\/7652"}],"wp:attachment":[{"href":"http:\/\/journalismes-info.ejdg.fr\/index.php\/wp-json\/wp\/v2\/media?parent=7651"}],"wp:term":[{"taxonomy":"category","embeddable":true,"href":"http:\/\/journalismes-info.ejdg.fr\/index.php\/wp-json\/wp\/v2\/categories?post=7651"},{"taxonomy":"post_tag","embeddable":true,"href":"http:\/\/journalismes-info.ejdg.fr\/index.php\/wp-json\/wp\/v2\/tags?post=7651"}],"curies":[{"name":"wp","href":"https:\/\/api.w.org\/{rel}","templated":true}]}}