{"id":7649,"date":"2021-12-14T15:50:18","date_gmt":"2021-12-14T14:50:18","guid":{"rendered":"http:\/\/journalismes-info.ejdg.fr\/?p=7649"},"modified":"2022-01-12T15:53:39","modified_gmt":"2022-01-12T14:53:39","slug":"20-minutes-saventure-dans-les-nft","status":"publish","type":"post","link":"http:\/\/journalismes-info.ejdg.fr\/index.php\/2021\/12\/14\/20-minutes-saventure-dans-les-nft\/","title":{"rendered":"20 minutes s&rsquo;aventure dans les NFT"},"content":{"rendered":"<p>[et_pb_section bb_built=\u00a0\u00bb1&Prime;][et_pb_row][et_pb_column type=\u00a0\u00bb4_4&Prime;][et_pb_post_title _builder_version=\u00a0\u00bb3.0.75&Prime; title=\u00a0\u00bbon\u00a0\u00bb meta=\u00a0\u00bbon\u00a0\u00bb author=\u00a0\u00bbon\u00a0\u00bb date=\u00a0\u00bbon\u00a0\u00bb categories=\u00a0\u00bbon\u00a0\u00bb comments=\u00a0\u00bbon\u00a0\u00bb featured_image=\u00a0\u00bboff\u00a0\u00bb featured_placement=\u00a0\u00bbbelow\u00a0\u00bb text_color=\u00a0\u00bbdark\u00a0\u00bb text_background=\u00a0\u00bboff\u00a0\u00bb border_style=\u00a0\u00bbsolid\u00a0\u00bb text_orientation=\u00a0\u00bbcenter\u00a0\u00bb title_font=\u00a0\u00bb||||\u00a0\u00bb title_text_color=\u00a0\u00bbrgba(0,0,0,0.91)\u00a0\u00bb \/][\/et_pb_column][\/et_pb_row][et_pb_row][et_pb_column type=\u00a0\u00bb4_4&Prime;][et_pb_text _builder_version=\u00a0\u00bb3.0.75&Prime; background_layout=\u00a0\u00bblight\u00a0\u00bb border_style=\u00a0\u00bbsolid\u00a0\u00bb text_font_size=\u00a0\u00bb16&Prime;]<\/p>\n<p>C\u2019est une premi\u00e8re pour un m\u00e9dia fran\u00e7ais, le 19 octobre 2021, le quotidien gratuit <em>20 minutes<\/em> a vendu aux ench\u00e8res son suppl\u00e9ment num\u00e9rique sp\u00e9cial\u00a0<em>\u00ab\u00a0les folles ann\u00e9es 2020\u00a0\u00bb<\/em> sous la forme d&rsquo;un NFT. La vente s\u2019est d\u00e9roul\u00e9e <strong><a href=\"https:\/\/www.piasa.fr\/fr\/auctions\/nft-20-minutes\">sur la plateforme Piasa<\/a><\/strong> et les PDF du suppl\u00e9ment ont \u00e9t\u00e9 vendus pour la somme de 3000 \u20ac. Quelques pr\u00e9cisions s\u2019imposent sur cette nouvelle technologie appel\u00e9e NFT ou jeton non-fongible en fran\u00e7ais. <strong><a href=\"https:\/\/www.franceculture.fr\/emissions\/la-question-du-jour\/que-sont-les-nft-ces-oeuvres-numeriques-qui-bouleversent-le-monde-de-lart\">Ces jetons repr\u00e9sentent une \u0153uvre num\u00e9rique <\/a><\/strong>et permettent \u00e0 l\u2019auteur de vendre un objet et de transmettre la propri\u00e9t\u00e9. Cette nouvelle technologie est principalement utilis\u00e9e dans le domaine de l\u2019art. La journaliste Laure Beaudonnet s\u2019est lanc\u00e9e la mission de vendre un article de sa r\u00e9daction sous cette forme. <strong><a href=\"https:\/\/www.20minutes.fr\/arts-stars\/culture\/3079459-20210910-si-vendait-exemplaire-20-minutes-transforme-nft-encheres-piasa\">Au cours de six articles, <\/a><\/strong>elle revient sur comment lui est venue l\u2019id\u00e9e puis comment le NFT est cr\u00e9\u00e9 et vendu. Elle explique \u00e9galement tous les probl\u00e8mes qui s\u2019articulent autour de la question de la vente aux ench\u00e8res d\u2019un article de presse comme notamment les droits d\u2019auteur et qui est le b\u00e9n\u00e9ficiaire du r\u00e9sultat de la vente. C\u2019est finalement les Fonds de s\u00e9curit\u00e9 de la F\u00e9d\u00e9ration internationale des journalistes qui r\u00e9coltent le fruit de l\u2019ench\u00e8re, et l\u2019acheteur est d\u00e9sormais propri\u00e9taire de l\u2019\u0153uvre originale.\u00a0 Il s&rsquo;agit d&rsquo;une vente d\u2019article assez atypique en France, dont seul l\u2019avenir pourra nous dire si cela se reproduira.<\/p>\n<p>L\u00e9gende et cr\u00e9dit photo : Les NFT, une nouvelle technologie permettant de chiffrer et de s\u00e9curiser des transactions financi\u00e8res \u00e0 travers le r\u00e9seau Internet.\u00a0Pikisuperstar.<\/p>\n<p>[\/et_pb_text][\/et_pb_column][\/et_pb_row][\/et_pb_section]<\/p>\n","protected":false},"excerpt":{"rendered":"<p>[et_pb_section bb_built=\u00a0\u00bb1&Prime;][et_pb_row][et_pb_column type=\u00a0\u00bb4_4&Prime;][et_pb_post_title _builder_version=\u00a0\u00bb3.0.75&Prime; title=\u00a0\u00bbon\u00a0\u00bb meta=\u00a0\u00bbon\u00a0\u00bb author=\u00a0\u00bbon\u00a0\u00bb date=\u00a0\u00bbon\u00a0\u00bb categories=\u00a0\u00bbon\u00a0\u00bb comments=\u00a0\u00bbon\u00a0\u00bb featured_image=\u00a0\u00bboff\u00a0\u00bb featured_placement=\u00a0\u00bbbelow\u00a0\u00bb text_color=\u00a0\u00bbdark\u00a0\u00bb text_background=\u00a0\u00bboff\u00a0\u00bb border_style=\u00a0\u00bbsolid\u00a0\u00bb text_orientation=\u00a0\u00bbcenter\u00a0\u00bb title_font=\u00a0\u00bb||||\u00a0\u00bb title_text_color=\u00a0\u00bbrgba(0,0,0,0.91)\u00a0\u00bb \/][\/et_pb_column][\/et_pb_row][et_pb_row][et_pb_column type=\u00a0\u00bb4_4&Prime;][et_pb_text _builder_version=\u00a0\u00bb3.0.75&Prime; background_layout=\u00a0\u00bblight\u00a0\u00bb border_style=\u00a0\u00bbsolid\u00a0\u00bb text_font_size=\u00a0\u00bb16&Prime;] C\u2019est une premi\u00e8re pour un m\u00e9dia fran\u00e7ais, le 19 octobre 2021, le quotidien gratuit 20 minutes a vendu aux ench\u00e8res son suppl\u00e9ment num\u00e9rique sp\u00e9cial\u00a0\u00ab\u00a0les folles ann\u00e9es 2020\u00a0\u00bb sous la forme d&rsquo;un [&hellip;]<\/p>\n","protected":false},"author":186,"featured_media":7674,"comment_status":"closed","ping_status":"closed","sticky":false,"template":"","format":"standard","meta":[],"categories":[2],"tags":[1102,993,1359,1360],"_links":{"self":[{"href":"http:\/\/journalismes-info.ejdg.fr\/index.php\/wp-json\/wp\/v2\/posts\/7649"}],"collection":[{"href":"http:\/\/journalismes-info.ejdg.fr\/index.php\/wp-json\/wp\/v2\/posts"}],"about":[{"href":"http:\/\/journalismes-info.ejdg.fr\/index.php\/wp-json\/wp\/v2\/types\/post"}],"author":[{"embeddable":true,"href":"http:\/\/journalismes-info.ejdg.fr\/index.php\/wp-json\/wp\/v2\/users\/186"}],"replies":[{"embeddable":true,"href":"http:\/\/journalismes-info.ejdg.fr\/index.php\/wp-json\/wp\/v2\/comments?post=7649"}],"version-history":[{"count":5,"href":"http:\/\/journalismes-info.ejdg.fr\/index.php\/wp-json\/wp\/v2\/posts\/7649\/revisions"}],"predecessor-version":[{"id":8061,"href":"http:\/\/journalismes-info.ejdg.fr\/index.php\/wp-json\/wp\/v2\/posts\/7649\/revisions\/8061"}],"wp:featuredmedia":[{"embeddable":true,"href":"http:\/\/journalismes-info.ejdg.fr\/index.php\/wp-json\/wp\/v2\/media\/7674"}],"wp:attachment":[{"href":"http:\/\/journalismes-info.ejdg.fr\/index.php\/wp-json\/wp\/v2\/media?parent=7649"}],"wp:term":[{"taxonomy":"category","embeddable":true,"href":"http:\/\/journalismes-info.ejdg.fr\/index.php\/wp-json\/wp\/v2\/categories?post=7649"},{"taxonomy":"post_tag","embeddable":true,"href":"http:\/\/journalismes-info.ejdg.fr\/index.php\/wp-json\/wp\/v2\/tags?post=7649"}],"curies":[{"name":"wp","href":"https:\/\/api.w.org\/{rel}","templated":true}]}}