{"id":7583,"date":"2021-12-05T14:37:07","date_gmt":"2021-12-05T13:37:07","guid":{"rendered":"http:\/\/journalismes-info.ejdg.fr\/?p=7583"},"modified":"2022-01-17T14:37:27","modified_gmt":"2022-01-17T13:37:27","slug":"fin-de-la-greve-a-france-24-de-grandes-avancees-obtenues","status":"publish","type":"post","link":"http:\/\/journalismes-info.ejdg.fr\/index.php\/2021\/12\/05\/fin-de-la-greve-a-france-24-de-grandes-avancees-obtenues\/","title":{"rendered":"Fin de la gr\u00e8ve \u00e0 France 24 : De \u00ab\u00a0grandes avanc\u00e9es\u00a0\u00bb obtenues"},"content":{"rendered":"<p>[et_pb_section bb_built=\u00a0\u00bb1&Prime;][et_pb_row][et_pb_column type=\u00a0\u00bb4_4&Prime;][et_pb_post_title _builder_version=\u00a0\u00bb3.0.75&Prime; title=\u00a0\u00bbon\u00a0\u00bb meta=\u00a0\u00bbon\u00a0\u00bb author=\u00a0\u00bbon\u00a0\u00bb date=\u00a0\u00bbon\u00a0\u00bb categories=\u00a0\u00bbon\u00a0\u00bb comments=\u00a0\u00bbon\u00a0\u00bb featured_image=\u00a0\u00bboff\u00a0\u00bb featured_placement=\u00a0\u00bbbelow\u00a0\u00bb text_color=\u00a0\u00bbdark\u00a0\u00bb text_background=\u00a0\u00bboff\u00a0\u00bb border_style=\u00a0\u00bbsolid\u00a0\u00bb text_orientation=\u00a0\u00bbcenter\u00a0\u00bb title_font=\u00a0\u00bb||||\u00a0\u00bb title_text_color=\u00a0\u00bbrgba(0,0,0,0.91)\u00a0\u00bb \/][\/et_pb_column][\/et_pb_row][et_pb_row][et_pb_column type=\u00a0\u00bb4_4&Prime;][et_pb_text _builder_version=\u00a0\u00bb3.0.75&Prime; background_layout=\u00a0\u00bblight\u00a0\u00bb border_style=\u00a0\u00bbsolid\u00a0\u00bb text_font_size=\u00a0\u00bb16&Prime;]<\/p>\n<p>Fin de la gr\u00e8ve chez France 24 ! Le mouvement d\u2019une partie du personnel de la chaine de t\u00e9l\u00e9vision d\u2019information internationale France 24, d\u00e9but\u00e9 le jeudi 18 novembre 2021,<a href=\"https:\/\/www.lemonde.fr\/economie\/article\/2021\/11\/24\/la-chaine-d-information-internationale-france-24-suspend-sa-greve_6103383_3234.html\"><strong> a \u00e9t\u00e9 suspendu le mardi 23 novembre<\/strong><\/a>. C\u2019est le compte Twitter<strong> <a href=\"https:\/\/twitter.com\/F24Solidaires\">F24 Solidaires<\/a> <\/strong>qui l\u2019a annonc\u00e9 en tweetant que \u00ab <em>Seulement 13,9\u00a0% des salari\u00e9s r\u00e9unis en assembl\u00e9e g\u00e9n\u00e9rale ce mardi ont souhait\u00e9 poursuivre la gr\u00e8ve. La gr\u00e8ve est donc suspendue\u2026<\/em>\u00a0\u00bb. D\u2019apr\u00e8s F24 solidaires, le mouvement a permis d\u2019obtenir de \u00ab\u00a0grandes avanc\u00e9es\u00a0\u00bb, notamment l\u2019embauche en contrat \u00e0 dur\u00e9e ind\u00e9termin\u00e9e (CDI) de 50 pigistes. <em>Le Monde<\/em> pr\u00e9cise qu\u2019ils seront titularis\u00e9s d\u2019ici fin 2023, dont une trentaine d\u00e8s 2022.\u00a0<a href=\"https:\/\/twitter.com\/antoinemariotti\"><strong>Antoine Mariotti<\/strong><\/a>, journaliste pour France 24 depuis 2010 et membre de la d\u00e9l\u00e9gation mandat\u00e9e pour n\u00e9gocier avec la direction et les syndicats, a tout de m\u00eame pr\u00e9cis\u00e9 que les gr\u00e9vistes resteraient \u00ab<em>\u00a0attentifs \u00e0 ce que tout avance et progresse dans le bon sens dans les mois qui viennent\u00a0<\/em>\u00bb. Ils n\u2019excluent pas la possibilit\u00e9 d\u2019une nouvelle gr\u00e8ve. D\u2019apr\u00e8s <a href=\"https:\/\/www.la-croix.com\/Economie\/raisons-greve-France-24-2021-11-18-1201185911\"><em><strong>La Croix<\/strong><\/em><\/a><strong>,<\/strong> cette gr\u00e8ve faisait suite \u00e0 un ras-le-bol g\u00e9n\u00e9ral exprim\u00e9 par une centaine de salari\u00e9s qui d\u00e9noncent depuis longtemps le \u00ab\u00a0malaise\u00a0\u00bb ressenti au sein de la cha\u00eene. Plusieurs semaines de contestation sociale s\u2019\u00e9taient d\u2019abord sold\u00e9es par le vote le 6 novembre 2021 d\u2019une <strong><a href=\"https:\/\/www.telerama.fr\/ecrans\/france-24-est-une-marmite-prete-a-exploser-les-raisons-dune-crise-interne-7004595.php\">motion de censure \u00e0 l\u2019encontre de sept membres de la direction<\/a><\/strong>. Elle d\u00e9non\u00e7ait \u00ab <strong><a href=\"https:\/\/www.la-croix.com\/Economie\/raisons-greve-France-24-2021-11-18-1201185911\"><em>une profonde d\u00e9gradation des conditions de travail au sein de la r\u00e9daction<\/em> <\/a><\/strong>\u00bb. Les salari\u00e9s protestaient contre l\u2019organisation de la charge de travail, les m\u00e9thodes de management jug\u00e9e d\u00e9courageantes et le manque de moyens.<\/p>\n<p>&nbsp;<\/p>\n<p>L\u00e9gende et cr\u00e9dits photo : La gr\u00e8ve d&rsquo;une partie du personnel de France 24 avait d\u00e9but\u00e9e le jeudi 18 novembre 2021.\u00a0IStock, City Presse.<\/p>\n<p>[\/et_pb_text][\/et_pb_column][\/et_pb_row][\/et_pb_section]<\/p>\n","protected":false},"excerpt":{"rendered":"<p>[et_pb_section bb_built=\u00a0\u00bb1&Prime;][et_pb_row][et_pb_column type=\u00a0\u00bb4_4&Prime;][et_pb_post_title _builder_version=\u00a0\u00bb3.0.75&Prime; title=\u00a0\u00bbon\u00a0\u00bb meta=\u00a0\u00bbon\u00a0\u00bb author=\u00a0\u00bbon\u00a0\u00bb date=\u00a0\u00bbon\u00a0\u00bb categories=\u00a0\u00bbon\u00a0\u00bb comments=\u00a0\u00bbon\u00a0\u00bb featured_image=\u00a0\u00bboff\u00a0\u00bb featured_placement=\u00a0\u00bbbelow\u00a0\u00bb text_color=\u00a0\u00bbdark\u00a0\u00bb text_background=\u00a0\u00bboff\u00a0\u00bb border_style=\u00a0\u00bbsolid\u00a0\u00bb text_orientation=\u00a0\u00bbcenter\u00a0\u00bb title_font=\u00a0\u00bb||||\u00a0\u00bb title_text_color=\u00a0\u00bbrgba(0,0,0,0.91)\u00a0\u00bb \/][\/et_pb_column][\/et_pb_row][et_pb_row][et_pb_column type=\u00a0\u00bb4_4&Prime;][et_pb_text _builder_version=\u00a0\u00bb3.0.75&Prime; background_layout=\u00a0\u00bblight\u00a0\u00bb border_style=\u00a0\u00bbsolid\u00a0\u00bb text_font_size=\u00a0\u00bb16&Prime;] Fin de la gr\u00e8ve chez France 24 ! Le mouvement d\u2019une partie du personnel de la chaine de t\u00e9l\u00e9vision d\u2019information internationale France 24, d\u00e9but\u00e9 le jeudi 18 novembre 2021, a \u00e9t\u00e9 [&hellip;]<\/p>\n","protected":false},"author":164,"featured_media":7587,"comment_status":"closed","ping_status":"closed","sticky":false,"template":"","format":"standard","meta":[],"categories":[2],"tags":[1341,1054,426,27,230],"_links":{"self":[{"href":"http:\/\/journalismes-info.ejdg.fr\/index.php\/wp-json\/wp\/v2\/posts\/7583"}],"collection":[{"href":"http:\/\/journalismes-info.ejdg.fr\/index.php\/wp-json\/wp\/v2\/posts"}],"about":[{"href":"http:\/\/journalismes-info.ejdg.fr\/index.php\/wp-json\/wp\/v2\/types\/post"}],"author":[{"embeddable":true,"href":"http:\/\/journalismes-info.ejdg.fr\/index.php\/wp-json\/wp\/v2\/users\/164"}],"replies":[{"embeddable":true,"href":"http:\/\/journalismes-info.ejdg.fr\/index.php\/wp-json\/wp\/v2\/comments?post=7583"}],"version-history":[{"count":7,"href":"http:\/\/journalismes-info.ejdg.fr\/index.php\/wp-json\/wp\/v2\/posts\/7583\/revisions"}],"predecessor-version":[{"id":8078,"href":"http:\/\/journalismes-info.ejdg.fr\/index.php\/wp-json\/wp\/v2\/posts\/7583\/revisions\/8078"}],"wp:featuredmedia":[{"embeddable":true,"href":"http:\/\/journalismes-info.ejdg.fr\/index.php\/wp-json\/wp\/v2\/media\/7587"}],"wp:attachment":[{"href":"http:\/\/journalismes-info.ejdg.fr\/index.php\/wp-json\/wp\/v2\/media?parent=7583"}],"wp:term":[{"taxonomy":"category","embeddable":true,"href":"http:\/\/journalismes-info.ejdg.fr\/index.php\/wp-json\/wp\/v2\/categories?post=7583"},{"taxonomy":"post_tag","embeddable":true,"href":"http:\/\/journalismes-info.ejdg.fr\/index.php\/wp-json\/wp\/v2\/tags?post=7583"}],"curies":[{"name":"wp","href":"https:\/\/api.w.org\/{rel}","templated":true}]}}