{"id":7501,"date":"2021-12-02T15:03:49","date_gmt":"2021-12-02T14:03:49","guid":{"rendered":"http:\/\/journalismes-info.ejdg.fr\/?p=7501"},"modified":"2021-12-02T15:03:49","modified_gmt":"2021-12-02T14:03:49","slug":"lafp-et-google-signent-un-accord-au-titre-des-droits-voisins","status":"publish","type":"post","link":"http:\/\/journalismes-info.ejdg.fr\/index.php\/2021\/12\/02\/lafp-et-google-signent-un-accord-au-titre-des-droits-voisins\/","title":{"rendered":"L\u2019AFP et Google signent un accord au titre des \u00ab droits voisins \u00bb"},"content":{"rendered":"<p>[et_pb_section bb_built=\u00a0\u00bb1&Prime;][et_pb_row][et_pb_column type=\u00a0\u00bb4_4&Prime;][et_pb_post_title _builder_version=\u00a0\u00bb3.0.75&Prime; title=\u00a0\u00bbon\u00a0\u00bb meta=\u00a0\u00bbon\u00a0\u00bb author=\u00a0\u00bbon\u00a0\u00bb date=\u00a0\u00bbon\u00a0\u00bb categories=\u00a0\u00bbon\u00a0\u00bb comments=\u00a0\u00bbon\u00a0\u00bb featured_image=\u00a0\u00bboff\u00a0\u00bb featured_placement=\u00a0\u00bbbelow\u00a0\u00bb text_color=\u00a0\u00bbdark\u00a0\u00bb text_background=\u00a0\u00bboff\u00a0\u00bb border_style=\u00a0\u00bbsolid\u00a0\u00bb text_orientation=\u00a0\u00bbcenter\u00a0\u00bb title_font=\u00a0\u00bb||||\u00a0\u00bb title_text_color=\u00a0\u00bbrgba(0,0,0,0.91)\u00a0\u00bb \/][\/et_pb_column][\/et_pb_row][et_pb_row][et_pb_column type=\u00a0\u00bb4_4&Prime;][et_pb_text _builder_version=\u00a0\u00bb3.0.75&Prime; background_layout=\u00a0\u00bblight\u00a0\u00bb border_style=\u00a0\u00bbsolid\u00a0\u00bb text_font_size=\u00a0\u00bb16&Prime;]<\/p>\n<p>Ce 17 novembre 2021, l\u2019<em>Agence France Presse<\/em> (<em>AFP<\/em>) a <strong><a href=\"https:\/\/www.afp.com\/fr\/lagence\/communiques-de-presse\/lagence-france-presse-et-google-signent-un-accord-sur-les-droits-voisins\">annonc\u00e9 dans un communiqu\u00e9<\/a><\/strong> avoir trouv\u00e9 un accord avec Google sur les droits voisins. Il s\u2019agit, \u00e0 l\u2019origine, d\u2019une directive europ\u00e9enne pour aider les organes de presse \u00e0 se faire r\u00e9mun\u00e9rer lorsque leur contenu publi\u00e9 est partag\u00e9 sur Internet. La France avait \u00e9t\u00e9 le <strong><a href=\"https:\/\/www.lemonde.fr\/economie\/article\/2021\/11\/18\/droits-voisins-google-va-payer-l-agence-france-presse-pendant-cinq-ans-pour-utiliser-ses-contenus-en-ligne_6102476_3234.html\">premier pays \u00e0 transposer cette norme europ\u00e9enne dans son droit national<\/a><\/strong>. Cet accord entre l\u2019agence de presse et le g\u00e9ant d\u2019Internet constitue donc une premi\u00e8re application de cette loi, apr\u00e8s une lutte entam\u00e9 en 2019. Le 13 juillet 2021, <strong><a href=\"https:\/\/www.lefigaro.fr\/medias\/droits-voisins-google-signe-avec-l-afp-20211117\">l\u2019Autorit\u00e9 de la concurrence avait inflig\u00e9 \u00e0 Google une amende de 500 millions d\u2019euros<\/a><\/strong> pour ne pas avoir n\u00e9goci\u00e9, \u00ab de bonne foi \u00bb, l\u2019application de ces droits voisins avec les diff\u00e9rents organes de presse fran\u00e7ais. La hache de guerre semble donc enterr\u00e9e, au moins temporairement, avec cette signature. \u00ab Apr\u00e8s le temps des combats, puis le temps du dialogue, le temps de l&rsquo;accord est enfin venu \u00bb, ont ainsi r\u00e9sum\u00e9 Fabrice Fries, PDG de l\u2019<em>AFP<\/em>, et S\u00e9bastien Missoffe, directeur g\u00e9n\u00e9ral de Google France. Le contrat vient donc d\u2019\u00eatre sign\u00e9 pour une dur\u00e9e de cinq ans. Et le partenariat entre ces deux parties devrait se poursuivre puisqu\u2019un programme commun de lutte contre la d\u00e9sinformation devrait voir le jour prochainement.<\/p>\n<p>&nbsp;<\/p>\n<p>L\u00e9gende et cr\u00e9dits photo : La signature d&rsquo;un tel accord constitue une premi\u00e8re historique en France. Unsplash,\u00a0@cytonn_photography.<\/p>\n<p>[\/et_pb_text][\/et_pb_column][\/et_pb_row][\/et_pb_section]<\/p>\n","protected":false},"excerpt":{"rendered":"<p>[et_pb_section bb_built=\u00a0\u00bb1&Prime;][et_pb_row][et_pb_column type=\u00a0\u00bb4_4&Prime;][et_pb_post_title _builder_version=\u00a0\u00bb3.0.75&Prime; title=\u00a0\u00bbon\u00a0\u00bb meta=\u00a0\u00bbon\u00a0\u00bb author=\u00a0\u00bbon\u00a0\u00bb date=\u00a0\u00bbon\u00a0\u00bb categories=\u00a0\u00bbon\u00a0\u00bb comments=\u00a0\u00bbon\u00a0\u00bb featured_image=\u00a0\u00bboff\u00a0\u00bb featured_placement=\u00a0\u00bbbelow\u00a0\u00bb text_color=\u00a0\u00bbdark\u00a0\u00bb text_background=\u00a0\u00bboff\u00a0\u00bb border_style=\u00a0\u00bbsolid\u00a0\u00bb text_orientation=\u00a0\u00bbcenter\u00a0\u00bb title_font=\u00a0\u00bb||||\u00a0\u00bb title_text_color=\u00a0\u00bbrgba(0,0,0,0.91)\u00a0\u00bb \/][\/et_pb_column][\/et_pb_row][et_pb_row][et_pb_column type=\u00a0\u00bb4_4&Prime;][et_pb_text _builder_version=\u00a0\u00bb3.0.75&Prime; background_layout=\u00a0\u00bblight\u00a0\u00bb border_style=\u00a0\u00bbsolid\u00a0\u00bb text_font_size=\u00a0\u00bb16&Prime;] Ce 17 novembre 2021, l\u2019Agence France Presse (AFP) a annonc\u00e9 dans un communiqu\u00e9 avoir trouv\u00e9 un accord avec Google sur les droits voisins. Il s\u2019agit, \u00e0 l\u2019origine, d\u2019une directive europ\u00e9enne pour [&hellip;]<\/p>\n","protected":false},"author":173,"featured_media":7507,"comment_status":"closed","ping_status":"closed","sticky":false,"template":"","format":"standard","meta":[],"categories":[2],"tags":[733,51,604],"_links":{"self":[{"href":"http:\/\/journalismes-info.ejdg.fr\/index.php\/wp-json\/wp\/v2\/posts\/7501"}],"collection":[{"href":"http:\/\/journalismes-info.ejdg.fr\/index.php\/wp-json\/wp\/v2\/posts"}],"about":[{"href":"http:\/\/journalismes-info.ejdg.fr\/index.php\/wp-json\/wp\/v2\/types\/post"}],"author":[{"embeddable":true,"href":"http:\/\/journalismes-info.ejdg.fr\/index.php\/wp-json\/wp\/v2\/users\/173"}],"replies":[{"embeddable":true,"href":"http:\/\/journalismes-info.ejdg.fr\/index.php\/wp-json\/wp\/v2\/comments?post=7501"}],"version-history":[{"count":3,"href":"http:\/\/journalismes-info.ejdg.fr\/index.php\/wp-json\/wp\/v2\/posts\/7501\/revisions"}],"predecessor-version":[{"id":7509,"href":"http:\/\/journalismes-info.ejdg.fr\/index.php\/wp-json\/wp\/v2\/posts\/7501\/revisions\/7509"}],"wp:featuredmedia":[{"embeddable":true,"href":"http:\/\/journalismes-info.ejdg.fr\/index.php\/wp-json\/wp\/v2\/media\/7507"}],"wp:attachment":[{"href":"http:\/\/journalismes-info.ejdg.fr\/index.php\/wp-json\/wp\/v2\/media?parent=7501"}],"wp:term":[{"taxonomy":"category","embeddable":true,"href":"http:\/\/journalismes-info.ejdg.fr\/index.php\/wp-json\/wp\/v2\/categories?post=7501"},{"taxonomy":"post_tag","embeddable":true,"href":"http:\/\/journalismes-info.ejdg.fr\/index.php\/wp-json\/wp\/v2\/tags?post=7501"}],"curies":[{"name":"wp","href":"https:\/\/api.w.org\/{rel}","templated":true}]}}