{"id":7417,"date":"2021-11-23T13:02:00","date_gmt":"2021-11-23T12:02:00","guid":{"rendered":"http:\/\/journalismes-info.ejdg.fr\/?p=7417"},"modified":"2022-01-05T13:05:29","modified_gmt":"2022-01-05T12:05:29","slug":"prisma-media-renonce-au-support-papier-de-son-magazine-neon","status":"publish","type":"post","link":"http:\/\/journalismes-info.ejdg.fr\/index.php\/2021\/11\/23\/prisma-media-renonce-au-support-papier-de-son-magazine-neon\/","title":{"rendered":"Prisma M\u00e9dia renonce au support papier de son magazine N\u00e9on"},"content":{"rendered":"<p>[et_pb_section bb_built=\u00a0\u00bb1&Prime;][et_pb_row][et_pb_column type=\u00a0\u00bb4_4&Prime;][et_pb_post_title _builder_version=\u00a0\u00bb3.0.75&Prime; title=\u00a0\u00bbon\u00a0\u00bb meta=\u00a0\u00bbon\u00a0\u00bb author=\u00a0\u00bbon\u00a0\u00bb date=\u00a0\u00bbon\u00a0\u00bb categories=\u00a0\u00bbon\u00a0\u00bb comments=\u00a0\u00bbon\u00a0\u00bb featured_image=\u00a0\u00bboff\u00a0\u00bb featured_placement=\u00a0\u00bbbelow\u00a0\u00bb text_color=\u00a0\u00bbdark\u00a0\u00bb text_background=\u00a0\u00bboff\u00a0\u00bb border_style=\u00a0\u00bbsolid\u00a0\u00bb text_orientation=\u00a0\u00bbcenter\u00a0\u00bb title_font=\u00a0\u00bb||||\u00a0\u00bb title_text_color=\u00a0\u00bbrgba(0,0,0,0.91)\u00a0\u00bb \/][\/et_pb_column][\/et_pb_row][et_pb_row][et_pb_column type=\u00a0\u00bb4_4&Prime;][et_pb_text _builder_version=\u00a0\u00bb3.0.75&Prime; background_layout=\u00a0\u00bblight\u00a0\u00bb border_style=\u00a0\u00bbsolid\u00a0\u00bb text_font_size=\u00a0\u00bb16&Prime;]<\/p>\n<p>Dites adieu au magazine <strong><a href=\"https:\/\/www.neonmag.fr\/\"><em>N\u00e9on<\/em><\/a><\/strong>, qui publiera le 8 d\u00e9cembre 2021 la version papier de son 85<sup>\u00e8me<\/sup> et dernier num\u00e9ro, selon les informations de <a href=\"https:\/\/www.lalettrea.fr\/medias_presse-ecrite\/2021\/11\/22\/vivendi-entame-la-transformation-de-prisma-media,109706290-art\"><strong><em>La Lettre A<\/em><\/strong><\/a>. Une d\u00e9cision prise par le groupe <a href=\"https:\/\/www.prismamedia.com\/\"><strong><em>Prisma M\u00e9dia<\/em><\/strong><\/a>, \u00e0 laquelle s\u2019ajoutent celles d\u2019imprimer le magazine mensuel <em>Management<\/em> en bimestriel et de supprimer le site <em>Business Insider<\/em>, lanc\u00e9 en 2016. Le premier groupe de presse magazine, r\u00e9unissant <em>Capital<\/em>, <em>Voici<\/em>, <em>T\u00e9l\u00e9 Loisirs<\/em>, <em>National Geographic <\/em>ou encore <em>Femme Actuelle, <\/em>a \u00e9t\u00e9 rachet\u00e9 par le groupe <a href=\"https:\/\/www.vivendi.com\/\"><strong><em>Vivendi<\/em><\/strong><\/a> en janvier 2021 et il est pr\u00e9sid\u00e9 par Claire L\u00e9ost. Le bimestriel <em>N\u00e9on<\/em>, fond\u00e9 en 2012, continuera de s\u2019adresser aux 25-35 ans sur son site web. <em>Prisma M\u00e9dia<\/em> acc\u00e9l\u00e8re ainsi sa transition vers le num\u00e9rique, une volont\u00e9 li\u00e9e aux cons\u00e9quences li\u00e9es \u00e0 la crise sanitaire. L\u2019enjeu de la digitalisation semble avoir \u00e9t\u00e9 compris par tous les grands groupes de presse. Pour rappel, au cours des 10 derni\u00e8res ann\u00e9es, le temps que nous consacrons aux activit\u00e9s sur \u00e9cran a progress\u00e9 de plus de 20% selon <a href=\"https:\/\/www.mediametrie.fr\/fr\/transformation-des-usages-medias\"><strong><em>M\u00e9diam\u00e9trie<\/em><\/strong><\/a>.<\/p>\n<p>&nbsp;<\/p>\n<p>&nbsp;<\/p>\n<p>L\u00e9gende et cr\u00e9dits photo : La transition num\u00e9rique des groupes de presse s&rsquo;acc\u00e9l\u00e8re. Photokozyr.<\/p>\n<p>[\/et_pb_text][\/et_pb_column][\/et_pb_row][\/et_pb_section]<\/p>\n","protected":false},"excerpt":{"rendered":"<p>[et_pb_section bb_built=\u00a0\u00bb1&Prime;][et_pb_row][et_pb_column type=\u00a0\u00bb4_4&Prime;][et_pb_post_title _builder_version=\u00a0\u00bb3.0.75&Prime; title=\u00a0\u00bbon\u00a0\u00bb meta=\u00a0\u00bbon\u00a0\u00bb author=\u00a0\u00bbon\u00a0\u00bb date=\u00a0\u00bbon\u00a0\u00bb categories=\u00a0\u00bbon\u00a0\u00bb comments=\u00a0\u00bbon\u00a0\u00bb featured_image=\u00a0\u00bboff\u00a0\u00bb featured_placement=\u00a0\u00bbbelow\u00a0\u00bb text_color=\u00a0\u00bbdark\u00a0\u00bb text_background=\u00a0\u00bboff\u00a0\u00bb border_style=\u00a0\u00bbsolid\u00a0\u00bb text_orientation=\u00a0\u00bbcenter\u00a0\u00bb title_font=\u00a0\u00bb||||\u00a0\u00bb title_text_color=\u00a0\u00bbrgba(0,0,0,0.91)\u00a0\u00bb \/][\/et_pb_column][\/et_pb_row][et_pb_row][et_pb_column type=\u00a0\u00bb4_4&Prime;][et_pb_text _builder_version=\u00a0\u00bb3.0.75&Prime; background_layout=\u00a0\u00bblight\u00a0\u00bb border_style=\u00a0\u00bbsolid\u00a0\u00bb text_font_size=\u00a0\u00bb16&Prime;] Dites adieu au magazine N\u00e9on, qui publiera le 8 d\u00e9cembre 2021 la version papier de son 85\u00e8me et dernier num\u00e9ro, selon les informations de La Lettre A. Une d\u00e9cision prise par [&hellip;]<\/p>\n","protected":false},"author":172,"featured_media":7421,"comment_status":"closed","ping_status":"closed","sticky":false,"template":"","format":"standard","meta":[],"categories":[2],"tags":[1307,128,1309,1308],"_links":{"self":[{"href":"http:\/\/journalismes-info.ejdg.fr\/index.php\/wp-json\/wp\/v2\/posts\/7417"}],"collection":[{"href":"http:\/\/journalismes-info.ejdg.fr\/index.php\/wp-json\/wp\/v2\/posts"}],"about":[{"href":"http:\/\/journalismes-info.ejdg.fr\/index.php\/wp-json\/wp\/v2\/types\/post"}],"author":[{"embeddable":true,"href":"http:\/\/journalismes-info.ejdg.fr\/index.php\/wp-json\/wp\/v2\/users\/172"}],"replies":[{"embeddable":true,"href":"http:\/\/journalismes-info.ejdg.fr\/index.php\/wp-json\/wp\/v2\/comments?post=7417"}],"version-history":[{"count":5,"href":"http:\/\/journalismes-info.ejdg.fr\/index.php\/wp-json\/wp\/v2\/posts\/7417\/revisions"}],"predecessor-version":[{"id":8030,"href":"http:\/\/journalismes-info.ejdg.fr\/index.php\/wp-json\/wp\/v2\/posts\/7417\/revisions\/8030"}],"wp:featuredmedia":[{"embeddable":true,"href":"http:\/\/journalismes-info.ejdg.fr\/index.php\/wp-json\/wp\/v2\/media\/7421"}],"wp:attachment":[{"href":"http:\/\/journalismes-info.ejdg.fr\/index.php\/wp-json\/wp\/v2\/media?parent=7417"}],"wp:term":[{"taxonomy":"category","embeddable":true,"href":"http:\/\/journalismes-info.ejdg.fr\/index.php\/wp-json\/wp\/v2\/categories?post=7417"},{"taxonomy":"post_tag","embeddable":true,"href":"http:\/\/journalismes-info.ejdg.fr\/index.php\/wp-json\/wp\/v2\/tags?post=7417"}],"curies":[{"name":"wp","href":"https:\/\/api.w.org\/{rel}","templated":true}]}}