{"id":7348,"date":"2021-11-23T21:39:38","date_gmt":"2021-11-23T20:39:38","guid":{"rendered":"http:\/\/journalismes-info.ejdg.fr\/?p=7348"},"modified":"2021-11-23T21:39:38","modified_gmt":"2021-11-23T20:39:38","slug":"crise-du-papier-la-presse-ecrite-se-fait-un-sang-dencre","status":"publish","type":"post","link":"http:\/\/journalismes-info.ejdg.fr\/index.php\/2021\/11\/23\/crise-du-papier-la-presse-ecrite-se-fait-un-sang-dencre\/","title":{"rendered":"Crise du papier : la presse \u00e9crite se fait un sang d\u2019encre"},"content":{"rendered":"<p>[et_pb_section bb_built=\u00a0\u00bb1&Prime;][et_pb_row][et_pb_column type=\u00a0\u00bb4_4&Prime;][et_pb_post_title _builder_version=\u00a0\u00bb3.0.75&Prime; title=\u00a0\u00bbon\u00a0\u00bb meta=\u00a0\u00bbon\u00a0\u00bb author=\u00a0\u00bbon\u00a0\u00bb date=\u00a0\u00bbon\u00a0\u00bb categories=\u00a0\u00bbon\u00a0\u00bb comments=\u00a0\u00bbon\u00a0\u00bb featured_image=\u00a0\u00bboff\u00a0\u00bb featured_placement=\u00a0\u00bbbelow\u00a0\u00bb text_color=\u00a0\u00bbdark\u00a0\u00bb text_background=\u00a0\u00bboff\u00a0\u00bb border_style=\u00a0\u00bbsolid\u00a0\u00bb text_orientation=\u00a0\u00bbcenter\u00a0\u00bb title_font=\u00a0\u00bb||||\u00a0\u00bb title_text_color=\u00a0\u00bbrgba(0,0,0,0.91)\u00a0\u00bb \/][\/et_pb_column][\/et_pb_row][et_pb_row][et_pb_column type=\u00a0\u00bb4_4&Prime;][et_pb_text _builder_version=\u00a0\u00bb3.0.75&Prime; background_layout=\u00a0\u00bblight\u00a0\u00bb border_style=\u00a0\u00bbsolid\u00a0\u00bb text_font_size=\u00a0\u00bb16&Prime;]<\/p>\n<p>Le march\u00e9 mondial du papier est en grande difficult\u00e9. \u00c0 l\u2019origine de <strong><a href=\"https:\/\/www.lemonde.fr\/economie\/article\/2021\/11\/02\/livres-presse-les-editeurs-confrontes-a-de-tres-fortes-tensions-sur-le-marche-du-papier_6100625_3234.html\">cette crise<\/a> <\/strong>: la pand\u00e9mie de Covid-19. Avec les confinements successifs et les restrictions impos\u00e9es, moins d\u2019arbres ont \u00e9t\u00e9 abattus en 2020. Les usines papeti\u00e8res ont donc tourn\u00e9 au ralenti ce qui a fait chuter la production de p\u00e2te \u00e0 papier, la mati\u00e8re premi\u00e8re n\u00e9cessaire pour fabriquer du papier. Alors que la tendance actuelle est \u00e0 la reprise \u00e9conomique, le secteur de la presse est sous tension depuis les mois de juin et juillet 2021 : les usines papeti\u00e8res n\u2019ayant pas anticip\u00e9 cette reprise, la demande est devenue sup\u00e9rieure \u00e0 l\u2019offre. Les groupes de presse n\u2019arrivent plus \u00e0 r\u00e9g\u00e9n\u00e9rer leur stock tandis que <a href=\"https:\/\/www.europe1.fr\/medias-tele\/la-hausse-des-prix-du-papier-inquiete-la-presse-francaise-4074768\"><strong>le prix de la tonne de papier ne cesse d\u2019augmenter<\/strong><\/a>. Or, le papier est la mati\u00e8re premi\u00e8re d\u2019un journal. Philippe Ceugniet, directeur de la production chez <em>la Voix du Nord<\/em> (groupe <em>Rossel<\/em>) t\u00e9moigne au micro de Sonia Devillers dans son \u00e9mission <strong><a href=\"https:\/\/www.franceinter.fr\/emissions\/l-instant-m\/l-instant-m-du-mercredi-10-novembre-2021\"><em>L\u2019Instant M<\/em><\/a><\/strong> :\u00a0<em>\u00ab\u00a0Hier, il nous fallait quinze jours voir trois semaines pour \u00eatre livr\u00e9. Maintenant on doit attendre trois \u00e0 quatre mois. [\u2026] Les papetiers n\u2019arrivent pas \u00e0 respecter leur contrat.\u00a0\u00bb<\/em> Face a cette crise, que peut faire la presse r\u00e9gionale, soumis \u00e0 des budgets moindres que les m\u00e9dias nationaux ? Pour Philippe Ceugniet, deux solutions peuvent \u00eatre envisag\u00e9es : augmenter le prix du journal ou imprimer des journaux avec la moiti\u00e9 de la pagination actuelle. Les journaux du groupe Rossel faisant entre 56 \u00e0 64 pages seraient donc r\u00e9duits \u00e0 32 pages imprim\u00e9es. Si la situation ne s\u2019am\u00e9liore pas, la presse craint une p\u00e9nurie de papier et donc, de ne plus pouvoir imprimer.<\/p>\n<p>&nbsp;<\/p>\n<p>L\u00e9gende et cr\u00e9dits photo : Ces rouleaux de papier dans une imprimerie serviront \u00e0 l&rsquo;impression de journaux papiers.<\/p>\n<p>[\/et_pb_text][\/et_pb_column][\/et_pb_row][\/et_pb_section]<\/p>\n","protected":false},"excerpt":{"rendered":"<p>[et_pb_section bb_built=\u00a0\u00bb1&Prime;][et_pb_row][et_pb_column type=\u00a0\u00bb4_4&Prime;][et_pb_post_title _builder_version=\u00a0\u00bb3.0.75&Prime; title=\u00a0\u00bbon\u00a0\u00bb meta=\u00a0\u00bbon\u00a0\u00bb author=\u00a0\u00bbon\u00a0\u00bb date=\u00a0\u00bbon\u00a0\u00bb categories=\u00a0\u00bbon\u00a0\u00bb comments=\u00a0\u00bbon\u00a0\u00bb featured_image=\u00a0\u00bboff\u00a0\u00bb featured_placement=\u00a0\u00bbbelow\u00a0\u00bb text_color=\u00a0\u00bbdark\u00a0\u00bb text_background=\u00a0\u00bboff\u00a0\u00bb border_style=\u00a0\u00bbsolid\u00a0\u00bb text_orientation=\u00a0\u00bbcenter\u00a0\u00bb title_font=\u00a0\u00bb||||\u00a0\u00bb title_text_color=\u00a0\u00bbrgba(0,0,0,0.91)\u00a0\u00bb \/][\/et_pb_column][\/et_pb_row][et_pb_row][et_pb_column type=\u00a0\u00bb4_4&Prime;][et_pb_text _builder_version=\u00a0\u00bb3.0.75&Prime; background_layout=\u00a0\u00bblight\u00a0\u00bb border_style=\u00a0\u00bbsolid\u00a0\u00bb text_font_size=\u00a0\u00bb16&Prime;] Le march\u00e9 mondial du papier est en grande difficult\u00e9. \u00c0 l\u2019origine de cette crise : la pand\u00e9mie de Covid-19. Avec les confinements successifs et les restrictions impos\u00e9es, moins d\u2019arbres ont \u00e9t\u00e9 [&hellip;]<\/p>\n","protected":false},"author":175,"featured_media":7382,"comment_status":"closed","ping_status":"closed","sticky":false,"template":"","format":"standard","meta":[],"categories":[2],"tags":[1299,105,1301,1300],"_links":{"self":[{"href":"http:\/\/journalismes-info.ejdg.fr\/index.php\/wp-json\/wp\/v2\/posts\/7348"}],"collection":[{"href":"http:\/\/journalismes-info.ejdg.fr\/index.php\/wp-json\/wp\/v2\/posts"}],"about":[{"href":"http:\/\/journalismes-info.ejdg.fr\/index.php\/wp-json\/wp\/v2\/types\/post"}],"author":[{"embeddable":true,"href":"http:\/\/journalismes-info.ejdg.fr\/index.php\/wp-json\/wp\/v2\/users\/175"}],"replies":[{"embeddable":true,"href":"http:\/\/journalismes-info.ejdg.fr\/index.php\/wp-json\/wp\/v2\/comments?post=7348"}],"version-history":[{"count":4,"href":"http:\/\/journalismes-info.ejdg.fr\/index.php\/wp-json\/wp\/v2\/posts\/7348\/revisions"}],"predecessor-version":[{"id":7405,"href":"http:\/\/journalismes-info.ejdg.fr\/index.php\/wp-json\/wp\/v2\/posts\/7348\/revisions\/7405"}],"wp:featuredmedia":[{"embeddable":true,"href":"http:\/\/journalismes-info.ejdg.fr\/index.php\/wp-json\/wp\/v2\/media\/7382"}],"wp:attachment":[{"href":"http:\/\/journalismes-info.ejdg.fr\/index.php\/wp-json\/wp\/v2\/media?parent=7348"}],"wp:term":[{"taxonomy":"category","embeddable":true,"href":"http:\/\/journalismes-info.ejdg.fr\/index.php\/wp-json\/wp\/v2\/categories?post=7348"},{"taxonomy":"post_tag","embeddable":true,"href":"http:\/\/journalismes-info.ejdg.fr\/index.php\/wp-json\/wp\/v2\/tags?post=7348"}],"curies":[{"name":"wp","href":"https:\/\/api.w.org\/{rel}","templated":true}]}}