{"id":7305,"date":"2021-11-18T13:42:00","date_gmt":"2021-11-18T12:42:00","guid":{"rendered":"http:\/\/journalismes-info.ejdg.fr\/?p=7305"},"modified":"2021-12-02T13:42:20","modified_gmt":"2021-12-02T12:42:20","slug":"bastille-le-nouveau-mensuel-au-format-long","status":"publish","type":"post","link":"http:\/\/journalismes-info.ejdg.fr\/index.php\/2021\/11\/18\/bastille-le-nouveau-mensuel-au-format-long\/","title":{"rendered":"Bastille, le nouveau mensuel au format long"},"content":{"rendered":"<p>[et_pb_section bb_built=\u00a0\u00bb1&Prime;][et_pb_row][et_pb_column type=\u00a0\u00bb4_4&Prime;][et_pb_post_title _builder_version=\u00a0\u00bb3.0.75&Prime; title=\u00a0\u00bbon\u00a0\u00bb meta=\u00a0\u00bbon\u00a0\u00bb author=\u00a0\u00bbon\u00a0\u00bb date=\u00a0\u00bbon\u00a0\u00bb categories=\u00a0\u00bbon\u00a0\u00bb comments=\u00a0\u00bbon\u00a0\u00bb featured_image=\u00a0\u00bboff\u00a0\u00bb featured_placement=\u00a0\u00bbbelow\u00a0\u00bb text_color=\u00a0\u00bbdark\u00a0\u00bb text_background=\u00a0\u00bboff\u00a0\u00bb border_style=\u00a0\u00bbsolid\u00a0\u00bb text_orientation=\u00a0\u00bbcenter\u00a0\u00bb title_font=\u00a0\u00bb||||\u00a0\u00bb title_text_color=\u00a0\u00bbrgba(0,0,0,0.91)\u00a0\u00bb \/][\/et_pb_column][\/et_pb_row][et_pb_row][et_pb_column type=\u00a0\u00bb4_4&Prime;][et_pb_text _builder_version=\u00a0\u00bb3.0.75&Prime; background_layout=\u00a0\u00bblight\u00a0\u00bb border_style=\u00a0\u00bbsolid\u00a0\u00bb text_font_size=\u00a0\u00bb16&Prime;]<\/p>\n<p align=\"JUSTIFY\">Ce sont deux anciens journalistes de l&rsquo;agence Reuters, William Emmanuel et Vincent Thomazeau, qui dirigent <strong><a href=\"https:\/\/www.lemonde.fr\/economie\/article\/2021\/10\/18\/bastille-un-nouveau-mensuel-pour-restituer-le-monde-dans-lequel-on-vit_6098879_3234.html\">ce nouveau projet de m\u00e9dia<\/a><\/strong> pour\u00a0<i>\u00ab\u00a0trouver le magazine que nous avions vraiment envie de lire\u00a0\u00bb<\/i>. Le premier num\u00e9ro du mensuel d&rsquo;une centaine de pages, tir\u00e9 \u00e0 25 000 exemplaires, para\u00eetra le 1er d\u00e9cembre 2021 en kiosque. La campagne de pr\u00e9-abonnement est d\u00e9j\u00e0 ouverte <strong><a href=\"https:\/\/www.bastillemagazine.com\/\">en ligne<\/a> <\/strong>au co\u00fbt de 88\u20ac annuel. C&rsquo;est la concr\u00e9tisation d&rsquo;un projet issu d&rsquo;une longue r\u00e9flexion puisqu&rsquo;un essai de num\u00e9ro pilote avait d\u00e9j\u00e0 \u00e9t\u00e9 conduit d\u00e8s 2014. La ligne \u00e9ditoriale est simple\u00a0: r\u00e9unissant qualit\u00e9s litt\u00e9raires et artistiques via une \u00e9quipe d&rsquo;\u00e9crivains et journalistes, les pages de <i>Bastille<\/i> ont vocation \u00e0 raconter la vie des gens dans l&rsquo;optique de r\u00e9pondre \u00e0 une question\u00a0complexe\u00a0<i>\u00ab\u00a0Dans quel monde voulons-nous vivre\u00a0?\u00a0\u00bb<\/i>. La r\u00e9daction s&rsquo;aventure \u00e0 assurer que <em>\u00ab\u00a0Dans un an, celui qui aura lu tous les <\/em>Bastille<em> aura une id\u00e9e assez juste du monde dans lequel on vit \u00bb<\/em>.<i>\u00a0<\/i>Aux allures de Mook (contraction de magazine et book), <i>Bastille <\/i>porte le nom d&rsquo;historiques fortifications dress\u00e9es \u00e0 l&rsquo;entr\u00e9e d&rsquo;une ville, sans doute une r\u00e9f\u00e9rence \u00e0 l&rsquo;envie de la revue de remettre aux go\u00fbts du jour les formats longs et les articles d&rsquo;\u00e9crivains. Bastille interroge l&rsquo;actualit\u00e9 large et se d\u00e9fend de toute forme d&rsquo;engagement ou de posture id\u00e9ologique, comble pour une revue homonyme <a href=\"https:\/\/youtu.be\/Clysy5-9sTs\">d&rsquo;une c\u00e9l\u00e8bre prison parisienne<\/a> symbole de despotisme monarchique.<\/p>\n<p align=\"JUSTIFY\">L\u00e9gende et cr\u00e9dits photo : Le Magazine de 100 pages para\u00eetra tous les mois \u00e0 partir du mois de d\u00e9cembre 2021.\u00a0Jonas Jacobsson<\/p>\n<p>[\/et_pb_text][\/et_pb_column][\/et_pb_row][\/et_pb_section]<\/p>\n","protected":false},"excerpt":{"rendered":"<p>[et_pb_section bb_built=\u00a0\u00bb1&Prime;][et_pb_row][et_pb_column type=\u00a0\u00bb4_4&Prime;][et_pb_post_title _builder_version=\u00a0\u00bb3.0.75&Prime; title=\u00a0\u00bbon\u00a0\u00bb meta=\u00a0\u00bbon\u00a0\u00bb author=\u00a0\u00bbon\u00a0\u00bb date=\u00a0\u00bbon\u00a0\u00bb categories=\u00a0\u00bbon\u00a0\u00bb comments=\u00a0\u00bbon\u00a0\u00bb featured_image=\u00a0\u00bboff\u00a0\u00bb featured_placement=\u00a0\u00bbbelow\u00a0\u00bb text_color=\u00a0\u00bbdark\u00a0\u00bb text_background=\u00a0\u00bboff\u00a0\u00bb border_style=\u00a0\u00bbsolid\u00a0\u00bb text_orientation=\u00a0\u00bbcenter\u00a0\u00bb title_font=\u00a0\u00bb||||\u00a0\u00bb title_text_color=\u00a0\u00bbrgba(0,0,0,0.91)\u00a0\u00bb \/][\/et_pb_column][\/et_pb_row][et_pb_row][et_pb_column type=\u00a0\u00bb4_4&Prime;][et_pb_text _builder_version=\u00a0\u00bb3.0.75&Prime; background_layout=\u00a0\u00bblight\u00a0\u00bb border_style=\u00a0\u00bbsolid\u00a0\u00bb text_font_size=\u00a0\u00bb16&Prime;] Ce sont deux anciens journalistes de l&rsquo;agence Reuters, William Emmanuel et Vincent Thomazeau, qui dirigent ce nouveau projet de m\u00e9dia pour\u00a0\u00ab\u00a0trouver le magazine que nous avions vraiment envie de lire\u00a0\u00bb. Le [&hellip;]<\/p>\n","protected":false},"author":179,"featured_media":7320,"comment_status":"closed","ping_status":"closed","sticky":false,"template":"","format":"standard","meta":[],"categories":[2],"tags":[1292,27,671],"_links":{"self":[{"href":"http:\/\/journalismes-info.ejdg.fr\/index.php\/wp-json\/wp\/v2\/posts\/7305"}],"collection":[{"href":"http:\/\/journalismes-info.ejdg.fr\/index.php\/wp-json\/wp\/v2\/posts"}],"about":[{"href":"http:\/\/journalismes-info.ejdg.fr\/index.php\/wp-json\/wp\/v2\/types\/post"}],"author":[{"embeddable":true,"href":"http:\/\/journalismes-info.ejdg.fr\/index.php\/wp-json\/wp\/v2\/users\/179"}],"replies":[{"embeddable":true,"href":"http:\/\/journalismes-info.ejdg.fr\/index.php\/wp-json\/wp\/v2\/comments?post=7305"}],"version-history":[{"count":6,"href":"http:\/\/journalismes-info.ejdg.fr\/index.php\/wp-json\/wp\/v2\/posts\/7305\/revisions"}],"predecessor-version":[{"id":7494,"href":"http:\/\/journalismes-info.ejdg.fr\/index.php\/wp-json\/wp\/v2\/posts\/7305\/revisions\/7494"}],"wp:featuredmedia":[{"embeddable":true,"href":"http:\/\/journalismes-info.ejdg.fr\/index.php\/wp-json\/wp\/v2\/media\/7320"}],"wp:attachment":[{"href":"http:\/\/journalismes-info.ejdg.fr\/index.php\/wp-json\/wp\/v2\/media?parent=7305"}],"wp:term":[{"taxonomy":"category","embeddable":true,"href":"http:\/\/journalismes-info.ejdg.fr\/index.php\/wp-json\/wp\/v2\/categories?post=7305"},{"taxonomy":"post_tag","embeddable":true,"href":"http:\/\/journalismes-info.ejdg.fr\/index.php\/wp-json\/wp\/v2\/tags?post=7305"}],"curies":[{"name":"wp","href":"https:\/\/api.w.org\/{rel}","templated":true}]}}