{"id":7267,"date":"2021-11-18T14:50:27","date_gmt":"2021-11-18T13:50:27","guid":{"rendered":"http:\/\/journalismes-info.ejdg.fr\/?p=7267"},"modified":"2021-12-02T15:54:41","modified_gmt":"2021-12-02T14:54:41","slug":"rachat-de-la-provence-larmateur-cma-cgm-et-xavier-niel-en-lice","status":"publish","type":"post","link":"http:\/\/journalismes-info.ejdg.fr\/index.php\/2021\/11\/18\/rachat-de-la-provence-larmateur-cma-cgm-et-xavier-niel-en-lice\/","title":{"rendered":"Rachat de La Provence : l\u2019armateur CMA CGM et Xavier Niel en lice"},"content":{"rendered":"<p>[et_pb_section bb_built=\u00a0\u00bb1&Prime;][et_pb_row][et_pb_column type=\u00a0\u00bb4_4&Prime;][et_pb_post_title _builder_version=\u00a0\u00bb3.0.75&Prime; title=\u00a0\u00bbon\u00a0\u00bb meta=\u00a0\u00bbon\u00a0\u00bb author=\u00a0\u00bbon\u00a0\u00bb date=\u00a0\u00bbon\u00a0\u00bb categories=\u00a0\u00bbon\u00a0\u00bb comments=\u00a0\u00bbon\u00a0\u00bb featured_image=\u00a0\u00bboff\u00a0\u00bb featured_placement=\u00a0\u00bbbelow\u00a0\u00bb text_color=\u00a0\u00bbdark\u00a0\u00bb text_background=\u00a0\u00bboff\u00a0\u00bb border_style=\u00a0\u00bbsolid\u00a0\u00bb text_orientation=\u00a0\u00bbcenter\u00a0\u00bb title_font=\u00a0\u00bb||||\u00a0\u00bb title_text_color=\u00a0\u00bbrgba(0,0,0,0.91)\u00a0\u00bb \/][\/et_pb_column][\/et_pb_row][et_pb_row][et_pb_column type=\u00a0\u00bb4_4&Prime;][et_pb_text _builder_version=\u00a0\u00bb3.0.75&Prime; background_layout=\u00a0\u00bblight\u00a0\u00bb border_style=\u00a0\u00bbsolid\u00a0\u00bb text_font_size=\u00a0\u00bb16&Prime;]<\/p>\n<p style=\"text-align: left;\">Depuis le d\u00e9c\u00e8s du propri\u00e9taire majoritaire, Bernard Tapie, le quotidien marseillais <i>La Provence<\/i>\u00a0doit trouver un repreneur. Pour racheter les 89% de ses parts, les candidats ont jusqu&rsquo;au 30 novembre 2021 pour faire une offre. Deux groupes ont d\u00e9j\u00e0 manifest\u00e9 leur int\u00e9r\u00eat. La holding NJJ de Xavier Niel, fondateur d\u2019Iliad (Free). Ce dernier d\u00e9tient d\u00e9j\u00e0 11% de <em>La Provence<\/em> et avait\u00a0<strong><a href=\"https:\/\/www.autoritedelaconcurrence.fr\/fr\/communiques-de-presse\/lautorite-de-la-concurrence-autorise-le-rachat-du-groupe-nice-matin-par-la\">rachet\u00e9 le groupe <i>Nice-Matin<\/i><\/a><\/strong><i> <\/i>en 2019. Autre candidat : la famille Saad\u00e9, propri\u00e9taire de CMA CGM. Selon <a href=\"https:\/\/www.challenges.fr\/media\/xavier-niel-et-cma-cgm-en-lice-pour-racheter-la-provence_787302\"><em><b>Challenges<\/b>,<\/em><\/a> l\u2019armateur marseillais assure vouloir \u00ab\u00a0<em>garantir, sur le long terme, l\u2019ancrage territorial et l\u2019ind\u00e9pendance du journal et de sa r\u00e9daction, et accompagner son d\u00e9veloppement au service du rayonnement du territoire proven\u00e7al\u00a0<\/em>\u00bb. Le groupe avait d\u00e9j\u00e0 tent\u00e9 de mettre la main sur <i>La Provence <\/i>en 2019, mais sans succ\u00e8s. Xavier Niel est actuellement en bonne position. \u00c0 la suite du conseil social d\u2019entreprise extraordinaire qui s\u2019est tenu mercredi 21 octobre 2021, <strong><a href=\"http:\/\/www.snj.fr\/\">les repr\u00e9sentants du syndicat des journalistes SNJ<\/a><\/strong><a href=\"http:\/\/www.snj.fr\/\">\u00a0<\/a>ont annonc\u00e9 qu\u2019un pacte d\u2019actionnaires pass\u00e9 avec le Groupe Bernard Tapie (GBT) lui accorde une pr\u00e9f\u00e9rence. Cela signifie qu\u2019il faudrait une offre nettement sup\u00e9rieure \u00e0 celle de Xavier Niel pour que ce dernier ne remporte pas la bataille.\u00a0Pour le moment, le liquidateur judiciaire a pr\u00e9cis\u00e9 n&rsquo;avoir encore \u00ab\u00a0<i>re\u00e7u aucune offre ferme d&rsquo;acquisition \u00e0 ce stade<\/i>\u00a0\u00bb.<\/p>\n<p>&nbsp;<\/p>\n<p>L\u00e9gende et cr\u00e9dit photo :\u00a0Xavier Niel est candidat favori pour le rachat du quotidien <em>La Provence<\/em>. Christopher Michel, Flickr.<\/p>\n<p>[\/et_pb_text][\/et_pb_column][\/et_pb_row][\/et_pb_section]<\/p>\n","protected":false},"excerpt":{"rendered":"<p>[et_pb_section bb_built=\u00a0\u00bb1&Prime;][et_pb_row][et_pb_column type=\u00a0\u00bb4_4&Prime;][et_pb_post_title _builder_version=\u00a0\u00bb3.0.75&Prime; title=\u00a0\u00bbon\u00a0\u00bb meta=\u00a0\u00bbon\u00a0\u00bb author=\u00a0\u00bbon\u00a0\u00bb date=\u00a0\u00bbon\u00a0\u00bb categories=\u00a0\u00bbon\u00a0\u00bb comments=\u00a0\u00bbon\u00a0\u00bb featured_image=\u00a0\u00bboff\u00a0\u00bb featured_placement=\u00a0\u00bbbelow\u00a0\u00bb text_color=\u00a0\u00bbdark\u00a0\u00bb text_background=\u00a0\u00bboff\u00a0\u00bb border_style=\u00a0\u00bbsolid\u00a0\u00bb text_orientation=\u00a0\u00bbcenter\u00a0\u00bb title_font=\u00a0\u00bb||||\u00a0\u00bb title_text_color=\u00a0\u00bbrgba(0,0,0,0.91)\u00a0\u00bb \/][\/et_pb_column][\/et_pb_row][et_pb_row][et_pb_column type=\u00a0\u00bb4_4&Prime;][et_pb_text _builder_version=\u00a0\u00bb3.0.75&Prime; background_layout=\u00a0\u00bblight\u00a0\u00bb border_style=\u00a0\u00bbsolid\u00a0\u00bb text_font_size=\u00a0\u00bb16&Prime;] Depuis le d\u00e9c\u00e8s du propri\u00e9taire majoritaire, Bernard Tapie, le quotidien marseillais La Provence\u00a0doit trouver un repreneur. Pour racheter les 89% de ses parts, les candidats ont jusqu&rsquo;au 30 novembre 2021 pour [&hellip;]<\/p>\n","protected":false},"author":181,"featured_media":7287,"comment_status":"closed","ping_status":"closed","sticky":false,"template":"","format":"standard","meta":[],"categories":[2],"tags":[1306,1304,1305,608,1303],"_links":{"self":[{"href":"http:\/\/journalismes-info.ejdg.fr\/index.php\/wp-json\/wp\/v2\/posts\/7267"}],"collection":[{"href":"http:\/\/journalismes-info.ejdg.fr\/index.php\/wp-json\/wp\/v2\/posts"}],"about":[{"href":"http:\/\/journalismes-info.ejdg.fr\/index.php\/wp-json\/wp\/v2\/types\/post"}],"author":[{"embeddable":true,"href":"http:\/\/journalismes-info.ejdg.fr\/index.php\/wp-json\/wp\/v2\/users\/181"}],"replies":[{"embeddable":true,"href":"http:\/\/journalismes-info.ejdg.fr\/index.php\/wp-json\/wp\/v2\/comments?post=7267"}],"version-history":[{"count":6,"href":"http:\/\/journalismes-info.ejdg.fr\/index.php\/wp-json\/wp\/v2\/posts\/7267\/revisions"}],"predecessor-version":[{"id":7508,"href":"http:\/\/journalismes-info.ejdg.fr\/index.php\/wp-json\/wp\/v2\/posts\/7267\/revisions\/7508"}],"wp:featuredmedia":[{"embeddable":true,"href":"http:\/\/journalismes-info.ejdg.fr\/index.php\/wp-json\/wp\/v2\/media\/7287"}],"wp:attachment":[{"href":"http:\/\/journalismes-info.ejdg.fr\/index.php\/wp-json\/wp\/v2\/media?parent=7267"}],"wp:term":[{"taxonomy":"category","embeddable":true,"href":"http:\/\/journalismes-info.ejdg.fr\/index.php\/wp-json\/wp\/v2\/categories?post=7267"},{"taxonomy":"post_tag","embeddable":true,"href":"http:\/\/journalismes-info.ejdg.fr\/index.php\/wp-json\/wp\/v2\/tags?post=7267"}],"curies":[{"name":"wp","href":"https:\/\/api.w.org\/{rel}","templated":true}]}}