{"id":720,"date":"2017-10-25T15:28:00","date_gmt":"2017-10-25T13:28:00","guid":{"rendered":"http:\/\/journalisme-info.ejdg.fr\/?p=720"},"modified":"2017-10-25T15:28:00","modified_gmt":"2017-10-25T13:28:00","slug":"le-new-york-times-et-reseaux-sociaux-le-journal-modifie-sa-charte","status":"publish","type":"post","link":"http:\/\/journalismes-info.ejdg.fr\/index.php\/2017\/10\/25\/le-new-york-times-et-reseaux-sociaux-le-journal-modifie-sa-charte\/","title":{"rendered":"Le New York Times et r\u00e9seaux sociaux: le journal modifie sa charte"},"content":{"rendered":"<p>[et_pb_section bb_built=\u00a0\u00bb1&Prime;][et_pb_row][et_pb_column type=\u00a0\u00bb4_4&Prime;][et_pb_post_title _builder_version=\u00a0\u00bb3.0.75&Prime; title=\u00a0\u00bbon\u00a0\u00bb meta=\u00a0\u00bbon\u00a0\u00bb author=\u00a0\u00bbon\u00a0\u00bb date=\u00a0\u00bbon\u00a0\u00bb categories=\u00a0\u00bbon\u00a0\u00bb comments=\u00a0\u00bbon\u00a0\u00bb featured_image=\u00a0\u00bboff\u00a0\u00bb featured_placement=\u00a0\u00bbbelow\u00a0\u00bb text_color=\u00a0\u00bbdark\u00a0\u00bb text_background=\u00a0\u00bboff\u00a0\u00bb border_style=\u00a0\u00bbsolid\u00a0\u00bb text_orientation=\u00a0\u00bbcenter\u00a0\u00bb title_font=\u00a0\u00bb||||\u00a0\u00bb title_text_color=\u00a0\u00bbrgba(0,0,0,0.91)\u00a0\u00bb \/][\/et_pb_column][\/et_pb_row][et_pb_row][et_pb_column type=\u00a0\u00bb4_4&Prime;][et_pb_text _builder_version=\u00a0\u00bb3.0.75&Prime; background_layout=\u00a0\u00bblight\u00a0\u00bb border_style=\u00a0\u00bbsolid\u00a0\u00bb]<\/p>\n<p>Le<em> New York Times<\/em> a annonc\u00e9 vendredi 13 octobre 2017 la mise \u00e0 jour de sa charte de d\u00e9ontologie afin d&rsquo;encadrer <a href=\"https:\/\/www.nytimes.com\/2017\/10\/13\/reader-center\/social-media-guidelines.html?_r=0\" target=\"_blank\" rel=\"noopener\">l&rsquo;utilisation des r\u00e9seaux sociaux par leurs journalistes<\/a>. La direction consid\u00e8re que sur ces pages et profils personnels, les expressions d&rsquo;opinions individuelles peuvent entacher la r\u00e9putation du journal. Bien qu&rsquo;il soit courant de lire dans les descriptions que les propos v\u00e9hicul\u00e9s sur ces pages n&rsquo;engagent que leurs auteurs, cela n&rsquo;est pas suffisant pour le <em>New York Times<\/em>, qui explique que \u00abtout ce que nous faisons en public est susceptible d&rsquo;\u00eatre associ\u00e9 au Times\u00bb. Une prise de position li\u00e9e notamment aux attaques incessantes du pr\u00e9sident Donald Trump contre le journal, qu&rsquo;il accuse r\u00e9guli\u00e8rement de propager des <em>fake news<\/em>. En t\u00e9moignent certains \u00ab\u00a0conseils\u00a0\u00bb donn\u00e9s aux journalistes dans cette charte, notamment les questions \u00e0 se poser avant de publier, comme \u00ab\u00a0quelqu\u2019un qui me lit aurait-il des raisons de croire que j\u2019ai des vues partisanes sur cette question\u00a0\u00bb ou encore \u00ab\u00a0Si un lecteur voit mon message et constate que je suis journaliste, cela affectera-t-il son opinion sur la couverture juste et impartiale que propose mon journal ?\u00a0\u00bb<\/p>\n<p>[\/et_pb_text][\/et_pb_column][\/et_pb_row][\/et_pb_section]<\/p>\n","protected":false},"excerpt":{"rendered":"<p>[et_pb_section bb_built=\u00a0\u00bb1&Prime;][et_pb_row][et_pb_column type=\u00a0\u00bb4_4&Prime;][et_pb_post_title _builder_version=\u00a0\u00bb3.0.75&Prime; title=\u00a0\u00bbon\u00a0\u00bb meta=\u00a0\u00bbon\u00a0\u00bb author=\u00a0\u00bbon\u00a0\u00bb date=\u00a0\u00bbon\u00a0\u00bb categories=\u00a0\u00bbon\u00a0\u00bb comments=\u00a0\u00bbon\u00a0\u00bb featured_image=\u00a0\u00bboff\u00a0\u00bb featured_placement=\u00a0\u00bbbelow\u00a0\u00bb text_color=\u00a0\u00bbdark\u00a0\u00bb text_background=\u00a0\u00bboff\u00a0\u00bb border_style=\u00a0\u00bbsolid\u00a0\u00bb text_orientation=\u00a0\u00bbcenter\u00a0\u00bb title_font=\u00a0\u00bb||||\u00a0\u00bb title_text_color=\u00a0\u00bbrgba(0,0,0,0.91)\u00a0\u00bb \/][\/et_pb_column][\/et_pb_row][et_pb_row][et_pb_column type=\u00a0\u00bb4_4&Prime;][et_pb_text _builder_version=\u00a0\u00bb3.0.75&Prime; background_layout=\u00a0\u00bblight\u00a0\u00bb border_style=\u00a0\u00bbsolid\u00a0\u00bb] Le New York Times a annonc\u00e9 vendredi 13 octobre 2017 la mise \u00e0 jour de sa charte de d\u00e9ontologie afin d&rsquo;encadrer l&rsquo;utilisation des r\u00e9seaux sociaux par leurs journalistes. La direction consid\u00e8re que [&hellip;]<\/p>\n","protected":false},"author":11,"featured_media":743,"comment_status":"open","ping_status":"open","sticky":false,"template":"","format":"standard","meta":[],"categories":[2],"tags":[44,29,27,43,45,25],"_links":{"self":[{"href":"http:\/\/journalismes-info.ejdg.fr\/index.php\/wp-json\/wp\/v2\/posts\/720"}],"collection":[{"href":"http:\/\/journalismes-info.ejdg.fr\/index.php\/wp-json\/wp\/v2\/posts"}],"about":[{"href":"http:\/\/journalismes-info.ejdg.fr\/index.php\/wp-json\/wp\/v2\/types\/post"}],"author":[{"embeddable":true,"href":"http:\/\/journalismes-info.ejdg.fr\/index.php\/wp-json\/wp\/v2\/users\/11"}],"replies":[{"embeddable":true,"href":"http:\/\/journalismes-info.ejdg.fr\/index.php\/wp-json\/wp\/v2\/comments?post=720"}],"version-history":[{"count":4,"href":"http:\/\/journalismes-info.ejdg.fr\/index.php\/wp-json\/wp\/v2\/posts\/720\/revisions"}],"predecessor-version":[{"id":808,"href":"http:\/\/journalismes-info.ejdg.fr\/index.php\/wp-json\/wp\/v2\/posts\/720\/revisions\/808"}],"wp:featuredmedia":[{"embeddable":true,"href":"http:\/\/journalismes-info.ejdg.fr\/index.php\/wp-json\/wp\/v2\/media\/743"}],"wp:attachment":[{"href":"http:\/\/journalismes-info.ejdg.fr\/index.php\/wp-json\/wp\/v2\/media?parent=720"}],"wp:term":[{"taxonomy":"category","embeddable":true,"href":"http:\/\/journalismes-info.ejdg.fr\/index.php\/wp-json\/wp\/v2\/categories?post=720"},{"taxonomy":"post_tag","embeddable":true,"href":"http:\/\/journalismes-info.ejdg.fr\/index.php\/wp-json\/wp\/v2\/tags?post=720"}],"curies":[{"name":"wp","href":"https:\/\/api.w.org\/{rel}","templated":true}]}}