{"id":7172,"date":"2021-11-30T14:16:43","date_gmt":"2021-11-30T13:16:43","guid":{"rendered":"http:\/\/journalismes-info.ejdg.fr\/?p=7172"},"modified":"2022-01-17T14:17:08","modified_gmt":"2022-01-17T13:17:08","slug":"avec-franc-tireur-christophe-barbier-souhaite-combattre-les-extremes","status":"publish","type":"post","link":"http:\/\/journalismes-info.ejdg.fr\/index.php\/2021\/11\/30\/avec-franc-tireur-christophe-barbier-souhaite-combattre-les-extremes\/","title":{"rendered":"Avec \u00ab Franc-Tireur \u00bb, Christophe Barbier souhaite combattre les extr\u00eames"},"content":{"rendered":"<p>[et_pb_section bb_built=\u00a0\u00bb1&Prime;][et_pb_row][et_pb_column type=\u00a0\u00bb4_4&Prime;][et_pb_post_title _builder_version=\u00a0\u00bb3.0.75&Prime; title=\u00a0\u00bbon\u00a0\u00bb meta=\u00a0\u00bbon\u00a0\u00bb author=\u00a0\u00bbon\u00a0\u00bb date=\u00a0\u00bbon\u00a0\u00bb categories=\u00a0\u00bbon\u00a0\u00bb comments=\u00a0\u00bbon\u00a0\u00bb featured_image=\u00a0\u00bboff\u00a0\u00bb featured_placement=\u00a0\u00bbbelow\u00a0\u00bb text_color=\u00a0\u00bbdark\u00a0\u00bb text_background=\u00a0\u00bboff\u00a0\u00bb border_style=\u00a0\u00bbsolid\u00a0\u00bb text_orientation=\u00a0\u00bbcenter\u00a0\u00bb title_font=\u00a0\u00bb||||\u00a0\u00bb title_text_color=\u00a0\u00bbrgba(0,0,0,0.91)\u00a0\u00bb \/][\/et_pb_column][\/et_pb_row][et_pb_row][et_pb_column type=\u00a0\u00bb4_4&Prime;][et_pb_text _builder_version=\u00a0\u00bb3.0.75&Prime; background_layout=\u00a0\u00bblight\u00a0\u00bb border_style=\u00a0\u00bbsolid\u00a0\u00bb text_font_size=\u00a0\u00bb16&Prime;]<\/p>\n<p>L\u2019ancien directeur de r\u00e9daction de <em>L\u2019Express<\/em> (2006-2016) s\u2019essaie \u00e0 un journalisme d&rsquo;un ton neuf. Christophe Barbier devient le directeur \u00e9ditorial de <em><a href=\"https:\/\/www.kisskissbankbank.com\/fr\/projects\/franc-tireur\">Franc-Tireur<\/a>,<\/em> un nouvel hebdomadaire qui entend \u00ab\u00a0lutter contre tous les extr\u00e9mismes\u00a0\u00bb. Le premier num\u00e9ro de <em>Franc-tireur<\/em>, financ\u00e9 par le milliardaire <a href=\"https:\/\/www.entreprendre.fr\/qui-est-vraiment-daniel-kretinsky\/\">Daniel Kretinsky<\/a> et \u00e9dit\u00e9 par le <a href=\"https:\/\/cmifrance.com\/\">groupe de presse CMI France<\/a>, est sorti le mercredi 17 novembre 2021. Le nom du m\u00e9dia fait r\u00e9f\u00e9rence \u00e0 la fois au combat et \u00e0 un journal de la R\u00e9sistance.\u00a0 En outre, Christophe Barbier explique sur <a href=\"https:\/\/www.francetvinfo.fr\/replay-radio\/info-medias\/medias-christophe-barbier-lance-un-journal-de-combat_4788207.html\">FranceTVInfo<\/a> : \u00ab\u00a0Nous ne sommes pas des R\u00e9sistants sous l\u2019Occupation, n\u00e9anmoins la situation est pr\u00e9occupante\u00a0\u00bb. Le journaliste et \u00e9ditorialiste politique \u00e0 BFMTV invoque la \u00ab radicalisation des id\u00e9es politiques\u00a0\u00bb avec \u00ab\u00a0la parole (&#8230;) aux extr\u00eames et \u00e0 tous les populistes\u00a0\u00bb. Dans ses huit pages hebdomadaires, le news magazine entend avant tout nuancer leurs r\u00e9actions en expliquant les faits d&rsquo;actualit\u00e9. Christophe Barbier s\u2019entoure dans la r\u00e9daction de figures publiques telles que l&rsquo;\u00e9crivaine\u00a0<a href=\"https:\/\/www.franceculture.fr\/personne-caroline-fourest.html\">Caroline Fourest<\/a>, le philosophe\u00a0<a href=\"https:\/\/www.franceculture.fr\/personne\/raphael-enthoven\">Rapha\u00ebl Enthoven<\/a>, l&rsquo;actrice\u00a0<a href=\"https:\/\/www.franceculture.fr\/personne\/rachel-kahn\">Rachel Kahn<\/a> ou encore l\u2019ancien leader de Force Ouvri\u00e8re <a href=\"https:\/\/www.franceinter.fr\/personnes\/jean-claude-mailly\">Jean-Claude Mailly<\/a>.<\/p>\n<p>&nbsp;<\/p>\n<p>L\u00e9gende et cr\u00e9dits photo : Le premier num\u00e9ro de <em>Franc-tireur<\/em>, dont Christophe Barbier est le directeur \u00e9ditorial, est sorti le mercredi 17 novembre. Wikimedia Commons.<\/p>\n<p>[\/et_pb_text][\/et_pb_column][\/et_pb_row][\/et_pb_section]<\/p>\n","protected":false},"excerpt":{"rendered":"<p>[et_pb_section bb_built=\u00a0\u00bb1&Prime;][et_pb_row][et_pb_column type=\u00a0\u00bb4_4&Prime;][et_pb_post_title _builder_version=\u00a0\u00bb3.0.75&Prime; title=\u00a0\u00bbon\u00a0\u00bb meta=\u00a0\u00bbon\u00a0\u00bb author=\u00a0\u00bbon\u00a0\u00bb date=\u00a0\u00bbon\u00a0\u00bb categories=\u00a0\u00bbon\u00a0\u00bb comments=\u00a0\u00bbon\u00a0\u00bb featured_image=\u00a0\u00bboff\u00a0\u00bb featured_placement=\u00a0\u00bbbelow\u00a0\u00bb text_color=\u00a0\u00bbdark\u00a0\u00bb text_background=\u00a0\u00bboff\u00a0\u00bb border_style=\u00a0\u00bbsolid\u00a0\u00bb text_orientation=\u00a0\u00bbcenter\u00a0\u00bb title_font=\u00a0\u00bb||||\u00a0\u00bb title_text_color=\u00a0\u00bbrgba(0,0,0,0.91)\u00a0\u00bb \/][\/et_pb_column][\/et_pb_row][et_pb_row][et_pb_column type=\u00a0\u00bb4_4&Prime;][et_pb_text _builder_version=\u00a0\u00bb3.0.75&Prime; background_layout=\u00a0\u00bblight\u00a0\u00bb border_style=\u00a0\u00bbsolid\u00a0\u00bb text_font_size=\u00a0\u00bb16&Prime;] L\u2019ancien directeur de r\u00e9daction de L\u2019Express (2006-2016) s\u2019essaie \u00e0 un journalisme d&rsquo;un ton neuf. Christophe Barbier devient le directeur \u00e9ditorial de Franc-Tireur, un nouvel hebdomadaire qui entend \u00ab\u00a0lutter contre tous les [&hellip;]<\/p>\n","protected":false},"author":162,"featured_media":7473,"comment_status":"closed","ping_status":"closed","sticky":false,"template":"","format":"standard","meta":[],"categories":[2],"tags":[1264,1266,478,641,1265,968],"_links":{"self":[{"href":"http:\/\/journalismes-info.ejdg.fr\/index.php\/wp-json\/wp\/v2\/posts\/7172"}],"collection":[{"href":"http:\/\/journalismes-info.ejdg.fr\/index.php\/wp-json\/wp\/v2\/posts"}],"about":[{"href":"http:\/\/journalismes-info.ejdg.fr\/index.php\/wp-json\/wp\/v2\/types\/post"}],"author":[{"embeddable":true,"href":"http:\/\/journalismes-info.ejdg.fr\/index.php\/wp-json\/wp\/v2\/users\/162"}],"replies":[{"embeddable":true,"href":"http:\/\/journalismes-info.ejdg.fr\/index.php\/wp-json\/wp\/v2\/comments?post=7172"}],"version-history":[{"count":7,"href":"http:\/\/journalismes-info.ejdg.fr\/index.php\/wp-json\/wp\/v2\/posts\/7172\/revisions"}],"predecessor-version":[{"id":7466,"href":"http:\/\/journalismes-info.ejdg.fr\/index.php\/wp-json\/wp\/v2\/posts\/7172\/revisions\/7466"}],"wp:featuredmedia":[{"embeddable":true,"href":"http:\/\/journalismes-info.ejdg.fr\/index.php\/wp-json\/wp\/v2\/media\/7473"}],"wp:attachment":[{"href":"http:\/\/journalismes-info.ejdg.fr\/index.php\/wp-json\/wp\/v2\/media?parent=7172"}],"wp:term":[{"taxonomy":"category","embeddable":true,"href":"http:\/\/journalismes-info.ejdg.fr\/index.php\/wp-json\/wp\/v2\/categories?post=7172"},{"taxonomy":"post_tag","embeddable":true,"href":"http:\/\/journalismes-info.ejdg.fr\/index.php\/wp-json\/wp\/v2\/tags?post=7172"}],"curies":[{"name":"wp","href":"https:\/\/api.w.org\/{rel}","templated":true}]}}