{"id":7146,"date":"2021-11-18T14:17:38","date_gmt":"2021-11-18T13:17:38","guid":{"rendered":"http:\/\/journalismes-info.ejdg.fr\/?p=7146"},"modified":"2021-11-18T14:17:38","modified_gmt":"2021-11-18T13:17:38","slug":"a-paris-les-lanceurs-dalerte-liberent-la-parole","status":"publish","type":"post","link":"http:\/\/journalismes-info.ejdg.fr\/index.php\/2021\/11\/18\/a-paris-les-lanceurs-dalerte-liberent-la-parole\/","title":{"rendered":"A Paris, les lanceurs d\u2019alerte lib\u00e8rent la parole"},"content":{"rendered":"<p>[et_pb_section bb_built=\u00a0\u00bb1&Prime;][et_pb_row][et_pb_column type=\u00a0\u00bb4_4&Prime;][et_pb_post_title _builder_version=\u00a0\u00bb3.0.75&Prime; title=\u00a0\u00bbon\u00a0\u00bb meta=\u00a0\u00bbon\u00a0\u00bb author=\u00a0\u00bbon\u00a0\u00bb date=\u00a0\u00bbon\u00a0\u00bb categories=\u00a0\u00bbon\u00a0\u00bb comments=\u00a0\u00bbon\u00a0\u00bb featured_image=\u00a0\u00bboff\u00a0\u00bb featured_placement=\u00a0\u00bbbelow\u00a0\u00bb text_color=\u00a0\u00bbdark\u00a0\u00bb text_background=\u00a0\u00bboff\u00a0\u00bb border_style=\u00a0\u00bbsolid\u00a0\u00bb text_orientation=\u00a0\u00bbcenter\u00a0\u00bb title_font=\u00a0\u00bb||||\u00a0\u00bb title_text_color=\u00a0\u00bbrgba(0,0,0,0.91)\u00a0\u00bb \/][\/et_pb_column][\/et_pb_row][et_pb_row][et_pb_column type=\u00a0\u00bb4_4&Prime;][et_pb_text _builder_version=\u00a0\u00bb3.0.75&Prime; background_layout=\u00a0\u00bblight\u00a0\u00bb border_style=\u00a0\u00bbsolid\u00a0\u00bb text_font_size=\u00a0\u00bb16&Prime;]<\/p>\n<p>Du 12 au 14 novembre 2021, 80 intervenants se r\u00e9unissent \u00e0 Paris pour parler de la situation des lanceurs d\u2019alerte dans le monde. Selon<strong>\u00a0<a href=\"https:\/\/lanceurs-alerte.fr\/\">le site d\u00e9di\u00e9 \u00e0 l&rsquo;\u00e9v\u00e9nement<\/a><\/strong>, ces\u00a0rencontres \u00ab\u00a0<em>permettent de partager les exp\u00e9riences, les analyses et les r\u00e9flexions, de mutualiser les savoirs et de d\u00e9battre <\/em>\u00bb. Cet \u00e9v\u00e8nement gratuit propose <strong><a href=\"https:\/\/lanceurs-alerte.fr\/programme\">des conf\u00e9rences et des projections<\/a> <\/strong>sur l\u2019alerte dans la sant\u00e9, les entreprises et l\u2019environnement. L\u2019ins\u00e9curit\u00e9 des lanceurs d\u2019alerte est aussi abord\u00e9e. Ils peuvent \u00eatre sujets \u00e0 des repr\u00e9sailles personnelles et professionnelles. Certains profiteront de cette occasion pour proposer des solutions face \u00e0 ces menaces et rappeler leurs droits. Parmi les intervenants, des journalistes comme In\u00e8s L\u00e9raud, qui enqu\u00eate depuis 2015 sur <strong><a href=\"https:\/\/www.bdangouleme.com\/selections-officielles\/album\/2\">les algues vertes<\/a><\/strong> en Bretagne ou des lanceurs d\u2019alerte tel que <strong><a href=\"https:\/\/www.europe1.fr\/emissions\/linfo-media-du-jour\/thomas-le-bonniec-trouve-choquantes-les-ecoutes-de-deballages-dintimites-completement-involontaires-via-siri-4028359\">Thomas Le Bonniec<\/a><\/strong>, qui d\u00e9nonce en 2015 les assistants vocaux des GAFAM enregistrant les captations de leur utilisateurs. Une rencontre annuelle enrichissante pour les citoyens inquiets <a href=\"https:\/\/www.franceculture.fr\/emissions\/la-question-du-jour\/la-liberte-de-la-presse-francaise-est-elle-menacee\"><strong>du recul du droit \u00e0 l\u2019information et de la libert\u00e9 de la presse<\/strong>.<\/a><\/p>\n<p>&nbsp;<\/p>\n<p>L\u00e9gende et cr\u00e9dits photo: Deux visiteurs \u00e0 l\u2019auditorium du Salon des Lanceurs d\u2019alerte, en train de lire Qui-vive, le magazine des Master 2 de l\u2019Ecole de Journalisme de Grenoble. Jonas Schnyder.<\/p>\n<p>[\/et_pb_text][\/et_pb_column][\/et_pb_row][\/et_pb_section]<\/p>\n","protected":false},"excerpt":{"rendered":"<p>[et_pb_section bb_built=\u00a0\u00bb1&Prime;][et_pb_row][et_pb_column type=\u00a0\u00bb4_4&Prime;][et_pb_post_title _builder_version=\u00a0\u00bb3.0.75&Prime; title=\u00a0\u00bbon\u00a0\u00bb meta=\u00a0\u00bbon\u00a0\u00bb author=\u00a0\u00bbon\u00a0\u00bb date=\u00a0\u00bbon\u00a0\u00bb categories=\u00a0\u00bbon\u00a0\u00bb comments=\u00a0\u00bbon\u00a0\u00bb featured_image=\u00a0\u00bboff\u00a0\u00bb featured_placement=\u00a0\u00bbbelow\u00a0\u00bb text_color=\u00a0\u00bbdark\u00a0\u00bb text_background=\u00a0\u00bboff\u00a0\u00bb border_style=\u00a0\u00bbsolid\u00a0\u00bb text_orientation=\u00a0\u00bbcenter\u00a0\u00bb title_font=\u00a0\u00bb||||\u00a0\u00bb title_text_color=\u00a0\u00bbrgba(0,0,0,0.91)\u00a0\u00bb \/][\/et_pb_column][\/et_pb_row][et_pb_row][et_pb_column type=\u00a0\u00bb4_4&Prime;][et_pb_text _builder_version=\u00a0\u00bb3.0.75&Prime; background_layout=\u00a0\u00bblight\u00a0\u00bb border_style=\u00a0\u00bbsolid\u00a0\u00bb text_font_size=\u00a0\u00bb16&Prime;] Du 12 au 14 novembre 2021, 80 intervenants se r\u00e9unissent \u00e0 Paris pour parler de la situation des lanceurs d\u2019alerte dans le monde. Selon\u00a0le site d\u00e9di\u00e9 \u00e0 l&rsquo;\u00e9v\u00e9nement, ces\u00a0rencontres \u00ab\u00a0permettent de [&hellip;]<\/p>\n","protected":false},"author":160,"featured_media":7155,"comment_status":"closed","ping_status":"closed","sticky":false,"template":"","format":"standard","meta":[],"categories":[2],"tags":[334,1255,1258,86,1257,1254,1256],"_links":{"self":[{"href":"http:\/\/journalismes-info.ejdg.fr\/index.php\/wp-json\/wp\/v2\/posts\/7146"}],"collection":[{"href":"http:\/\/journalismes-info.ejdg.fr\/index.php\/wp-json\/wp\/v2\/posts"}],"about":[{"href":"http:\/\/journalismes-info.ejdg.fr\/index.php\/wp-json\/wp\/v2\/types\/post"}],"author":[{"embeddable":true,"href":"http:\/\/journalismes-info.ejdg.fr\/index.php\/wp-json\/wp\/v2\/users\/160"}],"replies":[{"embeddable":true,"href":"http:\/\/journalismes-info.ejdg.fr\/index.php\/wp-json\/wp\/v2\/comments?post=7146"}],"version-history":[{"count":10,"href":"http:\/\/journalismes-info.ejdg.fr\/index.php\/wp-json\/wp\/v2\/posts\/7146\/revisions"}],"predecessor-version":[{"id":7279,"href":"http:\/\/journalismes-info.ejdg.fr\/index.php\/wp-json\/wp\/v2\/posts\/7146\/revisions\/7279"}],"wp:featuredmedia":[{"embeddable":true,"href":"http:\/\/journalismes-info.ejdg.fr\/index.php\/wp-json\/wp\/v2\/media\/7155"}],"wp:attachment":[{"href":"http:\/\/journalismes-info.ejdg.fr\/index.php\/wp-json\/wp\/v2\/media?parent=7146"}],"wp:term":[{"taxonomy":"category","embeddable":true,"href":"http:\/\/journalismes-info.ejdg.fr\/index.php\/wp-json\/wp\/v2\/categories?post=7146"},{"taxonomy":"post_tag","embeddable":true,"href":"http:\/\/journalismes-info.ejdg.fr\/index.php\/wp-json\/wp\/v2\/tags?post=7146"}],"curies":[{"name":"wp","href":"https:\/\/api.w.org\/{rel}","templated":true}]}}