{"id":7144,"date":"2021-11-18T14:22:41","date_gmt":"2021-11-18T13:22:41","guid":{"rendered":"http:\/\/journalismes-info.ejdg.fr\/?p=7144"},"modified":"2021-11-18T14:22:41","modified_gmt":"2021-11-18T13:22:41","slug":"la-societe-des-journalistes-des-echos-rappelle-a-lordre-son-directeur-de-redaction","status":"publish","type":"post","link":"http:\/\/journalismes-info.ejdg.fr\/index.php\/2021\/11\/18\/la-societe-des-journalistes-des-echos-rappelle-a-lordre-son-directeur-de-redaction\/","title":{"rendered":"La Soci\u00e9t\u00e9 des Journalistes des \u00c9chos rappelle \u00e0 l\u2019ordre son directeur de r\u00e9daction"},"content":{"rendered":"<p>[et_pb_section bb_built=\u00a0\u00bb1&Prime;][et_pb_row][et_pb_column type=\u00a0\u00bb4_4&Prime;][et_pb_post_title _builder_version=\u00a0\u00bb3.0.75&Prime; title=\u00a0\u00bbon\u00a0\u00bb meta=\u00a0\u00bbon\u00a0\u00bb author=\u00a0\u00bbon\u00a0\u00bb date=\u00a0\u00bbon\u00a0\u00bb categories=\u00a0\u00bbon\u00a0\u00bb comments=\u00a0\u00bbon\u00a0\u00bb featured_image=\u00a0\u00bboff\u00a0\u00bb featured_placement=\u00a0\u00bbbelow\u00a0\u00bb text_color=\u00a0\u00bbdark\u00a0\u00bb text_background=\u00a0\u00bboff\u00a0\u00bb border_style=\u00a0\u00bbsolid\u00a0\u00bb text_orientation=\u00a0\u00bbcenter\u00a0\u00bb title_font=\u00a0\u00bb||||\u00a0\u00bb title_text_color=\u00a0\u00bbrgba(0,0,0,0.91)\u00a0\u00bb \/][\/et_pb_column][\/et_pb_row][et_pb_row][et_pb_column type=\u00a0\u00bb4_4&Prime;][et_pb_text _builder_version=\u00a0\u00bb3.0.75&Prime; background_layout=\u00a0\u00bblight\u00a0\u00bb border_style=\u00a0\u00bbsolid\u00a0\u00bb text_font_size=\u00a0\u00bb16&Prime;]<\/p>\n<p>D&rsquo;apr\u00e8s <em>La Lettre A<\/em>, la Soci\u00e9t\u00e9 des journalistes des <i>\u00c9chos<\/i> (SDJ) a observ\u00e9 que la mention \u00ab\u00a0propri\u00e9taire des <em>\u00c9chos<\/em>\u00a0\u00bb n\u2019apparait pas toujours dans les articles dans lesquels le groupe LVMH, principale actionnaire du journal, est cit\u00e9. Le syndicat a alors interpell\u00e9 en septembre 2021 Nicolas Barr\u00e9, directeur de r\u00e9daction des <i>\u00c9chos<\/i>. La SDJ souhaite que le responsable rappelle \u00e0 l\u2019ensemble de la r\u00e9daction l\u2019obligation de faire appara\u00eetre cette mention pour garantir une certaine transparence envers ses lecteurs. Depuis 2010 et la <strong><a href=\"https:\/\/www.lesechos.fr\/2010\/06\/le-journal-les-echos-a-adopte-sa-charte-ethique-426690\">signature d\u2019une charte d\u2019\u00e9thique<\/a><\/strong>, les journalistes du quotidien \u00e9conomique doivent apposer cette pr\u00e9cision lorsque leur article \u00e9voque ou traite de Bernard Arnault, du groupe LVMH ou d\u2019une des entreprises de cette multinationale. <i>La Lettre A,<\/i> dans un <strong><a href=\"https:\/\/www.lalettrea.fr\/medias_presse-ecrite\/2021\/10\/19\/les-echos--la-redaction-reclame-plus-de-transparence-sur-les-articles-en-lien-avec-lvmh,109699446-art\">article publi\u00e9 le 19 octobre 2021<\/a><\/strong>, remarque que <i>Le Parisien<\/i>, qui appartient \u00e9galement au groupe LVMH, utilise <strong><a href=\"https:\/\/www.leparisien.fr\/economie\/business\/recrutement-lvmh-veut-seduire-25-000-jeunes-27-09-2021-QLWMCQIICZDY7PECDELQITUCUM.php\">parfois cette mention<\/a><\/strong> sans toutefois avoir sign\u00e9 de charte d\u2019\u00e9thique. Une pr\u00e9cision qui s\u2019av\u00e8re utile pour comprendre le positionnement d\u2019un journal face au traitement du sujet en lien avec son propri\u00e9taire.<\/p>\n<p>&nbsp;<\/p>\n<p>L\u00e9gende et cr\u00e9dits photo : Nicolas Barr\u00e9, directeur de la r\u00e9daction des <em>\u00c9chos<\/em>, a \u00e9t\u00e9 interpell\u00e9 par la Soci\u00e9t\u00e9 des Journalistes quant au respect de la charte d&rsquo;\u00e9thique du journal. Cr\u00e9dit : Creative Commons, MarcoIlluminati\/OECD.<\/p>\n<p>[\/et_pb_text][\/et_pb_column][\/et_pb_row][\/et_pb_section]<\/p>\n","protected":false},"excerpt":{"rendered":"<p>[et_pb_section bb_built=\u00a0\u00bb1&Prime;][et_pb_row][et_pb_column type=\u00a0\u00bb4_4&Prime;][et_pb_post_title _builder_version=\u00a0\u00bb3.0.75&Prime; title=\u00a0\u00bbon\u00a0\u00bb meta=\u00a0\u00bbon\u00a0\u00bb author=\u00a0\u00bbon\u00a0\u00bb date=\u00a0\u00bbon\u00a0\u00bb categories=\u00a0\u00bbon\u00a0\u00bb comments=\u00a0\u00bbon\u00a0\u00bb featured_image=\u00a0\u00bboff\u00a0\u00bb featured_placement=\u00a0\u00bbbelow\u00a0\u00bb text_color=\u00a0\u00bbdark\u00a0\u00bb text_background=\u00a0\u00bboff\u00a0\u00bb border_style=\u00a0\u00bbsolid\u00a0\u00bb text_orientation=\u00a0\u00bbcenter\u00a0\u00bb title_font=\u00a0\u00bb||||\u00a0\u00bb title_text_color=\u00a0\u00bbrgba(0,0,0,0.91)\u00a0\u00bb \/][\/et_pb_column][\/et_pb_row][et_pb_row][et_pb_column type=\u00a0\u00bb4_4&Prime;][et_pb_text _builder_version=\u00a0\u00bb3.0.75&Prime; background_layout=\u00a0\u00bblight\u00a0\u00bb border_style=\u00a0\u00bbsolid\u00a0\u00bb text_font_size=\u00a0\u00bb16&Prime;] D&rsquo;apr\u00e8s La Lettre A, la Soci\u00e9t\u00e9 des journalistes des \u00c9chos (SDJ) a observ\u00e9 que la mention \u00ab\u00a0propri\u00e9taire des \u00c9chos\u00a0\u00bb n\u2019apparait pas toujours dans les articles dans lesquels le groupe LVMH, principale [&hellip;]<\/p>\n","protected":false},"author":168,"featured_media":7154,"comment_status":"closed","ping_status":"closed","sticky":false,"template":"","format":"standard","meta":[],"categories":[2],"tags":[44,808,427,1018],"_links":{"self":[{"href":"http:\/\/journalismes-info.ejdg.fr\/index.php\/wp-json\/wp\/v2\/posts\/7144"}],"collection":[{"href":"http:\/\/journalismes-info.ejdg.fr\/index.php\/wp-json\/wp\/v2\/posts"}],"about":[{"href":"http:\/\/journalismes-info.ejdg.fr\/index.php\/wp-json\/wp\/v2\/types\/post"}],"author":[{"embeddable":true,"href":"http:\/\/journalismes-info.ejdg.fr\/index.php\/wp-json\/wp\/v2\/users\/168"}],"replies":[{"embeddable":true,"href":"http:\/\/journalismes-info.ejdg.fr\/index.php\/wp-json\/wp\/v2\/comments?post=7144"}],"version-history":[{"count":8,"href":"http:\/\/journalismes-info.ejdg.fr\/index.php\/wp-json\/wp\/v2\/posts\/7144\/revisions"}],"predecessor-version":[{"id":7298,"href":"http:\/\/journalismes-info.ejdg.fr\/index.php\/wp-json\/wp\/v2\/posts\/7144\/revisions\/7298"}],"wp:featuredmedia":[{"embeddable":true,"href":"http:\/\/journalismes-info.ejdg.fr\/index.php\/wp-json\/wp\/v2\/media\/7154"}],"wp:attachment":[{"href":"http:\/\/journalismes-info.ejdg.fr\/index.php\/wp-json\/wp\/v2\/media?parent=7144"}],"wp:term":[{"taxonomy":"category","embeddable":true,"href":"http:\/\/journalismes-info.ejdg.fr\/index.php\/wp-json\/wp\/v2\/categories?post=7144"},{"taxonomy":"post_tag","embeddable":true,"href":"http:\/\/journalismes-info.ejdg.fr\/index.php\/wp-json\/wp\/v2\/tags?post=7144"}],"curies":[{"name":"wp","href":"https:\/\/api.w.org\/{rel}","templated":true}]}}