{"id":692,"date":"2017-10-25T17:52:11","date_gmt":"2017-10-25T15:52:11","guid":{"rendered":"http:\/\/journalisme-info.ejdg.fr\/?p=692"},"modified":"2017-10-25T17:52:11","modified_gmt":"2017-10-25T15:52:11","slug":"lavenir-de-lecrit-serait-il-vocal","status":"publish","type":"post","link":"http:\/\/journalismes-info.ejdg.fr\/index.php\/2017\/10\/25\/lavenir-de-lecrit-serait-il-vocal\/","title":{"rendered":"L\u2019avenir de l\u2019\u00e9crit serait-il vocal ?"},"content":{"rendered":"<p>[et_pb_section bb_built=\u00a0\u00bb1&Prime;][et_pb_row][et_pb_column type=\u00a0\u00bb4_4&Prime;][et_pb_post_title _builder_version=\u00a0\u00bb3.0.75&Prime; title=\u00a0\u00bbon\u00a0\u00bb meta=\u00a0\u00bbon\u00a0\u00bb author=\u00a0\u00bbon\u00a0\u00bb date=\u00a0\u00bbon\u00a0\u00bb categories=\u00a0\u00bbon\u00a0\u00bb comments=\u00a0\u00bbon\u00a0\u00bb featured_image=\u00a0\u00bboff\u00a0\u00bb featured_placement=\u00a0\u00bbbelow\u00a0\u00bb text_color=\u00a0\u00bbdark\u00a0\u00bb text_background=\u00a0\u00bboff\u00a0\u00bb border_style=\u00a0\u00bbsolid\u00a0\u00bb text_orientation=\u00a0\u00bbcenter\u00a0\u00bb title_font=\u00a0\u00bb||||\u00a0\u00bb title_text_color=\u00a0\u00bbrgba(0,0,0,0.91)\u00a0\u00bb \/][\/et_pb_column][\/et_pb_row][et_pb_row][et_pb_column type=\u00a0\u00bb4_4&Prime;][et_pb_text _builder_version=\u00a0\u00bb3.0.75&Prime; background_layout=\u00a0\u00bblight\u00a0\u00bb border_style=\u00a0\u00bbsolid\u00a0\u00bb]<\/p>\n<p>Alors que les assistants vocaux occupent de plus en plus de place dans nos quotidiens, la presse \u00e9crite se tourne elle aussi vers l\u2019audio. Le FT Labs, le service d\u00e9di\u00e9 \u00e0 l\u2019innovation du <em>Financial Times<\/em> s\u2019est lanc\u00e9 dans la conversion d\u2019articles \u00e9crits en audio. Pour ce faire, l\u2019unit\u00e9 exp\u00e9rimentale du quotidien britannique utilise Amazon Polly, un outil de synth\u00e8se vocale qui permet de convertir rapidement n\u2019importe quel article texte en audio. Les contenus \u00e9crits sont lus par une voix artificielle nomm\u00e9e Amy. Pour l\u2019heure, seulement 10% des abonn\u00e9s du journal peuvent b\u00e9n\u00e9ficier des articles audios. Le service devrait \u00eatre disponible \u00e0 l\u2019ensemble des abonn\u00e9s d\u2019ici la fin de l\u2019ann\u00e9e. Les contenus audios sont \u00e9galement disponibles sur l\u2019app exp\u00e9rimentale Listen FT. Selon le <em>Financial Times<\/em> ce format fid\u00e9lise les lecteurs.<\/p>\n<p>A lire sur le sujet on Digiday:<\/p>\n<p><a href=\"https:\/\/digiday.com\/uk\/financial-times-converting-text-articles-audio\/\">Why the Financial Times is converting text articles to audio,<\/a> Digiday, Lucinda Southern, 2\/10\/2017.<\/p>\n<p>&nbsp;<\/p>\n<p>[\/et_pb_text][\/et_pb_column][\/et_pb_row][\/et_pb_section]<\/p>\n","protected":false},"excerpt":{"rendered":"<p>[et_pb_section bb_built=\u00a0\u00bb1&Prime;][et_pb_row][et_pb_column type=\u00a0\u00bb4_4&Prime;][et_pb_post_title _builder_version=\u00a0\u00bb3.0.75&Prime; title=\u00a0\u00bbon\u00a0\u00bb meta=\u00a0\u00bbon\u00a0\u00bb author=\u00a0\u00bbon\u00a0\u00bb date=\u00a0\u00bbon\u00a0\u00bb categories=\u00a0\u00bbon\u00a0\u00bb comments=\u00a0\u00bbon\u00a0\u00bb featured_image=\u00a0\u00bboff\u00a0\u00bb featured_placement=\u00a0\u00bbbelow\u00a0\u00bb text_color=\u00a0\u00bbdark\u00a0\u00bb text_background=\u00a0\u00bboff\u00a0\u00bb border_style=\u00a0\u00bbsolid\u00a0\u00bb text_orientation=\u00a0\u00bbcenter\u00a0\u00bb title_font=\u00a0\u00bb||||\u00a0\u00bb title_text_color=\u00a0\u00bbrgba(0,0,0,0.91)\u00a0\u00bb \/][\/et_pb_column][\/et_pb_row][et_pb_row][et_pb_column type=\u00a0\u00bb4_4&Prime;][et_pb_text _builder_version=\u00a0\u00bb3.0.75&Prime; background_layout=\u00a0\u00bblight\u00a0\u00bb border_style=\u00a0\u00bbsolid\u00a0\u00bb] Alors que les assistants vocaux occupent de plus en plus de place dans nos quotidiens, la presse \u00e9crite se tourne elle aussi vers l\u2019audio. Le FT Labs, le service d\u00e9di\u00e9 \u00e0 l\u2019innovation [&hellip;]<\/p>\n","protected":false},"author":13,"featured_media":792,"comment_status":"open","ping_status":"open","sticky":false,"template":"","format":"standard","meta":[],"categories":[2],"tags":[76,72,71,74,80,27,75,64,73],"_links":{"self":[{"href":"http:\/\/journalismes-info.ejdg.fr\/index.php\/wp-json\/wp\/v2\/posts\/692"}],"collection":[{"href":"http:\/\/journalismes-info.ejdg.fr\/index.php\/wp-json\/wp\/v2\/posts"}],"about":[{"href":"http:\/\/journalismes-info.ejdg.fr\/index.php\/wp-json\/wp\/v2\/types\/post"}],"author":[{"embeddable":true,"href":"http:\/\/journalismes-info.ejdg.fr\/index.php\/wp-json\/wp\/v2\/users\/13"}],"replies":[{"embeddable":true,"href":"http:\/\/journalismes-info.ejdg.fr\/index.php\/wp-json\/wp\/v2\/comments?post=692"}],"version-history":[{"count":5,"href":"http:\/\/journalismes-info.ejdg.fr\/index.php\/wp-json\/wp\/v2\/posts\/692\/revisions"}],"predecessor-version":[{"id":940,"href":"http:\/\/journalismes-info.ejdg.fr\/index.php\/wp-json\/wp\/v2\/posts\/692\/revisions\/940"}],"wp:featuredmedia":[{"embeddable":true,"href":"http:\/\/journalismes-info.ejdg.fr\/index.php\/wp-json\/wp\/v2\/media\/792"}],"wp:attachment":[{"href":"http:\/\/journalismes-info.ejdg.fr\/index.php\/wp-json\/wp\/v2\/media?parent=692"}],"wp:term":[{"taxonomy":"category","embeddable":true,"href":"http:\/\/journalismes-info.ejdg.fr\/index.php\/wp-json\/wp\/v2\/categories?post=692"},{"taxonomy":"post_tag","embeddable":true,"href":"http:\/\/journalismes-info.ejdg.fr\/index.php\/wp-json\/wp\/v2\/tags?post=692"}],"curies":[{"name":"wp","href":"https:\/\/api.w.org\/{rel}","templated":true}]}}