{"id":6538,"date":"2021-04-28T19:30:06","date_gmt":"2021-04-28T17:30:06","guid":{"rendered":"http:\/\/journalismes-info.ejdg.fr\/?p=6538"},"modified":"2021-04-28T19:50:47","modified_gmt":"2021-04-28T17:50:47","slug":"micro-climat-episode-5-rue89lyon","status":"publish","type":"post","link":"http:\/\/journalismes-info.ejdg.fr\/index.php\/2021\/04\/28\/micro-climat-episode-5-rue89lyon\/","title":{"rendered":"Micro Climat : Episode #5 \u2013 Rue89Lyon"},"content":{"rendered":"<p>[et_pb_section bb_built=\u00a0\u00bb1&Prime;][et_pb_row][et_pb_column type=\u00a0\u00bb4_4&Prime;][et_pb_post_title _builder_version=\u00a0\u00bb3.0.75&Prime; title=\u00a0\u00bbon\u00a0\u00bb meta=\u00a0\u00bbon\u00a0\u00bb author=\u00a0\u00bboff\u00a0\u00bb date=\u00a0\u00bbon\u00a0\u00bb categories=\u00a0\u00bbon\u00a0\u00bb comments=\u00a0\u00bbon\u00a0\u00bb featured_image=\u00a0\u00bboff\u00a0\u00bb featured_placement=\u00a0\u00bbbelow\u00a0\u00bb text_color=\u00a0\u00bbdark\u00a0\u00bb text_background=\u00a0\u00bboff\u00a0\u00bb border_style=\u00a0\u00bbsolid\u00a0\u00bb text_orientation=\u00a0\u00bbcenter\u00a0\u00bb \/][et_pb_text _builder_version=\u00a0\u00bb3.0.75&Prime; background_layout=\u00a0\u00bblight\u00a0\u00bb border_style=\u00a0\u00bbsolid\u00a0\u00bb text_font_size=\u00a0\u00bb16&Prime;]<\/p>\n<h4>Comment les r\u00e9dactions de la r\u00e9gion Auvergne-Rh\u00f4ne-Alpes s\u2019emparent-elles de la question du climat? Les \u00e9tudiant.es de l\u2019\u00c9cole de Journalisme de Grenoble ont rencontr\u00e9 des m\u00e9dias de la r\u00e9gion, pour cerner comment ces derniers traitent de cet enjeu environnemental, social et politique. Dans ce cinqui\u00e8me num\u00e9ro, nous sommes all\u00e9s \u00e0 la rencontre de Laurent Burlet, de <em>Rue89Lyon<\/em>.<\/h4>\n<p><iframe loading=\"lazy\" title=\"YouTube video player\" src=\"https:\/\/www.youtube.com\/embed\/rMou_-DBAU4\" width=\"560\" height=\"315\" frameborder=\"0\" allowfullscreen=\"allowfullscreen\"><\/iframe><\/p>\n<p>&nbsp;<\/p>\n<p><em>\u00ab\u00a0On est pas sp\u00e9cialis\u00e9s sur l\u2019environnement, mais cela fait partie de nos axes forts de d\u00e9veloppement, que l\u2019on traite de mani\u00e8re transversale\u201d<\/em>, pr\u00e9cise d&#8217;embl\u00e9e Laurent Burlet, 41 ans, directeur de publication et cofondateur de <u><a href=\"https:\/\/www.rue89lyon.fr\">Rue89Lyon<\/a><\/u>. Cr\u00e9\u00e9 en 2011, ce <u><a href=\"https:\/\/www.rue89lyon.fr\/2015\/06\/04\/ligne-editoriale-barbecue-ville-ou-en-est-rue89lyon\/\">pure-player<\/a><\/u> comprend actuellement trois journalistes titulaires et un collectif de pigistes. Suivant <u><a href=\"http:\/\/lecornifleur.fr\/portrait-laurent-burlet-du-hasard-a-la-passion-du-journalisme\/\">les convictions de son cofondateur<\/a><\/u>, c\u2019est un <em>\u201cm\u00e9dia local d\u2019enqu\u00eate, de sujets d\u2019initiative autour de la grande r\u00e9gion de Lyon [&#8230;] un m\u00e9dia ind\u00e9pendant au sens o\u00f9 il est poss\u00e9d\u00e9 par ses journalistes et qu\u2019il n\u2019a rien \u00e0 voir, sur un plan capitalistique, avec ce qu\u2019il aurait pu \u00eatre apr\u00e8s son rachat par l\u2019Obs puis Le Monde.\u201d<\/em><\/p>\n<p>Politiques publiques, urbanisation, justice sociale, l\u2019urgence climatique infuse les th\u00e8mes abord\u00e9s par le m\u00e9dia. Pour Laurent Burlet, en charge des sujets politiques, \u00e9cologiques et sociaux, <em>Rue89Lyon<\/em> tente d\u2019apporter <em>\u201cun regard critique sur ces questions\u201d<\/em> climatiques, notamment par l\u2019\u00e9valuation des promesses politiques et une photographie de la r\u00e9alit\u00e9 des quartiers populaires.<\/p>\n<h3><b>\u00ab Notre ligne \u00e9ditoriale, c\u2019est vraiment de porter la parole habitante \u00bb<\/b><\/h3>\n<p>Pour y parvenir, le m\u00e9dia privil\u00e9gie \u201c<em>les sources directes<\/em>\u201d, en particulier par le biais de l\u2019enqu\u00eate de terrain et de la <u><a href=\"https:\/\/www.rue89lyon.fr\/media-content\/datavisualisation\/\">datavisualisation<\/a><\/u>. <em>\u00ab\u00a0Notre volont\u00e9 est vraiment de porter la parole habitante et de montrer les dynamiques \u00e0 l\u2019\u0153uvre dans la ville\u00a0\u00bb<\/em>, pr\u00e9cise le journaliste. Selon lui, pour rendre les enjeux environnementaux attractifs et concernants, il faut les aborder, non pas par le biais de concepts abstraits, mais \u00e0 partir des r\u00e9alit\u00e9s quotidiennes des habitant.es. Cela passe notamment par une attention particuli\u00e8re \u00e0 des sujets tels que <u><a href=\"https:\/\/www.culture.gouv.fr\/Regions\/Drac-Grand-Est\/actu\/classe\/2019\/L-operation-Quartiers-connectes-de-Rue89-Strasbourg-primee-meilleure-initiative-d-un-media-pour-l-education-a-l-information\">les quartiers connect\u00e9s<\/a><\/u> et la lutte contre <u><a href=\"https:\/\/larevuedesmedias.ina.fr\/loffre-de-presse-locale-est-tres-inegalement-repartie-en-france\">les d\u00e9serts m\u00e9diatiques<\/a><\/u>. Une fa\u00e7on de faire exister dans la sph\u00e8re publique locale les difficult\u00e9s des quartiers populaires, <em>\u00ab\u00a0interstices\u00a0\u00bb<\/em> dont les probl\u00e9matiques sont parfois invisibilis\u00e9es par <em>\u00ab\u00a0les couvertures m\u00e9diatiques de faits-divers\u00a0\u00bb<\/em>.<\/p>\n<p>Toujours selon le journaliste, <em>\u201cla question climatique est un enjeu majeur, donc la responsabilit\u00e9 des journalistes est de mettre ces questions-l\u00e0 \u00e0 l\u2019agenda\u201d<\/em>. Mais cela ne s\u2019arr\u00eate pas l\u00e0 pour Laurent Burlet, car l\u2019engagement journalistique doit aussi se situer \u00e0 <em>\u201cun cran sup\u00e9rieur\u201d<\/em> en d\u00e9fendant un r\u00f4le de <em>\u00ab\u00a0contre-pouvoir\u00a0\u00bb<\/em> critique dans le suivi et le questionnement des politiques publiques, y compris lorsque celles-ci se pr\u00e9sentent comme \u00e9cologistes.<\/p>\n<p>&nbsp;<\/p>\n<p>&nbsp;<\/p>\n<p>[\/et_pb_text][et_pb_team_member _builder_version=\u00a0\u00bb3.0.75&Prime; name=\u00a0\u00bbCl\u00e9mentine Prouteau \u00a0\u00bb twitter_url=\u00a0\u00bb@ClementinePro\u00a0\u00bb background_layout=\u00a0\u00bblight\u00a0\u00bb border_style=\u00a0\u00bbsolid\u00a0\u00bb text_orientation=\u00a0\u00bbcenter\u00a0\u00bb \/][et_pb_team_member _builder_version=\u00a0\u00bb3.0.75&Prime; name=\u00a0\u00bbJonas Schnyder \u00a0\u00bb background_layout=\u00a0\u00bblight\u00a0\u00bb border_style=\u00a0\u00bbsolid\u00a0\u00bb text_orientation=\u00a0\u00bbcenter\u00a0\u00bb twitter_url=\u00a0\u00bb@Schnyder_js\u00a0\u00bb \/][et_pb_team_member _builder_version=\u00a0\u00bb3.0.75&Prime; name=\u00a0\u00bbVal\u00e8re Weda \u00a0\u00bb background_layout=\u00a0\u00bblight\u00a0\u00bb border_style=\u00a0\u00bbsolid\u00a0\u00bb twitter_url=\u00a0\u00bb@ValereWeda\u00a0\u00bb text_orientation=\u00a0\u00bbcenter\u00a0\u00bb \/][\/et_pb_column][\/et_pb_row][\/et_pb_section]<\/p>\n","protected":false},"excerpt":{"rendered":"<p>[et_pb_section bb_built=\u00a0\u00bb1&Prime;][et_pb_row][et_pb_column type=\u00a0\u00bb4_4&Prime;][et_pb_post_title _builder_version=\u00a0\u00bb3.0.75&Prime; title=\u00a0\u00bbon\u00a0\u00bb meta=\u00a0\u00bbon\u00a0\u00bb author=\u00a0\u00bboff\u00a0\u00bb date=\u00a0\u00bbon\u00a0\u00bb categories=\u00a0\u00bbon\u00a0\u00bb comments=\u00a0\u00bbon\u00a0\u00bb featured_image=\u00a0\u00bboff\u00a0\u00bb featured_placement=\u00a0\u00bbbelow\u00a0\u00bb text_color=\u00a0\u00bbdark\u00a0\u00bb text_background=\u00a0\u00bboff\u00a0\u00bb border_style=\u00a0\u00bbsolid\u00a0\u00bb text_orientation=\u00a0\u00bbcenter\u00a0\u00bb \/][et_pb_text _builder_version=\u00a0\u00bb3.0.75&Prime; background_layout=\u00a0\u00bblight\u00a0\u00bb border_style=\u00a0\u00bbsolid\u00a0\u00bb text_font_size=\u00a0\u00bb16&Prime;] Comment les r\u00e9dactions de la r\u00e9gion Auvergne-Rh\u00f4ne-Alpes s\u2019emparent-elles de la question du climat? Les \u00e9tudiant.es de l\u2019\u00c9cole de Journalisme de Grenoble ont rencontr\u00e9 des m\u00e9dias de la r\u00e9gion, pour cerner comment ces derniers traitent [&hellip;]<\/p>\n","protected":false},"author":149,"featured_media":6558,"comment_status":"closed","ping_status":"closed","sticky":false,"template":"","format":"standard","meta":[],"categories":[11],"tags":[455,1151,1158,1047,830,418,1156,605,247,1157,969,1152],"_links":{"self":[{"href":"http:\/\/journalismes-info.ejdg.fr\/index.php\/wp-json\/wp\/v2\/posts\/6538"}],"collection":[{"href":"http:\/\/journalismes-info.ejdg.fr\/index.php\/wp-json\/wp\/v2\/posts"}],"about":[{"href":"http:\/\/journalismes-info.ejdg.fr\/index.php\/wp-json\/wp\/v2\/types\/post"}],"author":[{"embeddable":true,"href":"http:\/\/journalismes-info.ejdg.fr\/index.php\/wp-json\/wp\/v2\/users\/149"}],"replies":[{"embeddable":true,"href":"http:\/\/journalismes-info.ejdg.fr\/index.php\/wp-json\/wp\/v2\/comments?post=6538"}],"version-history":[{"count":28,"href":"http:\/\/journalismes-info.ejdg.fr\/index.php\/wp-json\/wp\/v2\/posts\/6538\/revisions"}],"predecessor-version":[{"id":6746,"href":"http:\/\/journalismes-info.ejdg.fr\/index.php\/wp-json\/wp\/v2\/posts\/6538\/revisions\/6746"}],"wp:featuredmedia":[{"embeddable":true,"href":"http:\/\/journalismes-info.ejdg.fr\/index.php\/wp-json\/wp\/v2\/media\/6558"}],"wp:attachment":[{"href":"http:\/\/journalismes-info.ejdg.fr\/index.php\/wp-json\/wp\/v2\/media?parent=6538"}],"wp:term":[{"taxonomy":"category","embeddable":true,"href":"http:\/\/journalismes-info.ejdg.fr\/index.php\/wp-json\/wp\/v2\/categories?post=6538"},{"taxonomy":"post_tag","embeddable":true,"href":"http:\/\/journalismes-info.ejdg.fr\/index.php\/wp-json\/wp\/v2\/tags?post=6538"}],"curies":[{"name":"wp","href":"https:\/\/api.w.org\/{rel}","templated":true}]}}