{"id":6500,"date":"2021-04-26T19:30:07","date_gmt":"2021-04-26T17:30:07","guid":{"rendered":"http:\/\/journalismes-info.ejdg.fr\/?p=6500"},"modified":"2021-04-16T20:15:02","modified_gmt":"2021-04-16T18:15:02","slug":"micro-climat-episode-4-le-crieur-de-la-villeneuve","status":"publish","type":"post","link":"http:\/\/journalismes-info.ejdg.fr\/index.php\/2021\/04\/26\/micro-climat-episode-4-le-crieur-de-la-villeneuve\/","title":{"rendered":"Micro Climat : Episode #4 &#8211; Le Crieur de la Villeneuve"},"content":{"rendered":"<p>[et_pb_section bb_built=\u00a0\u00bb1&Prime;][et_pb_row][et_pb_column type=\u00a0\u00bb4_4&Prime;][et_pb_post_title _builder_version=\u00a0\u00bb3.0.75&Prime; title=\u00a0\u00bbon\u00a0\u00bb meta=\u00a0\u00bbon\u00a0\u00bb author=\u00a0\u00bboff\u00a0\u00bb date=\u00a0\u00bbon\u00a0\u00bb categories=\u00a0\u00bbon\u00a0\u00bb comments=\u00a0\u00bbon\u00a0\u00bb featured_image=\u00a0\u00bboff\u00a0\u00bb featured_placement=\u00a0\u00bbbelow\u00a0\u00bb text_color=\u00a0\u00bbdark\u00a0\u00bb text_background=\u00a0\u00bboff\u00a0\u00bb border_style=\u00a0\u00bbsolid\u00a0\u00bb text_orientation=\u00a0\u00bbcenter\u00a0\u00bb \/][et_pb_text _builder_version=\u00a0\u00bb3.0.75&Prime; background_layout=\u00a0\u00bblight\u00a0\u00bb border_style=\u00a0\u00bbsolid\u00a0\u00bb text_font_size=\u00a0\u00bb16&Prime;]<\/p>\n<h4>Comment les m\u00e9dias de la r\u00e9gion Auvergne Rh\u00f4ne-Alpes s\u2019emparent de la question du climat ? Les \u00e9tudiant\u2022es de l\u2019\u00c9cole de Journalisme de Grenoble ont rencontr\u00e9 des journalistes de ces r\u00e9dactions, pour cerner comment ces derniers traitent de cet enjeu environnemental, social et politique. Dans ce nouveau num\u00e9ro, nous avons \u00e9chang\u00e9 avec Benjamin Bultel, fondateur du Crieur de la Villeneuve.<\/h4>\n<p><iframe loading=\"lazy\" width=\"1080\" height=\"608\" src=\"https:\/\/www.youtube.com\/embed\/2MT8eBrbKTU?feature=oembed\" frameborder=\"0\" allow=\"accelerometer; autoplay; clipboard-write; encrypted-media; gyroscope; picture-in-picture\" allowfullscreen><\/iframe><\/p>\n<p>\u00ab\u00a0<em>La ligne \u00e9ditoriale du Crieur de la Villeneuve c&rsquo;est de parler du quartier, soit des initiatives ou des habitants, soit de traiter un sujet g\u00e9n\u00e9ral avec un ancrage local. En fait, c\u2019est un journal par et pour les habitants.<\/em>\u00a0\u00bb Benjamin Bultel a fond\u00e9 <i>Le Crieur de la Villeneuve<\/i>, m\u00e9dia participatif, en 2014. A l\u2019image du Bondy Blog, ce journal est n\u00e9 en r\u00e9action \u00e0 la diffusion d\u2019un reportage d\u2019Envoy\u00e9 sp\u00e9cial qui pr\u00e9sentait la Villeneuve comme \u00ab\u00a0un ghetto\u00a0\u00bb. Le journaliste et les r\u00e9sidents souhaitaient parler de ce quartier grenoblois autrement, dans toute sa diversit\u00e9, pour briser les stigmates qui l\u2019entourent. Ainsi, le m\u00e9dia est compos\u00e9 en majeure partie de b\u00e9n\u00e9voles, Benjamin Bultel \u00e9tant le seul journaliste professionnel au sein de cette r\u00e9daction h\u00e9t\u00e9roclite.<\/p>\n<p>Si <i>Le Crieur <\/i>s\u2019int\u00e9resse principalement aux questions sociales qui touchent au quotidien des habitants, qu\u2019en est-il de l\u2019urgence climatique? Pour Benjamin Bultel, cette probl\u00e9matique ne doit pas \u00eatre d\u00e9connect\u00e9e des r\u00e9alit\u00e9s sociales, <i>\u00ab\u00a0c\u2019est un sujet transversal\u00a0\u00bb<\/i>. Pour autant, cette question est peu trait\u00e9e dans les colonnes du journal. Avec un peu plus de 10 000 habitants, issus majoritairement des classes populaires, la question climatique ne se r\u00e9v\u00e8le pas prioritaire au sein de ce quartier. Pour autant, le journaliste l&rsquo;affirme : \u00ab <i>Les pauvres sont ceux qui consomment le moins et de fait polluent le moins, ils sont naturellement \u00e9colos.<\/i>\u00a0\u00bb<\/p>\n<p><i>Le Crieur <\/i>est amen\u00e9 \u00e0 traiter des questions climatiques lorsque les grands d\u00e9bats nationaux s\u2019infiltrent dans les galeries de la Villeneuve et influent concr\u00e8tement sur la vie de ses r\u00e9sidents. <i>\u00ab<\/i>\u00a0<i>On trouve \u00e7a plus pertinent de faire des articles sur les aides sociales que sur la loi qui interdit le glyphosate,<\/i> r\u00e9sume le journaliste avant d\u2019ajouter, <i>Par contre on peut parler de la r\u00e9novation thermique des logements d\u2019Arlequin qui touche aussi bien les habitants\u00a0que le climat.\u00a0\u00bb<\/i><\/p>\n<p>Pour Benjamin Bultel, il y a une d\u00e9connexion entre les initiatives (publiques ou militantes) organis\u00e9es en centre-ville et celles organis\u00e9es \u00e0 la Villeneuve. Pour illustrer cette id\u00e9e, le journaliste \u00e9voque les manifestations contre le r\u00e9chauffement climatique qui s\u2019arr\u00eatent aux fronti\u00e8res du centre-ville grenoblois, alors m\u00eame que les circuits ont pu \u00eatre modifi\u00e9s lors de cette derni\u00e8re ann\u00e9e:\u00a0<i>\u00ab\u00a0Une autre fa\u00e7on d\u2019exclure les classes populaires des questions environnementales<\/i><i>\u00a0\u00bb.<\/i><\/p>\n<p>Pourtant, la Villeneuve est un \u00e9co-quartier. D\u2019ailleurs, Benjamin Bultel regrette que les biennales des villes en transition, \u00e9v\u00e9nement organis\u00e9 par la mairie de Grenoble du 1er au 4 avril, ne se tiennent m\u00eame pas dans le quartier.<\/p>\n<p>Plus que jamais, pour <i>Le Crieur de la Villeneuve<\/i>, si transition \u00e9cologique il y a, tout le monde doit \u00eatre impliqu\u00e9.<\/p>\n<p>&nbsp;<\/p>\n<p>[\/et_pb_text][et_pb_team_member _builder_version=\u00a0\u00bb3.0.75&Prime; name=\u00a0\u00bbPauline Roussel \u00a0\u00bb twitter_url=\u00a0\u00bb@PaulineRoussel\u00a0\u00bb background_layout=\u00a0\u00bblight\u00a0\u00bb border_style=\u00a0\u00bbsolid\u00a0\u00bb text_orientation=\u00a0\u00bbcenter\u00a0\u00bb \/][et_pb_team_member _builder_version=\u00a0\u00bb3.0.75&Prime; name=\u00a0\u00bbAgathe Legrand \u00a0\u00bb twitter_url=\u00a0\u00bb@AgatheLegrand7&Prime; background_layout=\u00a0\u00bblight\u00a0\u00bb border_style=\u00a0\u00bbsolid\u00a0\u00bb text_orientation=\u00a0\u00bbcenter\u00a0\u00bb \/][et_pb_team_member _builder_version=\u00a0\u00bb3.0.75&Prime; name=\u00a0\u00bbCamille Ravasio \u00a0\u00bb twitter_url=\u00a0\u00bb@CamilleRavasio\u00a0\u00bb background_layout=\u00a0\u00bblight\u00a0\u00bb border_style=\u00a0\u00bbsolid\u00a0\u00bb text_orientation=\u00a0\u00bbcenter\u00a0\u00bb \/][\/et_pb_column][\/et_pb_row][\/et_pb_section]<\/p>\n","protected":false},"excerpt":{"rendered":"<p>[et_pb_section bb_built=\u00a0\u00bb1&Prime;][et_pb_row][et_pb_column type=\u00a0\u00bb4_4&Prime;][et_pb_post_title _builder_version=\u00a0\u00bb3.0.75&Prime; title=\u00a0\u00bbon\u00a0\u00bb meta=\u00a0\u00bbon\u00a0\u00bb author=\u00a0\u00bboff\u00a0\u00bb date=\u00a0\u00bbon\u00a0\u00bb categories=\u00a0\u00bbon\u00a0\u00bb comments=\u00a0\u00bbon\u00a0\u00bb featured_image=\u00a0\u00bboff\u00a0\u00bb featured_placement=\u00a0\u00bbbelow\u00a0\u00bb text_color=\u00a0\u00bbdark\u00a0\u00bb text_background=\u00a0\u00bboff\u00a0\u00bb border_style=\u00a0\u00bbsolid\u00a0\u00bb text_orientation=\u00a0\u00bbcenter\u00a0\u00bb \/][et_pb_text _builder_version=\u00a0\u00bb3.0.75&Prime; background_layout=\u00a0\u00bblight\u00a0\u00bb border_style=\u00a0\u00bbsolid\u00a0\u00bb text_font_size=\u00a0\u00bb16&Prime;] Comment les m\u00e9dias de la r\u00e9gion Auvergne Rh\u00f4ne-Alpes s\u2019emparent de la question du climat ? Les \u00e9tudiant\u2022es de l\u2019\u00c9cole de Journalisme de Grenoble ont rencontr\u00e9 des journalistes de ces r\u00e9dactions, pour cerner comment ces [&hellip;]<\/p>\n","protected":false},"author":147,"featured_media":6536,"comment_status":"closed","ping_status":"closed","sticky":false,"template":"","format":"standard","meta":[],"categories":[11],"tags":[1155,455,846,1154,64,1153],"_links":{"self":[{"href":"http:\/\/journalismes-info.ejdg.fr\/index.php\/wp-json\/wp\/v2\/posts\/6500"}],"collection":[{"href":"http:\/\/journalismes-info.ejdg.fr\/index.php\/wp-json\/wp\/v2\/posts"}],"about":[{"href":"http:\/\/journalismes-info.ejdg.fr\/index.php\/wp-json\/wp\/v2\/types\/post"}],"author":[{"embeddable":true,"href":"http:\/\/journalismes-info.ejdg.fr\/index.php\/wp-json\/wp\/v2\/users\/147"}],"replies":[{"embeddable":true,"href":"http:\/\/journalismes-info.ejdg.fr\/index.php\/wp-json\/wp\/v2\/comments?post=6500"}],"version-history":[{"count":16,"href":"http:\/\/journalismes-info.ejdg.fr\/index.php\/wp-json\/wp\/v2\/posts\/6500\/revisions"}],"predecessor-version":[{"id":6727,"href":"http:\/\/journalismes-info.ejdg.fr\/index.php\/wp-json\/wp\/v2\/posts\/6500\/revisions\/6727"}],"wp:featuredmedia":[{"embeddable":true,"href":"http:\/\/journalismes-info.ejdg.fr\/index.php\/wp-json\/wp\/v2\/media\/6536"}],"wp:attachment":[{"href":"http:\/\/journalismes-info.ejdg.fr\/index.php\/wp-json\/wp\/v2\/media?parent=6500"}],"wp:term":[{"taxonomy":"category","embeddable":true,"href":"http:\/\/journalismes-info.ejdg.fr\/index.php\/wp-json\/wp\/v2\/categories?post=6500"},{"taxonomy":"post_tag","embeddable":true,"href":"http:\/\/journalismes-info.ejdg.fr\/index.php\/wp-json\/wp\/v2\/tags?post=6500"}],"curies":[{"name":"wp","href":"https:\/\/api.w.org\/{rel}","templated":true}]}}