{"id":6498,"date":"2021-04-19T19:30:25","date_gmt":"2021-04-19T17:30:25","guid":{"rendered":"http:\/\/journalismes-info.ejdg.fr\/?p=6498"},"modified":"2021-04-20T10:40:09","modified_gmt":"2021-04-20T08:40:09","slug":"micro-climat-episode-1-france-bleu-isere","status":"publish","type":"post","link":"http:\/\/journalismes-info.ejdg.fr\/index.php\/2021\/04\/19\/micro-climat-episode-1-france-bleu-isere\/","title":{"rendered":"Micro Climat : Episode #1 &#8211; France Bleu Is\u00e8re"},"content":{"rendered":"<p>[et_pb_section bb_built=\u00a0\u00bb1&Prime;][et_pb_row][et_pb_column type=\u00a0\u00bb4_4&Prime;][et_pb_post_title _builder_version=\u00a0\u00bb3.0.75&Prime; title=\u00a0\u00bbon\u00a0\u00bb meta=\u00a0\u00bbon\u00a0\u00bb author=\u00a0\u00bboff\u00a0\u00bb date=\u00a0\u00bbon\u00a0\u00bb categories=\u00a0\u00bbon\u00a0\u00bb comments=\u00a0\u00bbon\u00a0\u00bb featured_image=\u00a0\u00bboff\u00a0\u00bb featured_placement=\u00a0\u00bbbelow\u00a0\u00bb text_color=\u00a0\u00bbdark\u00a0\u00bb text_background=\u00a0\u00bboff\u00a0\u00bb border_style=\u00a0\u00bbsolid\u00a0\u00bb text_orientation=\u00a0\u00bbcenter\u00a0\u00bb \/][et_pb_text _builder_version=\u00a0\u00bb3.0.75&Prime; background_layout=\u00a0\u00bblight\u00a0\u00bb border_style=\u00a0\u00bbsolid\u00a0\u00bb text_font_size=\u00a0\u00bb16&Prime;]<\/p>\n<h4><span style=\"font-weight: 400;\">Comment les m\u00e9dias de la r\u00e9gion Auvergne Rh\u00f4ne-Alpes s\u2019emparent-ils de la question du <\/span><span style=\"font-weight: 400;\">climat ? Les \u00e9tudiant\u2022es de l\u2019\u00c9cole de Journalisme de Grenoble ont rencontr\u00e9 des journalistes de ces r\u00e9dactions<\/span><span style=\"font-weight: 400;\">, pour cerner comment ces derniers traitent de cet enjeu environnemental, social et politique. Dans ce premier num\u00e9ro, nous avons \u00e9chang\u00e9 avec Benjamin Bourgine<\/span><span style=\"font-weight: 400;\">, r\u00e9dacteur en chef de France Bleu Is\u00e8re<\/span><i><span style=\"font-weight: 400;\">.<\/span><\/i><\/h4>\n<p><iframe loading=\"lazy\" width=\"1080\" height=\"608\" src=\"https:\/\/www.youtube.com\/embed\/U_Om4kbi6RM?feature=oembed\" frameborder=\"0\" allow=\"accelerometer; autoplay; clipboard-write; encrypted-media; gyroscope; picture-in-picture\" allowfullscreen><\/iframe><\/p>\n<p><span style=\"font-weight: 400;\">S\u2019informer et s\u2019adapter : c\u2019est la mission de France Bleu Is\u00e8re. L\u2019antenne locale de Radio France, compos\u00e9e d\u2019une dizaine de journalistes g\u00e9n\u00e9ralistes, a d\u00fb progressivement \u00ab verdir \u00bb son antenne. Selon Benjamin Bourgine, le r\u00e9dacteur en chef, les programmes de cette radio sont, en partie, r\u00e9alis\u00e9s en fonction des pr\u00e9occupations des Is\u00e9rois. Il ajoute que les auditeurs sont de plus en plus sensibles aux questions climatiques en raison de leur proximit\u00e9 avec des glaciers, directement menac\u00e9s par le r\u00e9chauffement climatique. La multiplication des manifestations, la Convention Citoyenne pour le climat, ou encore la pr\u00e9sence de nombreux scientifiques concern\u00e9s sur le territoire grenoblois en seraient la d\u00e9monstration. Comme la r\u00e9daction ne comporte aucun journaliste d\u00e9di\u00e9 \u00e0 l\u2019environnement, sa couverture est limit\u00e9e. Ainsi, la station locale propose ponctuellement des contenus abordant directement les probl\u00e9matiques et enjeux environnementaux, ce qui demande plus d\u2019investissement et de temps. Le climat est \u00e9galement couvert au quotidien dans diverses rubriques : \u00ab <\/span><i><span style=\"font-weight: 400;\">C\u2019est un sujet qui transpire dans toute l\u2019actualit\u00e9, <\/span><\/i><span style=\"font-weight: 400;\">explique Benjamin Bourgine. <\/span><i><span style=\"font-weight: 400;\">Quand on va parler de politique ou d\u2019\u00e9conomie, on va parler d\u2019environnement. Ainsi, aujourd\u2019hui ce n\u2019est plus un sujet mais une th\u00e9matique en soi qui transpara\u00eet partout<\/span><\/i><span style=\"font-weight: 400;\"> \u00bb. Cette couverture transversale permet \u00e0 la radio \u00ab grand public \u00bb d\u2019\u00e9viter la dilution de sa ligne \u00e9ditoriale, et d\u2019aborder les questions climatiques aux c\u00f4t\u00e9s du reste de l\u2019actualit\u00e9 : \u00ab <\/span><i><span style=\"font-weight: 400;\">\u00catre journaliste c\u2019est se coltiner le r\u00e9el. La r\u00e9alit\u00e9 aujourd\u2019hui ce n\u2019est pas que le changement climatique ! Les mouvements de soci\u00e9t\u00e9, l\u2019industrie, l\u2019\u00e9conomie font aussi partie de notre quotidien !<\/span><\/i><span style=\"font-weight: 400;\"> \u00bb. Pour Benjamin Bourgine, les questions environnementales doivent \u00eatre trait\u00e9es comme toute actualit\u00e9, de la mani\u00e8re la plus objective possible. \u00ab <\/span><i><span style=\"font-weight: 400;\">Le pi\u00e8ge c\u2019est de vouloir \u00eatre militant de la cause<\/span><\/i><span style=\"font-weight: 400;\">, r\u00e9sume le journaliste. <\/span><i><span style=\"font-weight: 400;\">L\u00e0 vous vous ali\u00e9nez une partie du grand public [\u2026] Quand on arrive \u00e0 poser les choses avec du factuel, on va toucher plus les gens, y compris ceux qui sont r\u00e9ticents \u00e0 ces sujets &#8211; m\u00eame si ce n\u2019est pas notre r\u00f4le de les faire changer d\u2019avis. <\/span><\/i><span style=\"font-weight: 400;\">\u00bb. L\u2019enjeu rencontr\u00e9 aujourd\u2019hui par France Bleu Is\u00e8re est de mobiliser un sujet \u00e0 destination du grand public qui jusqu&rsquo;\u00e0 r\u00e9cemment \u00e9tait consid\u00e9r\u00e9 comme relevant essentiellement d\u2019un combat militant.<\/span><\/p>\n<p>[\/et_pb_text][et_pb_team_member _builder_version=\u00a0\u00bb3.0.75&Prime; name=\u00a0\u00bbMarine Lemesle \u00a0\u00bb twitter_url=\u00a0\u00bbwww.twitter.com\/marine_lemesle\u00a0\u00bb background_layout=\u00a0\u00bblight\u00a0\u00bb border_style=\u00a0\u00bbsolid\u00a0\u00bb text_orientation=\u00a0\u00bbcenter\u00a0\u00bb \/][et_pb_team_member _builder_version=\u00a0\u00bb3.0.75&Prime; name=\u00a0\u00bbGwendolyne Langlois \u00a0\u00bb twitter_url=\u00a0\u00bbwww.twitter.com\/gwen_lyne\u00a0\u00bb background_layout=\u00a0\u00bblight\u00a0\u00bb border_style=\u00a0\u00bbsolid\u00a0\u00bb text_orientation=\u00a0\u00bbcenter\u00a0\u00bb \/][et_pb_team_member _builder_version=\u00a0\u00bb3.0.75&Prime; name=\u00a0\u00bbCyril Theophilos \u00a0\u00bb twitter_url=\u00a0\u00bbwww.twitter.com\/cyrilthps\u00a0\u00bb background_layout=\u00a0\u00bblight\u00a0\u00bb border_style=\u00a0\u00bbsolid\u00a0\u00bb text_orientation=\u00a0\u00bbcenter\u00a0\u00bb \/][\/et_pb_column][\/et_pb_row][\/et_pb_section]<\/p>\n","protected":false},"excerpt":{"rendered":"<p>[et_pb_section bb_built=\u00a0\u00bb1&Prime;][et_pb_row][et_pb_column type=\u00a0\u00bb4_4&Prime;][et_pb_post_title _builder_version=\u00a0\u00bb3.0.75&Prime; title=\u00a0\u00bbon\u00a0\u00bb meta=\u00a0\u00bbon\u00a0\u00bb author=\u00a0\u00bboff\u00a0\u00bb date=\u00a0\u00bbon\u00a0\u00bb categories=\u00a0\u00bbon\u00a0\u00bb comments=\u00a0\u00bbon\u00a0\u00bb featured_image=\u00a0\u00bboff\u00a0\u00bb featured_placement=\u00a0\u00bbbelow\u00a0\u00bb text_color=\u00a0\u00bbdark\u00a0\u00bb text_background=\u00a0\u00bboff\u00a0\u00bb border_style=\u00a0\u00bbsolid\u00a0\u00bb text_orientation=\u00a0\u00bbcenter\u00a0\u00bb \/][et_pb_text _builder_version=\u00a0\u00bb3.0.75&Prime; background_layout=\u00a0\u00bblight\u00a0\u00bb border_style=\u00a0\u00bbsolid\u00a0\u00bb text_font_size=\u00a0\u00bb16&Prime;] Comment les m\u00e9dias de la r\u00e9gion Auvergne Rh\u00f4ne-Alpes s\u2019emparent-ils de la question du climat ? Les \u00e9tudiant\u2022es de l\u2019\u00c9cole de Journalisme de Grenoble ont rencontr\u00e9 des journalistes de ces r\u00e9dactions, pour cerner comment ces [&hellip;]<\/p>\n","protected":false},"author":141,"featured_media":6508,"comment_status":"closed","ping_status":"closed","sticky":false,"template":"","format":"standard","meta":[],"categories":[11],"tags":[455,1151,1150,233,1152],"_links":{"self":[{"href":"http:\/\/journalismes-info.ejdg.fr\/index.php\/wp-json\/wp\/v2\/posts\/6498"}],"collection":[{"href":"http:\/\/journalismes-info.ejdg.fr\/index.php\/wp-json\/wp\/v2\/posts"}],"about":[{"href":"http:\/\/journalismes-info.ejdg.fr\/index.php\/wp-json\/wp\/v2\/types\/post"}],"author":[{"embeddable":true,"href":"http:\/\/journalismes-info.ejdg.fr\/index.php\/wp-json\/wp\/v2\/users\/141"}],"replies":[{"embeddable":true,"href":"http:\/\/journalismes-info.ejdg.fr\/index.php\/wp-json\/wp\/v2\/comments?post=6498"}],"version-history":[{"count":19,"href":"http:\/\/journalismes-info.ejdg.fr\/index.php\/wp-json\/wp\/v2\/posts\/6498\/revisions"}],"predecessor-version":[{"id":6743,"href":"http:\/\/journalismes-info.ejdg.fr\/index.php\/wp-json\/wp\/v2\/posts\/6498\/revisions\/6743"}],"wp:featuredmedia":[{"embeddable":true,"href":"http:\/\/journalismes-info.ejdg.fr\/index.php\/wp-json\/wp\/v2\/media\/6508"}],"wp:attachment":[{"href":"http:\/\/journalismes-info.ejdg.fr\/index.php\/wp-json\/wp\/v2\/media?parent=6498"}],"wp:term":[{"taxonomy":"category","embeddable":true,"href":"http:\/\/journalismes-info.ejdg.fr\/index.php\/wp-json\/wp\/v2\/categories?post=6498"},{"taxonomy":"post_tag","embeddable":true,"href":"http:\/\/journalismes-info.ejdg.fr\/index.php\/wp-json\/wp\/v2\/tags?post=6498"}],"curies":[{"name":"wp","href":"https:\/\/api.w.org\/{rel}","templated":true}]}}