{"id":6350,"date":"2020-12-29T16:27:18","date_gmt":"2020-12-29T15:27:18","guid":{"rendered":"http:\/\/journalismes-info.ejdg.fr\/?p=6350"},"modified":"2021-01-12T16:28:11","modified_gmt":"2021-01-12T15:28:11","slug":"projet-cartel-des-journalistes-continuent-le-travail-denquete-de-leur-consoeur-mexicaine-assassinee","status":"publish","type":"post","link":"http:\/\/journalismes-info.ejdg.fr\/index.php\/2020\/12\/29\/projet-cartel-des-journalistes-continuent-le-travail-denquete-de-leur-consoeur-mexicaine-assassinee\/","title":{"rendered":"Projet Cartel : des journalistes continuent le travail d\u2019enqu\u00eate de leur cons\u0153ur mexicaine assassin\u00e9e."},"content":{"rendered":"<p>[et_pb_section bb_built=\u00a0\u00bb1&Prime;][et_pb_row][et_pb_column type=\u00a0\u00bb4_4&Prime;][et_pb_post_title admin_label=\u00a0\u00bbPROJET CARTEL : Quand des journalistes continuent le travail d\u2019enqu\u00eate de leur cons\u0153ur mexicaine assassin\u00e9e.\u00a0\u00bb _builder_version=\u00a0\u00bb3.0.75&Prime; title=\u00a0\u00bbon\u00a0\u00bb meta=\u00a0\u00bbon\u00a0\u00bb author=\u00a0\u00bbon\u00a0\u00bb date=\u00a0\u00bbon\u00a0\u00bb categories=\u00a0\u00bbon\u00a0\u00bb comments=\u00a0\u00bbon\u00a0\u00bb featured_image=\u00a0\u00bboff\u00a0\u00bb featured_placement=\u00a0\u00bbbelow\u00a0\u00bb text_color=\u00a0\u00bbdark\u00a0\u00bb text_background=\u00a0\u00bboff\u00a0\u00bb border_style=\u00a0\u00bbsolid\u00a0\u00bb text_orientation=\u00a0\u00bbcenter\u00a0\u00bb title_font=\u00a0\u00bb||||\u00a0\u00bb title_text_color=\u00a0\u00bbrgba(0,0,0,0.91)\u00a0\u00bb \/][\/et_pb_column][\/et_pb_row][et_pb_row][et_pb_column type=\u00a0\u00bb4_4&Prime;][et_pb_text _builder_version=\u00a0\u00bb3.0.75&Prime; background_layout=\u00a0\u00bblight\u00a0\u00bb border_style=\u00a0\u00bbsolid\u00a0\u00bb text_font_size=\u00a0\u00bb16&Prime;]<\/p>\n<p><span style=\"font-weight: 400;\">En vingt ans, ce sont 119 journalistes qui ont \u00e9t\u00e9 tu\u00e9 au Mexique. R\u00e9gina Martinez est l\u2019une d\u2019entre elles. Le journal <\/span><i><span style=\"font-weight: 400;\">Le Monde <\/span><\/i><span style=\"font-weight: 400;\">a\u00a0<\/span><span style=\"font-weight: 400;\">publi\u00e9 le 6 d\u00e9cembre 2020 une enqu\u00eate men\u00e9e avec le collectif Forbidden Stories.\u00a0<\/span><span style=\"font-weight: 400;\">Le 28 avril 2012, cette journaliste d\u2019investigation se faisait sauvagement <a href=\"https:\/\/www.lemonde.fr\/international\/article\/2020\/12\/06\/au-mexique-le-silence-ou-la-mort-pour-les-journalistes_6062400_3210.html\"><strong>\u00e9trangler<\/strong><\/a><\/span><span style=\"font-weight: 400;\"><a href=\"https:\/\/www.lemonde.fr\/international\/article\/2020\/12\/06\/au-mexique-le-silence-ou-la-mort-pour-les-journalistes_6062400_3210.html\"><strong> \u00e0 l\u2019aide d\u2019une serpill\u00e8re<\/strong><\/a>, dans sa baignoire \u00e0 Xalapa, capitale de l\u2019Etat de Veracruz. R\u00e9gina Martinez travaillait au journal national <em>El Proceso<\/em> et avait d\u00e9j\u00e0 publi\u00e9 plusieurs reportages sur les liens entretenus\u00a0avec des narcotrafiquants par les politiques de l\u2019Etat de Veracruz . Comme un dernier hommage, et afin que son travail ne tombe pas dans l\u2019oubli, <strong><a href=\"https:\/\/www.franceculture.fr\/emissions\/revue-de-presse-internationale\/la-revue-de-presse-internationale-emission-du-lundi-07-decembre-2020\">plus de soixante journalistes\u00a0<\/a><\/strong>ont repris son enqu\u00eate : c\u2019est le projet Cartel. Depuis 2017, le collectif <strong><a href=\"https:\/\/rsf.org\/fr\/actualites\/lancement-du-projet-forbidden-stories\">Forbidden Stories s&rsquo;engage \u00e0 coordonner la continuit\u00e9 d&rsquo;enqu\u00eates<\/a><\/strong> de journalistes assassin\u00e9s. Et afin d\u2019assurer un maximum la s\u00e9curit\u00e9 des journalistes, un plan strat\u00e9gique est mis en place. Lorsque l\u2019un des leurs s\u2019appr\u00eate \u00e0 publier une information compromettant sa s\u00e9curit\u00e9, d\u2019autres journalistes le font simultan\u00e9ment. Ainsi, il devient plus compliqu\u00e9 pour les d\u00e9tracteurs de remonter \u00e0 la source de la personne \u00e0 l\u2019origine de la r\u00e9v\u00e9lation.\u00a0<\/span><\/p>\n<p>&nbsp;<\/p>\n<p>[\/et_pb_text][\/et_pb_column][\/et_pb_row][\/et_pb_section]<\/p>\n","protected":false},"excerpt":{"rendered":"<p>[et_pb_section bb_built=\u00a0\u00bb1&Prime;][et_pb_row][et_pb_column type=\u00a0\u00bb4_4&Prime;][et_pb_post_title admin_label=\u00a0\u00bbPROJET CARTEL : Quand des journalistes continuent le travail d\u2019enqu\u00eate de leur cons\u0153ur mexicaine assassin\u00e9e.\u00a0\u00bb _builder_version=\u00a0\u00bb3.0.75&Prime; title=\u00a0\u00bbon\u00a0\u00bb meta=\u00a0\u00bbon\u00a0\u00bb author=\u00a0\u00bbon\u00a0\u00bb date=\u00a0\u00bbon\u00a0\u00bb categories=\u00a0\u00bbon\u00a0\u00bb comments=\u00a0\u00bbon\u00a0\u00bb featured_image=\u00a0\u00bboff\u00a0\u00bb featured_placement=\u00a0\u00bbbelow\u00a0\u00bb text_color=\u00a0\u00bbdark\u00a0\u00bb text_background=\u00a0\u00bboff\u00a0\u00bb border_style=\u00a0\u00bbsolid\u00a0\u00bb text_orientation=\u00a0\u00bbcenter\u00a0\u00bb title_font=\u00a0\u00bb||||\u00a0\u00bb title_text_color=\u00a0\u00bbrgba(0,0,0,0.91)\u00a0\u00bb \/][\/et_pb_column][\/et_pb_row][et_pb_row][et_pb_column type=\u00a0\u00bb4_4&Prime;][et_pb_text _builder_version=\u00a0\u00bb3.0.75&Prime; background_layout=\u00a0\u00bblight\u00a0\u00bb border_style=\u00a0\u00bbsolid\u00a0\u00bb text_font_size=\u00a0\u00bb16&Prime;] En vingt ans, ce sont 119 journalistes qui ont \u00e9t\u00e9 tu\u00e9 au Mexique. R\u00e9gina Martinez est [&hellip;]<\/p>\n","protected":false},"author":132,"featured_media":2380,"comment_status":"closed","ping_status":"closed","sticky":false,"template":"","format":"standard","meta":[],"categories":[2],"tags":[253,342,27,1135,710,1136],"_links":{"self":[{"href":"http:\/\/journalismes-info.ejdg.fr\/index.php\/wp-json\/wp\/v2\/posts\/6350"}],"collection":[{"href":"http:\/\/journalismes-info.ejdg.fr\/index.php\/wp-json\/wp\/v2\/posts"}],"about":[{"href":"http:\/\/journalismes-info.ejdg.fr\/index.php\/wp-json\/wp\/v2\/types\/post"}],"author":[{"embeddable":true,"href":"http:\/\/journalismes-info.ejdg.fr\/index.php\/wp-json\/wp\/v2\/users\/132"}],"replies":[{"embeddable":true,"href":"http:\/\/journalismes-info.ejdg.fr\/index.php\/wp-json\/wp\/v2\/comments?post=6350"}],"version-history":[{"count":6,"href":"http:\/\/journalismes-info.ejdg.fr\/index.php\/wp-json\/wp\/v2\/posts\/6350\/revisions"}],"predecessor-version":[{"id":6447,"href":"http:\/\/journalismes-info.ejdg.fr\/index.php\/wp-json\/wp\/v2\/posts\/6350\/revisions\/6447"}],"wp:featuredmedia":[{"embeddable":true,"href":"http:\/\/journalismes-info.ejdg.fr\/index.php\/wp-json\/wp\/v2\/media\/2380"}],"wp:attachment":[{"href":"http:\/\/journalismes-info.ejdg.fr\/index.php\/wp-json\/wp\/v2\/media?parent=6350"}],"wp:term":[{"taxonomy":"category","embeddable":true,"href":"http:\/\/journalismes-info.ejdg.fr\/index.php\/wp-json\/wp\/v2\/categories?post=6350"},{"taxonomy":"post_tag","embeddable":true,"href":"http:\/\/journalismes-info.ejdg.fr\/index.php\/wp-json\/wp\/v2\/tags?post=6350"}],"curies":[{"name":"wp","href":"https:\/\/api.w.org\/{rel}","templated":true}]}}