{"id":6304,"date":"2020-12-19T15:05:23","date_gmt":"2020-12-19T14:05:23","guid":{"rendered":"http:\/\/journalismes-info.ejdg.fr\/?p=6304"},"modified":"2021-01-13T15:06:10","modified_gmt":"2021-01-13T14:06:10","slug":"laffaire-xavier-dupont-de-ligonnes-va-etre-adaptee-en-serie","status":"publish","type":"post","link":"http:\/\/journalismes-info.ejdg.fr\/index.php\/2020\/12\/19\/laffaire-xavier-dupont-de-ligonnes-va-etre-adaptee-en-serie\/","title":{"rendered":"L\u2019affaire Xavier Dupont de Ligonn\u00e8s va \u00eatre adapt\u00e9e en s\u00e9rie"},"content":{"rendered":"<p>[et_pb_section bb_built=\u00a0\u00bb1&Prime;][et_pb_row][et_pb_column type=\u00a0\u00bb4_4&Prime;][et_pb_post_title _builder_version=\u00a0\u00bb3.0.75&Prime; title=\u00a0\u00bbon\u00a0\u00bb meta=\u00a0\u00bbon\u00a0\u00bb author=\u00a0\u00bbon\u00a0\u00bb date=\u00a0\u00bbon\u00a0\u00bb categories=\u00a0\u00bbon\u00a0\u00bb comments=\u00a0\u00bbon\u00a0\u00bb featured_image=\u00a0\u00bboff\u00a0\u00bb featured_placement=\u00a0\u00bbbelow\u00a0\u00bb text_color=\u00a0\u00bbdark\u00a0\u00bb text_background=\u00a0\u00bboff\u00a0\u00bb border_style=\u00a0\u00bbsolid\u00a0\u00bb text_orientation=\u00a0\u00bbcenter\u00a0\u00bb title_font=\u00a0\u00bb||||\u00a0\u00bb title_text_color=\u00a0\u00bbrgba(0,0,0,0.91)\u00a0\u00bb \/][\/et_pb_column][\/et_pb_row][et_pb_row][et_pb_column type=\u00a0\u00bb4_4&Prime;][et_pb_text _builder_version=\u00a0\u00bb3.0.75&Prime; background_layout=\u00a0\u00bblight\u00a0\u00bb border_style=\u00a0\u00bbsolid\u00a0\u00bb text_font_size=\u00a0\u00bb16&Prime;]<\/p>\n<p>Apr\u00e8s les magazines et le livre, place maintenant \u00e0 la s\u00e9rie. Cette enqu\u00eate publi\u00e9e\u00a0en deux num\u00e9ros\u00a0par <em>Society<\/em> durant l&rsquo;\u00e9t\u00e9 2020\u00a0\u00a0a connu un v\u00e9ritable succ\u00e8s puisqu\u2019il a \u00e9t\u00e9 vendu \u00e0 pr\u00e8s de 400 000 exemplaires dans les kiosques. Face \u00e0 l\u2019engouement du public, le groupe<em>\u00a0So Press<\/em> a d\u00e9cid\u00e9 de diffuser ce fait divers \u00e0 la t\u00e9l\u00e9vision. <em>Strat\u00e9gies<\/em> annonce que <a href=\"https:\/\/www.strategies.fr\/actualites\/medias\/4053944W\/affaire-dupont-de-ligonnes-l-enquete-de-society-va-etre-adaptee-en-serie.html\"><strong>l<\/strong><strong>\u2019\u00e9diteur du magazine a sign\u00e9 un partenariat avec le groupe audiovisuel Federation Entertainment<\/strong> <\/a>pour \u00ab\u00a0coproduire des adaptations audiovisuelles d\u2019enqu\u00eates et articles publi\u00e9s par <em>So Press\u00a0<\/em>\u00bb.\u00a0Le premier projet sera consacr\u00e9 \u00e0<strong><a href=\"https:\/\/www.francetvinfo.fr\/faits-divers\/xavier-dupont-de-ligonnes\/affaire-dupont-de-ligonnes-retour-sur-8-ans-de-mystere_3656389.html\"> Xavier Dupont de Ligonn\u00e8s, <\/a><\/strong>l\u2019homme suspect\u00e9 d\u2019avoir tu\u00e9 sa femme et ses quatre enfants \u00e0 Nantes, en avril 2011 et qui n\u2019a jamais \u00e9t\u00e9 retrouv\u00e9. Pour cela, <em>Society <\/em>souhaite garder la mainmise sur ses recherches et<strong>\u00a0<a href=\"https:\/\/www.franceinter.fr\/emissions\/l-instant-m\/l-instant-m-07-decembre-2020\">rester fid\u00e8le aux enqu\u00eates journalistiques<\/a>. <\/strong><em>\u00abOn va \u00eatre hyper impliqu\u00e9 pour qu\u2019on soit garants de l\u2019\u00e9thique et de la d\u00e9ontologie\u00a0\u00bb<\/em>, pr\u00e9cise sur <em>France Inter <\/em>Franck Annese, le fondateur de <em>So Press<\/em>. Cette nouvelle s\u00e9rie sera la troisi\u00e8me fiction sur l\u2019affaire apr\u00e8s le t\u00e9l\u00e9film<em> La part du soup\u00e7on<\/em> sur <em>TF1<\/em> et la minis\u00e9rie<em> Un Homme ordinaire<\/em> sur<em> M6<\/em>.<\/p>\n<p>L\u00e9gende : Les unes du magazine <em>Society<\/em> consacr\u00e9es \u00e0 l\u2019affaire Xavier Dupont de Ligonn\u00e8s.<\/p>\n<p>[\/et_pb_text][\/et_pb_column][\/et_pb_row][\/et_pb_section]<\/p>\n","protected":false},"excerpt":{"rendered":"<p>[et_pb_section bb_built=\u00a0\u00bb1&Prime;][et_pb_row][et_pb_column type=\u00a0\u00bb4_4&Prime;][et_pb_post_title _builder_version=\u00a0\u00bb3.0.75&Prime; title=\u00a0\u00bbon\u00a0\u00bb meta=\u00a0\u00bbon\u00a0\u00bb author=\u00a0\u00bbon\u00a0\u00bb date=\u00a0\u00bbon\u00a0\u00bb categories=\u00a0\u00bbon\u00a0\u00bb comments=\u00a0\u00bbon\u00a0\u00bb featured_image=\u00a0\u00bboff\u00a0\u00bb featured_placement=\u00a0\u00bbbelow\u00a0\u00bb text_color=\u00a0\u00bbdark\u00a0\u00bb text_background=\u00a0\u00bboff\u00a0\u00bb border_style=\u00a0\u00bbsolid\u00a0\u00bb text_orientation=\u00a0\u00bbcenter\u00a0\u00bb title_font=\u00a0\u00bb||||\u00a0\u00bb title_text_color=\u00a0\u00bbrgba(0,0,0,0.91)\u00a0\u00bb \/][\/et_pb_column][\/et_pb_row][et_pb_row][et_pb_column type=\u00a0\u00bb4_4&Prime;][et_pb_text _builder_version=\u00a0\u00bb3.0.75&Prime; background_layout=\u00a0\u00bblight\u00a0\u00bb border_style=\u00a0\u00bbsolid\u00a0\u00bb text_font_size=\u00a0\u00bb16&Prime;] Apr\u00e8s les magazines et le livre, place maintenant \u00e0 la s\u00e9rie. Cette enqu\u00eate publi\u00e9e\u00a0en deux num\u00e9ros\u00a0par Society durant l&rsquo;\u00e9t\u00e9 2020\u00a0\u00a0a connu un v\u00e9ritable succ\u00e8s puisqu\u2019il a \u00e9t\u00e9 vendu \u00e0 pr\u00e8s de [&hellip;]<\/p>\n","protected":false},"author":135,"featured_media":6305,"comment_status":"closed","ping_status":"closed","sticky":false,"template":"","format":"standard","meta":[],"categories":[2],"tags":[919,253,1132,400],"_links":{"self":[{"href":"http:\/\/journalismes-info.ejdg.fr\/index.php\/wp-json\/wp\/v2\/posts\/6304"}],"collection":[{"href":"http:\/\/journalismes-info.ejdg.fr\/index.php\/wp-json\/wp\/v2\/posts"}],"about":[{"href":"http:\/\/journalismes-info.ejdg.fr\/index.php\/wp-json\/wp\/v2\/types\/post"}],"author":[{"embeddable":true,"href":"http:\/\/journalismes-info.ejdg.fr\/index.php\/wp-json\/wp\/v2\/users\/135"}],"replies":[{"embeddable":true,"href":"http:\/\/journalismes-info.ejdg.fr\/index.php\/wp-json\/wp\/v2\/comments?post=6304"}],"version-history":[{"count":5,"href":"http:\/\/journalismes-info.ejdg.fr\/index.php\/wp-json\/wp\/v2\/posts\/6304\/revisions"}],"predecessor-version":[{"id":6458,"href":"http:\/\/journalismes-info.ejdg.fr\/index.php\/wp-json\/wp\/v2\/posts\/6304\/revisions\/6458"}],"wp:featuredmedia":[{"embeddable":true,"href":"http:\/\/journalismes-info.ejdg.fr\/index.php\/wp-json\/wp\/v2\/media\/6305"}],"wp:attachment":[{"href":"http:\/\/journalismes-info.ejdg.fr\/index.php\/wp-json\/wp\/v2\/media?parent=6304"}],"wp:term":[{"taxonomy":"category","embeddable":true,"href":"http:\/\/journalismes-info.ejdg.fr\/index.php\/wp-json\/wp\/v2\/categories?post=6304"},{"taxonomy":"post_tag","embeddable":true,"href":"http:\/\/journalismes-info.ejdg.fr\/index.php\/wp-json\/wp\/v2\/tags?post=6304"}],"curies":[{"name":"wp","href":"https:\/\/api.w.org\/{rel}","templated":true}]}}