{"id":5971,"date":"2020-12-11T16:41:22","date_gmt":"2020-12-11T15:41:22","guid":{"rendered":"http:\/\/journalismes-info.ejdg.fr\/?p=5971"},"modified":"2021-01-13T16:46:35","modified_gmt":"2021-01-13T15:46:35","slug":"verrouillage-mediatique-nouveau-decret-pour-controler-la-presse-en-ligne-en-algerie","status":"publish","type":"post","link":"http:\/\/journalismes-info.ejdg.fr\/index.php\/2020\/12\/11\/verrouillage-mediatique-nouveau-decret-pour-controler-la-presse-en-ligne-en-algerie\/","title":{"rendered":"Verrouillage m\u00e9diatique : nouveau d\u00e9cret pour contr\u00f4ler la presse en ligne en Alg\u00e9rie"},"content":{"rendered":"<p>[et_pb_section bb_built=\u00a0\u00bb1&Prime;][et_pb_row][et_pb_column type=\u00a0\u00bb4_4&Prime;][et_pb_post_title _builder_version=\u00a0\u00bb3.0.75&Prime; title=\u00a0\u00bbon\u00a0\u00bb meta=\u00a0\u00bbon\u00a0\u00bb author=\u00a0\u00bbon\u00a0\u00bb date=\u00a0\u00bbon\u00a0\u00bb categories=\u00a0\u00bbon\u00a0\u00bb comments=\u00a0\u00bbon\u00a0\u00bb featured_image=\u00a0\u00bboff\u00a0\u00bb featured_placement=\u00a0\u00bbbelow\u00a0\u00bb text_color=\u00a0\u00bbdark\u00a0\u00bb text_background=\u00a0\u00bboff\u00a0\u00bb border_style=\u00a0\u00bbsolid\u00a0\u00bb text_orientation=\u00a0\u00bbcenter\u00a0\u00bb title_font=\u00a0\u00bb||||\u00a0\u00bb title_text_color=\u00a0\u00bbrgba(0,0,0,0.91)\u00a0\u00bb \/][\/et_pb_column][\/et_pb_row][et_pb_row][et_pb_column type=\u00a0\u00bb4_4&Prime;][et_pb_text _builder_version=\u00a0\u00bb3.0.75&Prime; background_layout=\u00a0\u00bblight\u00a0\u00bb border_style=\u00a0\u00bbsolid\u00a0\u00bb text_font_size=\u00a0\u00bb16&Prime;]<\/p>\n<p>Les m\u00e9dias en ligne font actuellement les frais d\u2019une politique de mus\u00e8lement en Alg\u00e9rie. Au cours de l\u2019ann\u00e9e 2020, au moins <a href=\"https:\/\/www.lemonde.fr\/afrique\/article\/2020\/12\/03\/en-algerie-le-regime-serre-a-nouveau-la-vis-contre-les-medias-en-ligne_6062022_3212.html\"><strong>une dizaine de sites d\u2019information ont \u00e9t\u00e9 censur\u00e9s<\/strong><\/a> par les autorit\u00e9s. Et depuis mercredi 9 d\u00e9cembre, de nouvelles dispositions ont \u00e9t\u00e9 prises par le gouvernement pour encore davantage contr\u00f4ler ces m\u00e9dias sur les plans technique et \u00e9ditorial. Selon<a href=\"https:\/\/fr.africanews.com\/2020\/12\/09\/un-decret-pour-controler-les-medias-en-ligne-algeriens\/\/\"><strong> un article publi\u00e9 sur A<em>fricanews<\/em><\/strong><\/a>, un nouveau texte soumet les m\u00e9dias \u00e9lectroniques \u00e0 de multiples autorisations et v\u00e9rifications. En effet, ils sont appel\u00e9s \u00e0 d\u00e9livrer de nombreuses informations sur leur h\u00e9bergement, leur financement, et sont contraints de conserver une archive de tous les contenus sur une dur\u00e9e minimale de six mois. Par ailleurs, les journaux en ligne publiant en langue \u00e9trang\u00e8re, notamment en fran\u00e7ais, doivent d\u00e9sormais obtenir l\u2019accord de l\u2019autorit\u00e9 en charge de la presse \u00e9lectronique dans le pays. Ce nouveau d\u00e9cret stipule \u00e9galement que tous les sites doivent dor\u00e9navant \u00eatre \u00ab\u00a0exclusivement\u00a0\u00bb\u00a0 h\u00e9berg\u00e9s\u00a0 en Alg\u00e9rie sous le nom de domaine \u00ab.dz\u00a0\u00bb. Depuis la publication de ce d\u00e9cret, les journalistes n\u2019ont cess\u00e9 de d\u00e9noncer un \u00ab\u00a0verrouillage m\u00e9diatique extr\u00eame\u00a0\u00bb. S\u2019exprimant sur le sujet, le ministre de la communication et ancien journaliste, Ammar Belhimer, a fait savoir que ces r\u00e8gles sont cens\u00e9es \u00ab\u00a0faciliter l\u2019organisation de la profession\u00a0\u00bb en dressant \u00ab\u00a0une cartographie des m\u00e9dias\u00a0\u00bb. Il a \u00e9galement exprim\u00e9 une volont\u00e9 de lutter contre le discours de haine et de d\u00e9sinformation tr\u00e8s pr\u00e9sent dans ces m\u00e9dias, qui disposent d\u00e8s \u00e0 pr\u00e9sent, de douze mois pour se conformer \u00e0 ces nouvelles dispositions.<\/p>\n<p>[\/et_pb_text][\/et_pb_column][\/et_pb_row][\/et_pb_section]<\/p>\n","protected":false},"excerpt":{"rendered":"<p>[et_pb_section bb_built=\u00a0\u00bb1&Prime;][et_pb_row][et_pb_column type=\u00a0\u00bb4_4&Prime;][et_pb_post_title _builder_version=\u00a0\u00bb3.0.75&Prime; title=\u00a0\u00bbon\u00a0\u00bb meta=\u00a0\u00bbon\u00a0\u00bb author=\u00a0\u00bbon\u00a0\u00bb date=\u00a0\u00bbon\u00a0\u00bb categories=\u00a0\u00bbon\u00a0\u00bb comments=\u00a0\u00bbon\u00a0\u00bb featured_image=\u00a0\u00bboff\u00a0\u00bb featured_placement=\u00a0\u00bbbelow\u00a0\u00bb text_color=\u00a0\u00bbdark\u00a0\u00bb text_background=\u00a0\u00bboff\u00a0\u00bb border_style=\u00a0\u00bbsolid\u00a0\u00bb text_orientation=\u00a0\u00bbcenter\u00a0\u00bb title_font=\u00a0\u00bb||||\u00a0\u00bb title_text_color=\u00a0\u00bbrgba(0,0,0,0.91)\u00a0\u00bb \/][\/et_pb_column][\/et_pb_row][et_pb_row][et_pb_column type=\u00a0\u00bb4_4&Prime;][et_pb_text _builder_version=\u00a0\u00bb3.0.75&Prime; background_layout=\u00a0\u00bblight\u00a0\u00bb border_style=\u00a0\u00bbsolid\u00a0\u00bb text_font_size=\u00a0\u00bb16&Prime;] Les m\u00e9dias en ligne font actuellement les frais d\u2019une politique de mus\u00e8lement en Alg\u00e9rie. Au cours de l\u2019ann\u00e9e 2020, au moins une dizaine de sites d\u2019information ont \u00e9t\u00e9 censur\u00e9s par les [&hellip;]<\/p>\n","protected":false},"author":156,"featured_media":5972,"comment_status":"closed","ping_status":"closed","sticky":false,"template":"","format":"standard","meta":[],"categories":[2],"tags":[1079,1082,1081,577,817,1083,1080],"_links":{"self":[{"href":"http:\/\/journalismes-info.ejdg.fr\/index.php\/wp-json\/wp\/v2\/posts\/5971"}],"collection":[{"href":"http:\/\/journalismes-info.ejdg.fr\/index.php\/wp-json\/wp\/v2\/posts"}],"about":[{"href":"http:\/\/journalismes-info.ejdg.fr\/index.php\/wp-json\/wp\/v2\/types\/post"}],"author":[{"embeddable":true,"href":"http:\/\/journalismes-info.ejdg.fr\/index.php\/wp-json\/wp\/v2\/users\/156"}],"replies":[{"embeddable":true,"href":"http:\/\/journalismes-info.ejdg.fr\/index.php\/wp-json\/wp\/v2\/comments?post=5971"}],"version-history":[{"count":6,"href":"http:\/\/journalismes-info.ejdg.fr\/index.php\/wp-json\/wp\/v2\/posts\/5971\/revisions"}],"predecessor-version":[{"id":6463,"href":"http:\/\/journalismes-info.ejdg.fr\/index.php\/wp-json\/wp\/v2\/posts\/5971\/revisions\/6463"}],"wp:featuredmedia":[{"embeddable":true,"href":"http:\/\/journalismes-info.ejdg.fr\/index.php\/wp-json\/wp\/v2\/media\/5972"}],"wp:attachment":[{"href":"http:\/\/journalismes-info.ejdg.fr\/index.php\/wp-json\/wp\/v2\/media?parent=5971"}],"wp:term":[{"taxonomy":"category","embeddable":true,"href":"http:\/\/journalismes-info.ejdg.fr\/index.php\/wp-json\/wp\/v2\/categories?post=5971"},{"taxonomy":"post_tag","embeddable":true,"href":"http:\/\/journalismes-info.ejdg.fr\/index.php\/wp-json\/wp\/v2\/tags?post=5971"}],"curies":[{"name":"wp","href":"https:\/\/api.w.org\/{rel}","templated":true}]}}