{"id":5966,"date":"2020-12-10T14:28:37","date_gmt":"2020-12-10T13:28:37","guid":{"rendered":"http:\/\/journalismes-info.ejdg.fr\/?p=5966"},"modified":"2021-01-12T14:29:01","modified_gmt":"2021-01-12T13:29:01","slug":"les-grosses-tetes-une-emission-discriminante-selon-une-etude-de-lajl","status":"publish","type":"post","link":"http:\/\/journalismes-info.ejdg.fr\/index.php\/2020\/12\/10\/les-grosses-tetes-une-emission-discriminante-selon-une-etude-de-lajl\/","title":{"rendered":"Les Grosses T\u00eates, une \u00e9mission discriminante selon une \u00e9tude de l&rsquo;AJL"},"content":{"rendered":"<p>[et_pb_section bb_built=\u00a0\u00bb1&Prime;][et_pb_row][et_pb_column type=\u00a0\u00bb4_4&Prime;][et_pb_post_title _builder_version=\u00a0\u00bb3.0.75&Prime; title=\u00a0\u00bbon\u00a0\u00bb meta=\u00a0\u00bbon\u00a0\u00bb author=\u00a0\u00bbon\u00a0\u00bb date=\u00a0\u00bbon\u00a0\u00bb categories=\u00a0\u00bbon\u00a0\u00bb comments=\u00a0\u00bbon\u00a0\u00bb featured_image=\u00a0\u00bboff\u00a0\u00bb featured_placement=\u00a0\u00bbbelow\u00a0\u00bb text_color=\u00a0\u00bbdark\u00a0\u00bb text_background=\u00a0\u00bboff\u00a0\u00bb border_style=\u00a0\u00bbsolid\u00a0\u00bb text_orientation=\u00a0\u00bbcenter\u00a0\u00bb title_font=\u00a0\u00bb||||\u00a0\u00bb title_text_color=\u00a0\u00bbrgba(0,0,0,0.91)\u00a0\u00bb \/][\/et_pb_column][\/et_pb_row][et_pb_row][et_pb_column type=\u00a0\u00bb4_4&Prime;][et_pb_text _builder_version=\u00a0\u00bb3.0.75&Prime; background_layout=\u00a0\u00bblight\u00a0\u00bb border_style=\u00a0\u00bbsolid\u00a0\u00bb text_font_size=\u00a0\u00bb16&Prime;]<\/p>\n<p class=\"p1\">Homophobie, racisme, sexisme, grossophobie\u2026 L\u2019\u00e9mission <i>Les Grosses T\u00eates<\/i> sur RTL d\u00e9borde de propos discriminants selon l\u2019<strong><a href=\"https:\/\/www.ajlgbt.info\/\">AJL <\/a><\/strong>(Association des journalistes LGBTI). L\u2019organisation a \u00e9cout\u00e9 pendant un mois les deux heures quotidiennes d\u2019antenne radio de l\u2019\u00e9quipe de Laurent Ruquier. <strong><a href=\"https:\/\/grossestetes.ajlgbt.info\/\">Dans son enqu\u00eate<\/a><\/strong> publi\u00e9e le mardi 8 d\u00e9cembre 2020, l&rsquo;association rel\u00e8ve 19 s\u00e9quences discriminantes en moyenne par \u00e9mission. La diversit\u00e9 dans le choix des chroniqueurs ne change pas la donne. Les femmes et les personnes LGBT sont les plus vis\u00e9es. 159 propos sexistes et\u00a066\u00a0d\u00e9clarations homophobes et transphobes ont \u00e9t\u00e9 comptabilis\u00e9es en 24 \u00e9missions. L\u2019AJL \u00e9voque \u00ab\u00a0un acharnement dissimul\u00e9 derri\u00e8re le rire\u00a0\u00bb. <i>Les Grosses T\u00eates<\/i> est d\u2019ailleurs <strong><a href=\"https:\/\/www.rtl.fr\/culture\/medias-people\/audiences-radio-rtl-signe-la-deuxieme-meilleure-rentree-de-son-histoire-7800925372\">l\u2019un des programmes radios les plus \u00e9cout\u00e9s<\/a><\/strong> en France avec 2 millions d\u2019auditeurs chaque jour de 15h30 \u00e0 18h. L\u2019AJL appelle \u00e0 un traitement m\u00e9diatique plus respectueux des minorit\u00e9s. Suite \u00e0 leur publication, le pr\u00e9sident du CSA (Conseil sup\u00e9rieur de l\u2019audiovisuel), Roch-Olivier Maistre, a annonc\u00e9 qu\u2019il allait \u00ab\u00a0regarder de pr\u00e8s cette \u00e9tude\u00a0\u00bb.<\/p>\n<p>[\/et_pb_text][\/et_pb_column][\/et_pb_row][\/et_pb_section]<\/p>\n","protected":false},"excerpt":{"rendered":"<p>[et_pb_section bb_built=\u00a0\u00bb1&Prime;][et_pb_row][et_pb_column type=\u00a0\u00bb4_4&Prime;][et_pb_post_title _builder_version=\u00a0\u00bb3.0.75&Prime; title=\u00a0\u00bbon\u00a0\u00bb meta=\u00a0\u00bbon\u00a0\u00bb author=\u00a0\u00bbon\u00a0\u00bb date=\u00a0\u00bbon\u00a0\u00bb categories=\u00a0\u00bbon\u00a0\u00bb comments=\u00a0\u00bbon\u00a0\u00bb featured_image=\u00a0\u00bboff\u00a0\u00bb featured_placement=\u00a0\u00bbbelow\u00a0\u00bb text_color=\u00a0\u00bbdark\u00a0\u00bb text_background=\u00a0\u00bboff\u00a0\u00bb border_style=\u00a0\u00bbsolid\u00a0\u00bb text_orientation=\u00a0\u00bbcenter\u00a0\u00bb title_font=\u00a0\u00bb||||\u00a0\u00bb title_text_color=\u00a0\u00bbrgba(0,0,0,0.91)\u00a0\u00bb \/][\/et_pb_column][\/et_pb_row][et_pb_row][et_pb_column type=\u00a0\u00bb4_4&Prime;][et_pb_text _builder_version=\u00a0\u00bb3.0.75&Prime; background_layout=\u00a0\u00bblight\u00a0\u00bb border_style=\u00a0\u00bbsolid\u00a0\u00bb text_font_size=\u00a0\u00bb16&Prime;] Homophobie, racisme, sexisme, grossophobie\u2026 L\u2019\u00e9mission Les Grosses T\u00eates sur RTL d\u00e9borde de propos discriminants selon l\u2019AJL (Association des journalistes LGBTI). L\u2019organisation a \u00e9cout\u00e9 pendant un mois les deux heures quotidiennes d\u2019antenne [&hellip;]<\/p>\n","protected":false},"author":137,"featured_media":5524,"comment_status":"closed","ping_status":"closed","sticky":false,"template":"","format":"standard","meta":[],"categories":[2],"tags":[1067,1071,1059,1070,1069,1066,1068,224,587,1058],"_links":{"self":[{"href":"http:\/\/journalismes-info.ejdg.fr\/index.php\/wp-json\/wp\/v2\/posts\/5966"}],"collection":[{"href":"http:\/\/journalismes-info.ejdg.fr\/index.php\/wp-json\/wp\/v2\/posts"}],"about":[{"href":"http:\/\/journalismes-info.ejdg.fr\/index.php\/wp-json\/wp\/v2\/types\/post"}],"author":[{"embeddable":true,"href":"http:\/\/journalismes-info.ejdg.fr\/index.php\/wp-json\/wp\/v2\/users\/137"}],"replies":[{"embeddable":true,"href":"http:\/\/journalismes-info.ejdg.fr\/index.php\/wp-json\/wp\/v2\/comments?post=5966"}],"version-history":[{"count":3,"href":"http:\/\/journalismes-info.ejdg.fr\/index.php\/wp-json\/wp\/v2\/posts\/5966\/revisions"}],"predecessor-version":[{"id":6433,"href":"http:\/\/journalismes-info.ejdg.fr\/index.php\/wp-json\/wp\/v2\/posts\/5966\/revisions\/6433"}],"wp:featuredmedia":[{"embeddable":true,"href":"http:\/\/journalismes-info.ejdg.fr\/index.php\/wp-json\/wp\/v2\/media\/5524"}],"wp:attachment":[{"href":"http:\/\/journalismes-info.ejdg.fr\/index.php\/wp-json\/wp\/v2\/media?parent=5966"}],"wp:term":[{"taxonomy":"category","embeddable":true,"href":"http:\/\/journalismes-info.ejdg.fr\/index.php\/wp-json\/wp\/v2\/categories?post=5966"},{"taxonomy":"post_tag","embeddable":true,"href":"http:\/\/journalismes-info.ejdg.fr\/index.php\/wp-json\/wp\/v2\/tags?post=5966"}],"curies":[{"name":"wp","href":"https:\/\/api.w.org\/{rel}","templated":true}]}}