{"id":5828,"date":"2020-12-09T16:18:40","date_gmt":"2020-12-09T15:18:40","guid":{"rendered":"http:\/\/journalismes-info.ejdg.fr\/?p=5828"},"modified":"2020-12-15T16:22:13","modified_gmt":"2020-12-15T15:22:13","slug":"plus-de-600-etudiants-en-journalisme-se-mobilisent-contre-la-loi-securite-globale","status":"publish","type":"post","link":"http:\/\/journalismes-info.ejdg.fr\/index.php\/2020\/12\/09\/plus-de-600-etudiants-en-journalisme-se-mobilisent-contre-la-loi-securite-globale\/","title":{"rendered":"Plus de 600 \u00e9tudiants en journalisme se mobilisent contre la loi \u00ab\u00a0s\u00e9curit\u00e9 globale\u00a0\u00bb"},"content":{"rendered":"<p>[et_pb_section bb_built=\u00a0\u00bb1&Prime;][et_pb_row][et_pb_column type=\u00a0\u00bb4_4&Prime;][et_pb_post_title _builder_version=\u00a0\u00bb3.0.75&Prime; title=\u00a0\u00bbon\u00a0\u00bb meta=\u00a0\u00bbon\u00a0\u00bb author=\u00a0\u00bbon\u00a0\u00bb date=\u00a0\u00bbon\u00a0\u00bb categories=\u00a0\u00bbon\u00a0\u00bb comments=\u00a0\u00bbon\u00a0\u00bb featured_image=\u00a0\u00bboff\u00a0\u00bb featured_placement=\u00a0\u00bbbelow\u00a0\u00bb text_color=\u00a0\u00bbdark\u00a0\u00bb text_background=\u00a0\u00bboff\u00a0\u00bb border_style=\u00a0\u00bbsolid\u00a0\u00bb text_orientation=\u00a0\u00bbcenter\u00a0\u00bb title_font=\u00a0\u00bb||||\u00a0\u00bb title_text_color=\u00a0\u00bbrgba(0,0,0,0.91)\u00a0\u00bb \/][\/et_pb_column][\/et_pb_row][et_pb_row][et_pb_column type=\u00a0\u00bb4_4&Prime;][et_pb_text _builder_version=\u00a0\u00bb3.0.75&Prime; background_layout=\u00a0\u00bblight\u00a0\u00bb border_style=\u00a0\u00bbsolid\u00a0\u00bb text_font_size=\u00a0\u00bb16&Prime;]<\/p>\n<p>Mardi 24 novembre 2020, 616 \u00e9tudiants en journalisme ont sign\u00e9 <strong><a href=\"https:\/\/www.humanite.fr\/616-etudiant-e-s-en-journalisme-pour-le-retrait-de-la-proposition-de-loi-relative-la-securite-696627\">une tribune publi\u00e9e sur le site internet de <em>l\u2019Humanit\u00e9<\/em><\/a><\/strong>. Le but: demander le retrait de la proposition de loi relative \u00e0 la \u00ab\u00a0s\u00e9curit\u00e9 globale\u00a0\u00bb, dont <strong><a href=\"https:\/\/www.francetvinfo.fr\/politique\/proposition-de-loi-sur-la-securite-globale\/direct-le-texte-controverse-sur-la-securite-globale-soumis-au-vote-des-deputes-a-l-assemblee-nationale_4193791.html\">le vote solennel \u00e9tait pr\u00e9vu et adopt\u00e9 \u00e0 l\u2019Assembl\u00e9e nationale<\/a><\/strong> le m\u00eame jour. Ces \u00e9tudiants, issus d\u2019une vingtaine d\u2019\u00e9coles de journalisme dont la plupart reconnues par la profession, mettent notamment en cause l\u2019article 24 de la proposition de loi. Ils consid\u00e8rent que <strong>\u00ab\u00a0<\/strong><em>le droit de filmer les agents publics cens\u00e9s garantir notre s\u00e9curit\u00e9 \u00e0 tou.te.s est un droit d\u00e9mocratique qu\u2019il s\u2019agit de d\u00e9fendre<\/em>\u00a0\u00bb. Les articles 21 et 22 seraient \u00e9galement probl\u00e9matiques. Ils permettraient \u00e0 la police d\u2019\u00eatre la seule \u00e0 produire ses propres images via l\u2019utilisation de cam\u00e9ras-pi\u00e9ton et de drones. Enfin, les signataires craignent que cette loi \u00ab\u00a0<em>emp\u00eache les journalistes et les citoyen.ne.s en g\u00e9n\u00e9ral d\u2019informer sur le ph\u00e9nom\u00e8ne des violences polici\u00e8res<\/em>\u00a0\u00bb. Ces \u00e9tudiants se sont regroup\u00e9s sous le \u00ab Collectif des \u00e9tudiant.es journalistes\u00a0\u00bb, \u00e0 la suite de l\u2019une des visioconf\u00e9rences hebdomadaires qu\u2019ils organisent depuis le 4 novembre pour \u00e9changer avec des journalistes professionnels. Lundi 23 novembre, <strong><a href=\"https:\/\/twitter.com\/etujournalistes\/status\/1330974702270083072\">le collectif a \u00e9galement publi\u00e9 sur Twitter une vid\u00e9o<\/a><\/strong> sur le m\u00eame sujet. Elle a atteint plus de 27 000 vues et a \u00e9t\u00e9 relay\u00e9e par plusieurs m\u00e9dias et journalistes.<\/p>\n<p>[\/et_pb_text][\/et_pb_column][\/et_pb_row][\/et_pb_section]<\/p>\n","protected":false},"excerpt":{"rendered":"<p>[et_pb_section bb_built=\u00a0\u00bb1&Prime;][et_pb_row][et_pb_column type=\u00a0\u00bb4_4&Prime;][et_pb_post_title _builder_version=\u00a0\u00bb3.0.75&Prime; title=\u00a0\u00bbon\u00a0\u00bb meta=\u00a0\u00bbon\u00a0\u00bb author=\u00a0\u00bbon\u00a0\u00bb date=\u00a0\u00bbon\u00a0\u00bb categories=\u00a0\u00bbon\u00a0\u00bb comments=\u00a0\u00bbon\u00a0\u00bb featured_image=\u00a0\u00bboff\u00a0\u00bb featured_placement=\u00a0\u00bbbelow\u00a0\u00bb text_color=\u00a0\u00bbdark\u00a0\u00bb text_background=\u00a0\u00bboff\u00a0\u00bb border_style=\u00a0\u00bbsolid\u00a0\u00bb text_orientation=\u00a0\u00bbcenter\u00a0\u00bb title_font=\u00a0\u00bb||||\u00a0\u00bb title_text_color=\u00a0\u00bbrgba(0,0,0,0.91)\u00a0\u00bb \/][\/et_pb_column][\/et_pb_row][et_pb_row][et_pb_column type=\u00a0\u00bb4_4&Prime;][et_pb_text _builder_version=\u00a0\u00bb3.0.75&Prime; background_layout=\u00a0\u00bblight\u00a0\u00bb border_style=\u00a0\u00bbsolid\u00a0\u00bb text_font_size=\u00a0\u00bb16&Prime;] Mardi 24 novembre 2020, 616 \u00e9tudiants en journalisme ont sign\u00e9 une tribune publi\u00e9e sur le site internet de l\u2019Humanit\u00e9. Le but: demander le retrait de la proposition de loi relative \u00e0 [&hellip;]<\/p>\n","protected":false},"author":133,"featured_media":5892,"comment_status":"closed","ping_status":"closed","sticky":false,"template":"","format":"standard","meta":[],"categories":[2],"tags":[844,27,979],"_links":{"self":[{"href":"http:\/\/journalismes-info.ejdg.fr\/index.php\/wp-json\/wp\/v2\/posts\/5828"}],"collection":[{"href":"http:\/\/journalismes-info.ejdg.fr\/index.php\/wp-json\/wp\/v2\/posts"}],"about":[{"href":"http:\/\/journalismes-info.ejdg.fr\/index.php\/wp-json\/wp\/v2\/types\/post"}],"author":[{"embeddable":true,"href":"http:\/\/journalismes-info.ejdg.fr\/index.php\/wp-json\/wp\/v2\/users\/133"}],"replies":[{"embeddable":true,"href":"http:\/\/journalismes-info.ejdg.fr\/index.php\/wp-json\/wp\/v2\/comments?post=5828"}],"version-history":[{"count":5,"href":"http:\/\/journalismes-info.ejdg.fr\/index.php\/wp-json\/wp\/v2\/posts\/5828\/revisions"}],"predecessor-version":[{"id":6095,"href":"http:\/\/journalismes-info.ejdg.fr\/index.php\/wp-json\/wp\/v2\/posts\/5828\/revisions\/6095"}],"wp:featuredmedia":[{"embeddable":true,"href":"http:\/\/journalismes-info.ejdg.fr\/index.php\/wp-json\/wp\/v2\/media\/5892"}],"wp:attachment":[{"href":"http:\/\/journalismes-info.ejdg.fr\/index.php\/wp-json\/wp\/v2\/media?parent=5828"}],"wp:term":[{"taxonomy":"category","embeddable":true,"href":"http:\/\/journalismes-info.ejdg.fr\/index.php\/wp-json\/wp\/v2\/categories?post=5828"},{"taxonomy":"post_tag","embeddable":true,"href":"http:\/\/journalismes-info.ejdg.fr\/index.php\/wp-json\/wp\/v2\/tags?post=5828"}],"curies":[{"name":"wp","href":"https:\/\/api.w.org\/{rel}","templated":true}]}}