{"id":5823,"date":"2020-12-09T15:40:50","date_gmt":"2020-12-09T14:40:50","guid":{"rendered":"http:\/\/journalismes-info.ejdg.fr\/?p=5823"},"modified":"2020-12-15T15:41:28","modified_gmt":"2020-12-15T14:41:28","slug":"le-coming-out-trans-delliot-page-ravive-les-questions-sur-la-representation-des-personnes-transgenres-dans-les-medias","status":"publish","type":"post","link":"http:\/\/journalismes-info.ejdg.fr\/index.php\/2020\/12\/09\/le-coming-out-trans-delliot-page-ravive-les-questions-sur-la-representation-des-personnes-transgenres-dans-les-medias\/","title":{"rendered":"Le coming-out d\u2019Elliot Page ravive les questions sur la repr\u00e9sentation des personnes transgenres dans les m\u00e9dias"},"content":{"rendered":"<p>[et_pb_section bb_built=\u00a0\u00bb1&Prime;][et_pb_row][et_pb_column type=\u00a0\u00bb4_4&Prime;][et_pb_post_title _builder_version=\u00a0\u00bb3.0.75&Prime; title=\u00a0\u00bbon\u00a0\u00bb meta=\u00a0\u00bbon\u00a0\u00bb author=\u00a0\u00bbon\u00a0\u00bb date=\u00a0\u00bbon\u00a0\u00bb categories=\u00a0\u00bbon\u00a0\u00bb comments=\u00a0\u00bbon\u00a0\u00bb featured_image=\u00a0\u00bboff\u00a0\u00bb featured_placement=\u00a0\u00bbbelow\u00a0\u00bb text_color=\u00a0\u00bbdark\u00a0\u00bb text_background=\u00a0\u00bboff\u00a0\u00bb border_style=\u00a0\u00bbsolid\u00a0\u00bb text_orientation=\u00a0\u00bbcenter\u00a0\u00bb title_font=\u00a0\u00bb||||\u00a0\u00bb title_text_color=\u00a0\u00bbrgba(0,0,0,0.91)\u00a0\u00bb \/][\/et_pb_column][\/et_pb_row][et_pb_row][et_pb_column type=\u00a0\u00bb4_4&Prime;][et_pb_text _builder_version=\u00a0\u00bb3.0.75&Prime; background_layout=\u00a0\u00bblight\u00a0\u00bb border_style=\u00a0\u00bbsolid\u00a0\u00bb text_font_size=\u00a0\u00bb16&Prime;]<\/p>\n<p>Mardi 1er d\u00e9cembre 2020, l\u2019acteur canadien Elliot Page a fait son <em>coming-out<\/em> trans. Dans un <a href=\"https:\/\/www.instagram.com\/p\/CIQ1QFBhNFg\/\"><strong>message publi\u00e9<\/strong><\/a> sur le r\u00e9seau social Instagram, l&rsquo;acteur a \u00e9crit se d\u00e9finir comme une personne transgenre et non-binaire et a pr\u00e9cis\u00e9 que ses pronoms \u00e9taient \u00ab il\/he\u00bb ou \u00ab\u00a0iel\/they \u00bb. Aussit\u00f4t, l\u2019information s\u2019est r\u00e9pandue comme une tra\u00een\u00e9e de poudre sur internet et une avalanche d\u2019articles sont apparus dans les m\u00e9dias. Dans un <a href=\"https:\/\/twitter.com\/lecoindeslgbt\/status\/1334022251784646656\"><strong>thread publi\u00e9 sur Twitter<\/strong><\/a>, <em>Le coin des LGBT+ <\/em>est revenu sur la mani\u00e8re dont diff\u00e9rents m\u00e9dias francophones ont trait\u00e9 l\u2019information. Si globalement nombre d&rsquo;entre eux ont fait l\u2019effort d\u2019utiliser les bons pronoms, beaucoup ont fait mention de l\u2019ancien pr\u00e9nom du com\u00e9dien. Ainsi, selon <em>Le coin des LGBT+,<\/em>\u00a0<em>20 minutes<\/em> et <em>BFM TV <\/em>ont justement rapport\u00e9 l\u2019\u00e9v\u00e9nement, tandis que <em>Le Monde<\/em>, <em>Ouest-France<\/em>, <em>Le<\/em> <em>Figaro<\/em><i>,<\/i> <em>LCI<\/em>, <em>Elle<\/em>\u00a0et\u00a0<em>Le Parisien<\/em> ont encore des progr\u00e8s \u00e0 faire. De son c\u00f4t\u00e9, <em>Valeurs actuelles<\/em>, connu pour ses d\u00e9rives LGBTphobes \u00e0 r\u00e9p\u00e9tition, a encore une fois cumul\u00e9 les propos transphobes. Sur Twitter, l\u2019Association des journalistes lesbiennes, gays, bi.e.s, trans et intersexes (AJL) s\u2019est empar\u00e9 du sujet et a rapidement partag\u00e9 son kit \u00ab<strong>\u00a0<a href=\"https:\/\/www.ajlgbt.info\/informer-sans-discriminer\/respecter-les-personnes-trans\/\">Informer sans discriminer<\/a><\/strong>\u00bb \u00e0 destination des r\u00e9dactions afin de \u00ab\u00a0<em>traiter correctement et respectueusement cette information<\/em> \u00bb. L\u2019AJL a \u00e9galement propos\u00e9 en 2015 la signature d\u2019une charte intitul\u00e9e \u00ab\u00a0<a href=\"https:\/\/www.ajlgbt.info\/charte-les-medias-contre-lhomophobie\/la-charte\/\"><strong>Les m\u00e9dias contre l\u2019homophobie<\/strong><\/a>\u00a0\u00bb avec pour objectif de garantir une couverture m\u00e9diatique de qualit\u00e9 sur les th\u00e9matiques LGBTQIA+. \u00c0 ce jour, une cinquantaine de r\u00e9dactions en sont signataires.<\/p>\n<p>[\/et_pb_text][\/et_pb_column][\/et_pb_row][\/et_pb_section]<\/p>\n","protected":false},"excerpt":{"rendered":"<p>[et_pb_section bb_built=\u00a0\u00bb1&Prime;][et_pb_row][et_pb_column type=\u00a0\u00bb4_4&Prime;][et_pb_post_title _builder_version=\u00a0\u00bb3.0.75&Prime; title=\u00a0\u00bbon\u00a0\u00bb meta=\u00a0\u00bbon\u00a0\u00bb author=\u00a0\u00bbon\u00a0\u00bb date=\u00a0\u00bbon\u00a0\u00bb categories=\u00a0\u00bbon\u00a0\u00bb comments=\u00a0\u00bbon\u00a0\u00bb featured_image=\u00a0\u00bboff\u00a0\u00bb featured_placement=\u00a0\u00bbbelow\u00a0\u00bb text_color=\u00a0\u00bbdark\u00a0\u00bb text_background=\u00a0\u00bboff\u00a0\u00bb border_style=\u00a0\u00bbsolid\u00a0\u00bb text_orientation=\u00a0\u00bbcenter\u00a0\u00bb title_font=\u00a0\u00bb||||\u00a0\u00bb title_text_color=\u00a0\u00bbrgba(0,0,0,0.91)\u00a0\u00bb \/][\/et_pb_column][\/et_pb_row][et_pb_row][et_pb_column type=\u00a0\u00bb4_4&Prime;][et_pb_text _builder_version=\u00a0\u00bb3.0.75&Prime; background_layout=\u00a0\u00bblight\u00a0\u00bb border_style=\u00a0\u00bbsolid\u00a0\u00bb text_font_size=\u00a0\u00bb16&Prime;] Mardi 1er d\u00e9cembre 2020, l\u2019acteur canadien Elliot Page a fait son coming-out trans. Dans un message publi\u00e9 sur le r\u00e9seau social Instagram, l&rsquo;acteur a \u00e9crit se d\u00e9finir comme une personne transgenre [&hellip;]<\/p>\n","protected":false},"author":129,"featured_media":5888,"comment_status":"closed","ping_status":"closed","sticky":false,"template":"","format":"standard","meta":[],"categories":[2],"tags":[1041,1040,1044,1042,1043],"_links":{"self":[{"href":"http:\/\/journalismes-info.ejdg.fr\/index.php\/wp-json\/wp\/v2\/posts\/5823"}],"collection":[{"href":"http:\/\/journalismes-info.ejdg.fr\/index.php\/wp-json\/wp\/v2\/posts"}],"about":[{"href":"http:\/\/journalismes-info.ejdg.fr\/index.php\/wp-json\/wp\/v2\/types\/post"}],"author":[{"embeddable":true,"href":"http:\/\/journalismes-info.ejdg.fr\/index.php\/wp-json\/wp\/v2\/users\/129"}],"replies":[{"embeddable":true,"href":"http:\/\/journalismes-info.ejdg.fr\/index.php\/wp-json\/wp\/v2\/comments?post=5823"}],"version-history":[{"count":13,"href":"http:\/\/journalismes-info.ejdg.fr\/index.php\/wp-json\/wp\/v2\/posts\/5823\/revisions"}],"predecessor-version":[{"id":6083,"href":"http:\/\/journalismes-info.ejdg.fr\/index.php\/wp-json\/wp\/v2\/posts\/5823\/revisions\/6083"}],"wp:featuredmedia":[{"embeddable":true,"href":"http:\/\/journalismes-info.ejdg.fr\/index.php\/wp-json\/wp\/v2\/media\/5888"}],"wp:attachment":[{"href":"http:\/\/journalismes-info.ejdg.fr\/index.php\/wp-json\/wp\/v2\/media?parent=5823"}],"wp:term":[{"taxonomy":"category","embeddable":true,"href":"http:\/\/journalismes-info.ejdg.fr\/index.php\/wp-json\/wp\/v2\/categories?post=5823"},{"taxonomy":"post_tag","embeddable":true,"href":"http:\/\/journalismes-info.ejdg.fr\/index.php\/wp-json\/wp\/v2\/tags?post=5823"}],"curies":[{"name":"wp","href":"https:\/\/api.w.org\/{rel}","templated":true}]}}