{"id":5610,"date":"2020-12-09T15:16:52","date_gmt":"2020-12-09T14:16:52","guid":{"rendered":"http:\/\/journalismes-info.ejdg.fr\/?p=5610"},"modified":"2020-12-15T15:17:25","modified_gmt":"2020-12-15T14:17:25","slug":"adobe-sen-prend-a-la-desinformation","status":"publish","type":"post","link":"http:\/\/journalismes-info.ejdg.fr\/index.php\/2020\/12\/09\/adobe-sen-prend-a-la-desinformation\/","title":{"rendered":"Adobe s\u2019en prend \u00e0 la d\u00e9sinformation"},"content":{"rendered":"<p>[et_pb_section bb_built=\u00a0\u00bb1&Prime;][et_pb_row][et_pb_column type=\u00a0\u00bb4_4&Prime;][et_pb_post_title _builder_version=\u00a0\u00bb3.0.75&Prime; title=\u00a0\u00bbon\u00a0\u00bb meta=\u00a0\u00bbon\u00a0\u00bb author=\u00a0\u00bbon\u00a0\u00bb date=\u00a0\u00bbon\u00a0\u00bb categories=\u00a0\u00bbon\u00a0\u00bb comments=\u00a0\u00bbon\u00a0\u00bb featured_image=\u00a0\u00bboff\u00a0\u00bb featured_placement=\u00a0\u00bbbelow\u00a0\u00bb text_color=\u00a0\u00bbdark\u00a0\u00bb text_background=\u00a0\u00bboff\u00a0\u00bb border_style=\u00a0\u00bbsolid\u00a0\u00bb text_orientation=\u00a0\u00bbcenter\u00a0\u00bb title_font=\u00a0\u00bb||||\u00a0\u00bb title_text_color=\u00a0\u00bbrgba(0,0,0,0.91)\u00a0\u00bb \/][\/et_pb_column][\/et_pb_row][et_pb_row][et_pb_column type=\u00a0\u00bb4_4&Prime;][et_pb_text _builder_version=\u00a0\u00bb3.0.75&Prime; background_layout=\u00a0\u00bblight\u00a0\u00bb border_style=\u00a0\u00bbsolid\u00a0\u00bb text_font_size=\u00a0\u00bb16&Prime;]<\/p>\n<p class=\"p1\"><span class=\"s1\">L\u2019\u00e9diteur de logiciels Adobe a lanc\u00e9 le 20 octobre 2020 une\u00a0version \u00ab\u00a0b\u00eata\u00a0\u00bb d&rsquo;un outil d&rsquo;attribution pour Photoshop afin de certifier les images ainsi que de mieux identifier leur auteur et les modifications apport\u00e9es. En partenariat avec Twitter, Microsoft, le <em>New York Times<\/em> et la BBC, la multinationale entend <a href=\"https:\/\/www.nouvelobs.com\/teleobs\/20201020.OBS34977\/comment-photoshop-va-lutter-tres-concretement-contre-les-fake-news.html\"><strong>d\u00e9fier<\/strong> <strong>l\u2019omnipr\u00e9sence des \u00ab\u00a0fake news\u00a0\u00bb<\/strong><\/a> qui cumulent des dizaines de milliers de partages sur les r\u00e9seaux sociaux. <\/span><span class=\"s1\">Gr\u00e2ce \u00e0 cette nouvelle fonctionnalit\u00e9, les utilisateurs du Creative Cloud\u00a0auront acc\u00e8s au <strong><a href=\"https:\/\/contentauthenticity.org\/\">Content Authenticity Initiative <\/a><\/strong>(Initiative d\u2019Authenticit\u00e9 de Contenu en fran\u00e7ais). Ce nouvel outil permet aux utilisateurs de Photoshop\u00a0d\u2019ajouter des m\u00e9tadonn\u00e9es afin de prouver de l\u2019authenticit\u00e9 d\u2019une image ou de retracer les diff\u00e9rentes ressources utilis\u00e9es pour la<span style=\"color: #ff0000;\">\u00a0<\/span>cr\u00e9er. Ces informations sont ensuite crypt\u00e9es, mais leur existence est mentionn\u00e9e.\u00a0<\/span><span class=\"s1\">L&rsquo;outil servira dans un premier temps \u00e0 publier des images fixes <strong><a href=\"https:\/\/www.behance.net\/\">sur\u00a0Behance, un r\u00e9seau social appartenant \u00e0 Adobe<\/a>.<\/strong>\u00a0L&rsquo;entreprise s&rsquo;attend \u00e0 ce que ce type d&rsquo;informations d&rsquo;authentification soit ajout\u00e9 \u00e0 diff\u00e9rents<span style=\"color: #ff0000;\">\u00a0<\/span>contenus et largement partag\u00e9 sur les plateformes de m\u00e9dias sociaux et les m\u00e9dias.\u00a0<\/span><span class=\"s1\">Le g\u00e9ant de la cr\u00e9ation digitale veut ainsi\u00a0lutter contre la mauvaise utilisation d\u2019images, mais\u00a0veille \u00e9galement \u00e0 la protection des droits d\u2019auteur de ses utilisateurs.<\/span><\/p>\n<p>&nbsp;<\/p>\n<p>[\/et_pb_text][\/et_pb_column][\/et_pb_row][\/et_pb_section]<\/p>\n","protected":false},"excerpt":{"rendered":"<p>[et_pb_section bb_built=\u00a0\u00bb1&Prime;][et_pb_row][et_pb_column type=\u00a0\u00bb4_4&Prime;][et_pb_post_title _builder_version=\u00a0\u00bb3.0.75&Prime; title=\u00a0\u00bbon\u00a0\u00bb meta=\u00a0\u00bbon\u00a0\u00bb author=\u00a0\u00bbon\u00a0\u00bb date=\u00a0\u00bbon\u00a0\u00bb categories=\u00a0\u00bbon\u00a0\u00bb comments=\u00a0\u00bbon\u00a0\u00bb featured_image=\u00a0\u00bboff\u00a0\u00bb featured_placement=\u00a0\u00bbbelow\u00a0\u00bb text_color=\u00a0\u00bbdark\u00a0\u00bb text_background=\u00a0\u00bboff\u00a0\u00bb border_style=\u00a0\u00bbsolid\u00a0\u00bb text_orientation=\u00a0\u00bbcenter\u00a0\u00bb title_font=\u00a0\u00bb||||\u00a0\u00bb title_text_color=\u00a0\u00bbrgba(0,0,0,0.91)\u00a0\u00bb \/][\/et_pb_column][\/et_pb_row][et_pb_row][et_pb_column type=\u00a0\u00bb4_4&Prime;][et_pb_text _builder_version=\u00a0\u00bb3.0.75&Prime; background_layout=\u00a0\u00bblight\u00a0\u00bb border_style=\u00a0\u00bbsolid\u00a0\u00bb text_font_size=\u00a0\u00bb16&Prime;] L\u2019\u00e9diteur de logiciels Adobe a lanc\u00e9 le 20 octobre 2020 une\u00a0version \u00ab\u00a0b\u00eata\u00a0\u00bb d&rsquo;un outil d&rsquo;attribution pour Photoshop afin de certifier les images ainsi que de mieux identifier leur auteur et les [&hellip;]<\/p>\n","protected":false},"author":134,"featured_media":5611,"comment_status":"closed","ping_status":"closed","sticky":false,"template":"","format":"standard","meta":[],"categories":[2],"tags":[987,364,29,988],"_links":{"self":[{"href":"http:\/\/journalismes-info.ejdg.fr\/index.php\/wp-json\/wp\/v2\/posts\/5610"}],"collection":[{"href":"http:\/\/journalismes-info.ejdg.fr\/index.php\/wp-json\/wp\/v2\/posts"}],"about":[{"href":"http:\/\/journalismes-info.ejdg.fr\/index.php\/wp-json\/wp\/v2\/types\/post"}],"author":[{"embeddable":true,"href":"http:\/\/journalismes-info.ejdg.fr\/index.php\/wp-json\/wp\/v2\/users\/134"}],"replies":[{"embeddable":true,"href":"http:\/\/journalismes-info.ejdg.fr\/index.php\/wp-json\/wp\/v2\/comments?post=5610"}],"version-history":[{"count":4,"href":"http:\/\/journalismes-info.ejdg.fr\/index.php\/wp-json\/wp\/v2\/posts\/5610\/revisions"}],"predecessor-version":[{"id":6043,"href":"http:\/\/journalismes-info.ejdg.fr\/index.php\/wp-json\/wp\/v2\/posts\/5610\/revisions\/6043"}],"wp:featuredmedia":[{"embeddable":true,"href":"http:\/\/journalismes-info.ejdg.fr\/index.php\/wp-json\/wp\/v2\/media\/5611"}],"wp:attachment":[{"href":"http:\/\/journalismes-info.ejdg.fr\/index.php\/wp-json\/wp\/v2\/media?parent=5610"}],"wp:term":[{"taxonomy":"category","embeddable":true,"href":"http:\/\/journalismes-info.ejdg.fr\/index.php\/wp-json\/wp\/v2\/categories?post=5610"},{"taxonomy":"post_tag","embeddable":true,"href":"http:\/\/journalismes-info.ejdg.fr\/index.php\/wp-json\/wp\/v2\/tags?post=5610"}],"curies":[{"name":"wp","href":"https:\/\/api.w.org\/{rel}","templated":true}]}}