{"id":5594,"date":"2020-12-09T16:22:32","date_gmt":"2020-12-09T15:22:32","guid":{"rendered":"http:\/\/journalismes-info.ejdg.fr\/?p=5594"},"modified":"2020-12-15T16:26:12","modified_gmt":"2020-12-15T15:26:12","slug":"francesoir-sort-de-loubli-et-devient-porte-parole-des-covid-sceptiques","status":"publish","type":"post","link":"http:\/\/journalismes-info.ejdg.fr\/index.php\/2020\/12\/09\/francesoir-sort-de-loubli-et-devient-porte-parole-des-covid-sceptiques\/","title":{"rendered":"FranceSoir sort de l&rsquo;oubli et devient porte-parole des \u00ab\u00a0covid-sceptiques\u00a0\u00bb"},"content":{"rendered":"<p>[et_pb_section bb_built=\u00a0\u00bb1&Prime;][et_pb_row][et_pb_column type=\u00a0\u00bb4_4&Prime;][et_pb_post_title _builder_version=\u00a0\u00bb3.0.75&Prime; title=\u00a0\u00bbon\u00a0\u00bb meta=\u00a0\u00bbon\u00a0\u00bb author=\u00a0\u00bbon\u00a0\u00bb date=\u00a0\u00bbon\u00a0\u00bb categories=\u00a0\u00bbon\u00a0\u00bb comments=\u00a0\u00bbon\u00a0\u00bb featured_image=\u00a0\u00bboff\u00a0\u00bb featured_placement=\u00a0\u00bbbelow\u00a0\u00bb text_color=\u00a0\u00bbdark\u00a0\u00bb text_background=\u00a0\u00bboff\u00a0\u00bb border_style=\u00a0\u00bbsolid\u00a0\u00bb text_orientation=\u00a0\u00bbcenter\u00a0\u00bb title_font=\u00a0\u00bb||||\u00a0\u00bb title_text_color=\u00a0\u00bbrgba(0,0,0,0.91)\u00a0\u00bb \/][\/et_pb_column][\/et_pb_row][et_pb_row][et_pb_column type=\u00a0\u00bb4_4&Prime;][et_pb_text _builder_version=\u00a0\u00bb3.0.75&Prime; background_layout=\u00a0\u00bblight\u00a0\u00bb border_style=\u00a0\u00bbsolid\u00a0\u00bb text_font_size=\u00a0\u00bb16&Prime;]<\/p>\n<p>Ancien quotidien g\u00e9n\u00e9raliste de l\u2019apr\u00e8s-guerre, <em>FranceSoir<\/em> avait disparu des kiosques en 2011 avant de soudainement refaire surface pendant la crise du Covid-19. Le titre a \u00e9t\u00e9 repris en 2016 par Xavier Azalbert, entrepreneur ayant fait fortune dans les technologies financi\u00e8res. Ce dernier en a fait un pureplayer, un m\u00e9dia exclusivement en ligne. Mais c\u2019est depuis le d\u00e9but de la crise sanitaire que le site regagne en popularit\u00e9, passant de 1,6\u00a0million de visiteurs mensuels en mai \u00e0 pr\u00e8s de 4\u00a0millions en ao\u00fbt,\u00a0<a href=\"https:\/\/www.similarweb.com\/fr\/website\/francesoir.fr\/#overview\"><strong>selon SimilarWeb<\/strong><\/a>. Depuis la rentr\u00e9e scolaire, le m\u00e9dia va plus loin et se fait porte-parole des discours \u00ab\u00a0rassuristes\u00a0\u00bb et \u00ab\u00a0covido-sceptiques\u00a0\u00bb. Sur son site, on peut par exemple lire\u00a0<strong><a href=\"http:\/\/www.francesoir.fr\/culture-livres\/livre-et-si-didier-raoult-avait-raison-traiter-et-laisser-prescrire-enfin-disponible\">la publication en avant-premi\u00e8re<\/a> <\/strong>des pages du livre \u00ab\u00a0<em>Et si Didier Raoult avait raison ?<\/em>\u00a0\u00bb, ou encore la tribune de Christophe Coss\u00e9, producteur de <em>Hold-Up<\/em>, documentaire anti-restrictions sanitaires <strong><a href=\"https:\/\/www.lemonde.fr\/les-decodeurs\/article\/2020\/11\/12\/covid-19-les-contre-verites-de-hold-up-le-documentaire-a-succes-qui-pretend-devoiler-la-face-cachee-de-l-epidemie_6059526_4355770.html\">jug\u00e9 conspirationniste par plusieurs m\u00e9dias de fact-checking<\/a><\/strong>. De son c\u00f4t\u00e9, Xavier Azalbert \u2013 dans un entretien au <em>Monde<\/em> \u2013 se f\u00e9licite que <em>FranceSoir<\/em> publie \u00ab<em>\u00a0des articles qui vont \u00e0 contre-courant des pens\u00e9es g\u00e9n\u00e9ralistes<\/em>\u00a0\u00bb. Plus r\u00e9cemment, <strong><a href=\"https:\/\/www.liberation.fr\/checknews\/2020\/11\/10\/francesoir-ceci-n-est-plus-un-journal_1803644\"><em>Checknews<\/em> a critiqu\u00e9 le mod\u00e8le \u00e9conomique de FranceSoir<\/a><\/strong>, bas\u00e9 sur des collaborateurs b\u00e9n\u00e9voles plut\u00f4t que sur des journalistes et relevant que depuis le 1<sup>er<\/sup> octobre,<em> FranceSoir<\/em> n\u2019est plus enregistr\u00e9e comme une entreprise de presse mais une entreprise ayant pour activit\u00e9 la \u00ab\u00a0programmation informatique\u00a0\u00bb.<\/p>\n<p>[\/et_pb_text][\/et_pb_column][\/et_pb_row][\/et_pb_section]<\/p>\n","protected":false},"excerpt":{"rendered":"<p>[et_pb_section bb_built=\u00a0\u00bb1&Prime;][et_pb_row][et_pb_column type=\u00a0\u00bb4_4&Prime;][et_pb_post_title _builder_version=\u00a0\u00bb3.0.75&Prime; title=\u00a0\u00bbon\u00a0\u00bb meta=\u00a0\u00bbon\u00a0\u00bb author=\u00a0\u00bbon\u00a0\u00bb date=\u00a0\u00bbon\u00a0\u00bb categories=\u00a0\u00bbon\u00a0\u00bb comments=\u00a0\u00bbon\u00a0\u00bb featured_image=\u00a0\u00bboff\u00a0\u00bb featured_placement=\u00a0\u00bbbelow\u00a0\u00bb text_color=\u00a0\u00bbdark\u00a0\u00bb text_background=\u00a0\u00bboff\u00a0\u00bb border_style=\u00a0\u00bbsolid\u00a0\u00bb text_orientation=\u00a0\u00bbcenter\u00a0\u00bb title_font=\u00a0\u00bb||||\u00a0\u00bb title_text_color=\u00a0\u00bbrgba(0,0,0,0.91)\u00a0\u00bb \/][\/et_pb_column][\/et_pb_row][et_pb_row][et_pb_column type=\u00a0\u00bb4_4&Prime;][et_pb_text _builder_version=\u00a0\u00bb3.0.75&Prime; background_layout=\u00a0\u00bblight\u00a0\u00bb border_style=\u00a0\u00bbsolid\u00a0\u00bb text_font_size=\u00a0\u00bb16&Prime;] Ancien quotidien g\u00e9n\u00e9raliste de l\u2019apr\u00e8s-guerre, FranceSoir avait disparu des kiosques en 2011 avant de soudainement refaire surface pendant la crise du Covid-19. Le titre a \u00e9t\u00e9 repris en 2016 par Xavier [&hellip;]<\/p>\n","protected":false},"author":133,"featured_media":5599,"comment_status":"closed","ping_status":"closed","sticky":false,"template":"","format":"standard","meta":[],"categories":[2],"tags":[856,839,936,978],"_links":{"self":[{"href":"http:\/\/journalismes-info.ejdg.fr\/index.php\/wp-json\/wp\/v2\/posts\/5594"}],"collection":[{"href":"http:\/\/journalismes-info.ejdg.fr\/index.php\/wp-json\/wp\/v2\/posts"}],"about":[{"href":"http:\/\/journalismes-info.ejdg.fr\/index.php\/wp-json\/wp\/v2\/types\/post"}],"author":[{"embeddable":true,"href":"http:\/\/journalismes-info.ejdg.fr\/index.php\/wp-json\/wp\/v2\/users\/133"}],"replies":[{"embeddable":true,"href":"http:\/\/journalismes-info.ejdg.fr\/index.php\/wp-json\/wp\/v2\/comments?post=5594"}],"version-history":[{"count":5,"href":"http:\/\/journalismes-info.ejdg.fr\/index.php\/wp-json\/wp\/v2\/posts\/5594\/revisions"}],"predecessor-version":[{"id":6096,"href":"http:\/\/journalismes-info.ejdg.fr\/index.php\/wp-json\/wp\/v2\/posts\/5594\/revisions\/6096"}],"wp:featuredmedia":[{"embeddable":true,"href":"http:\/\/journalismes-info.ejdg.fr\/index.php\/wp-json\/wp\/v2\/media\/5599"}],"wp:attachment":[{"href":"http:\/\/journalismes-info.ejdg.fr\/index.php\/wp-json\/wp\/v2\/media?parent=5594"}],"wp:term":[{"taxonomy":"category","embeddable":true,"href":"http:\/\/journalismes-info.ejdg.fr\/index.php\/wp-json\/wp\/v2\/categories?post=5594"},{"taxonomy":"post_tag","embeddable":true,"href":"http:\/\/journalismes-info.ejdg.fr\/index.php\/wp-json\/wp\/v2\/tags?post=5594"}],"curies":[{"name":"wp","href":"https:\/\/api.w.org\/{rel}","templated":true}]}}