{"id":5583,"date":"2020-12-09T14:01:07","date_gmt":"2020-12-09T13:01:07","guid":{"rendered":"http:\/\/journalismes-info.ejdg.fr\/?p=5583"},"modified":"2020-12-15T14:15:28","modified_gmt":"2020-12-15T13:15:28","slug":"une-couverture-mediatique-exceptionnelle-pour-le-proces-daval","status":"publish","type":"post","link":"http:\/\/journalismes-info.ejdg.fr\/index.php\/2020\/12\/09\/une-couverture-mediatique-exceptionnelle-pour-le-proces-daval\/","title":{"rendered":"Une couverture m\u00e9diatique exceptionnelle pour le proc\u00e8s Daval"},"content":{"rendered":"<p>[et_pb_section bb_built=\u00a0\u00bb1&Prime;][et_pb_row][et_pb_column type=\u00a0\u00bb4_4&Prime;][et_pb_post_title _builder_version=\u00a0\u00bb3.0.75&Prime; title=\u00a0\u00bbon\u00a0\u00bb meta=\u00a0\u00bbon\u00a0\u00bb author=\u00a0\u00bbon\u00a0\u00bb date=\u00a0\u00bbon\u00a0\u00bb categories=\u00a0\u00bbon\u00a0\u00bb comments=\u00a0\u00bbon\u00a0\u00bb featured_image=\u00a0\u00bboff\u00a0\u00bb featured_placement=\u00a0\u00bbbelow\u00a0\u00bb text_color=\u00a0\u00bbdark\u00a0\u00bb text_background=\u00a0\u00bboff\u00a0\u00bb border_style=\u00a0\u00bbsolid\u00a0\u00bb text_orientation=\u00a0\u00bbcenter\u00a0\u00bb title_font=\u00a0\u00bb||||\u00a0\u00bb title_text_color=\u00a0\u00bbrgba(0,0,0,0.91)\u00a0\u00bb \/][\/et_pb_column][\/et_pb_row][et_pb_row][et_pb_column type=\u00a0\u00bb4_4&Prime;][et_pb_text _builder_version=\u00a0\u00bb3.0.75&Prime; background_layout=\u00a0\u00bblight\u00a0\u00bb border_style=\u00a0\u00bbsolid\u00a0\u00bb text_font_size=\u00a0\u00bb16&Prime;]<\/p>\n<p class=\"p1\">Le proc\u00e8s de <strong><a href=\"https:\/\/www.lemonde.fr\/police-justice\/video\/2018\/02\/01\/l-affaire-daval-resumee-en-deux-minutes_5250503_1653578.html\">l\u2019affaire Daval<\/a>\u00a0<\/strong>fait l&rsquo;objet d&rsquo;une couverture m\u00e9diatique exceptionnelle. Ce sont<strong>\u00a0<\/strong>41 m\u00e9dias qui ont \u00e9t\u00e9 accr\u00e9dit\u00e9s au tribunal de Vesoul. <a href=\"https:\/\/www.huffingtonpost.fr\/entry\/pourquoi-laffaire-daval-fascine-autant-les-medias_fr_5fb2825ec5b6aad41f7159ae\"><strong>Cette ferveur m\u00e9diatique<\/strong><\/a>\u00a0r\u00e9pond \u00e0 un engouement populaire pour ce fait-divers : le coup de th\u00e9\u00e2tre en 2017 d\u2019un homme, Jonathan Daval, qui pleure sa femme Alexia devant la France enti\u00e8re, avant d\u2019avouer quelques mois plus tard l\u2019avoir tu\u00e9e. Les audiences ont d\u00e9but\u00e9 le 16 novembre 2020. Le tribunal de Vesoul en Bourgogne-Franche-Comt\u00e9 n\u2019a jamais accueilli autant de m\u00e9dias ni un proc\u00e8s d\u2019une telle ampleur. La crise sanitaire complique \u00e9galement la situation : <strong><a href=\"https:\/\/www.francebleu.fr\/infos\/faits-divers-justice\/justice-a-vesoul-2020-sera-l-annee-du-demenagement-dans-le-palais-de-justice-historique-renove-1568220723\">bien qu\u2019il vient d&rsquo;\u00eatre r\u00e9nov\u00e9<\/a><\/strong>, le tribunal n\u2019est pas assez grand pour permettre la distanciation sociale recommand\u00e9e contre la Covid-19. Seulement 11 places sont ainsi r\u00e9serv\u00e9es aux journalistes dans la salle d\u2019audience. Deux autres pi\u00e8ces \u00e9quip\u00e9es de dispositifs de retransmission sont mises en place mais une seule personne par m\u00e9dia a acc\u00e8s \u00e0 l\u2019int\u00e9rieur du tribunal. Pour les autres, une tente est install\u00e9e en ext\u00e9rieur au sein d\u2019un v\u00e9ritable \u00ab\u00a0village m\u00e9dia\u00a0\u00bb de fortune avec tables, bancs, prises \u00e9lectriques et WC chimiques. \u00c9galement en raison de la pand\u00e9mie, la pr\u00e9fecture de la Haute-Sa\u00f4ne a annonc\u00e9 qu\u2019aucun restaurant ne pourra accueillir cette vague de journalistes, reporters d&rsquo;image et techniciens des t\u00e9l\u00e9visions et radios.<\/p>\n<p>[\/et_pb_text][\/et_pb_column][\/et_pb_row][\/et_pb_section]<\/p>\n","protected":false},"excerpt":{"rendered":"<p>[et_pb_section bb_built=\u00a0\u00bb1&Prime;][et_pb_row][et_pb_column type=\u00a0\u00bb4_4&Prime;][et_pb_post_title _builder_version=\u00a0\u00bb3.0.75&Prime; title=\u00a0\u00bbon\u00a0\u00bb meta=\u00a0\u00bbon\u00a0\u00bb author=\u00a0\u00bbon\u00a0\u00bb date=\u00a0\u00bbon\u00a0\u00bb categories=\u00a0\u00bbon\u00a0\u00bb comments=\u00a0\u00bbon\u00a0\u00bb featured_image=\u00a0\u00bboff\u00a0\u00bb featured_placement=\u00a0\u00bbbelow\u00a0\u00bb text_color=\u00a0\u00bbdark\u00a0\u00bb text_background=\u00a0\u00bboff\u00a0\u00bb border_style=\u00a0\u00bbsolid\u00a0\u00bb text_orientation=\u00a0\u00bbcenter\u00a0\u00bb title_font=\u00a0\u00bb||||\u00a0\u00bb title_text_color=\u00a0\u00bbrgba(0,0,0,0.91)\u00a0\u00bb \/][\/et_pb_column][\/et_pb_row][et_pb_row][et_pb_column type=\u00a0\u00bb4_4&Prime;][et_pb_text _builder_version=\u00a0\u00bb3.0.75&Prime; background_layout=\u00a0\u00bblight\u00a0\u00bb border_style=\u00a0\u00bbsolid\u00a0\u00bb text_font_size=\u00a0\u00bb16&Prime;] Le proc\u00e8s de l\u2019affaire Daval\u00a0fait l&rsquo;objet d&rsquo;une couverture m\u00e9diatique exceptionnelle. Ce sont\u00a041 m\u00e9dias qui ont \u00e9t\u00e9 accr\u00e9dit\u00e9s au tribunal de Vesoul. Cette ferveur m\u00e9diatique\u00a0r\u00e9pond \u00e0 un engouement populaire pour ce fait-divers [&hellip;]<\/p>\n","protected":false},"author":137,"featured_media":5589,"comment_status":"closed","ping_status":"closed","sticky":false,"template":"","format":"standard","meta":[],"categories":[2],"tags":[975,961,936,977,976],"_links":{"self":[{"href":"http:\/\/journalismes-info.ejdg.fr\/index.php\/wp-json\/wp\/v2\/posts\/5583"}],"collection":[{"href":"http:\/\/journalismes-info.ejdg.fr\/index.php\/wp-json\/wp\/v2\/posts"}],"about":[{"href":"http:\/\/journalismes-info.ejdg.fr\/index.php\/wp-json\/wp\/v2\/types\/post"}],"author":[{"embeddable":true,"href":"http:\/\/journalismes-info.ejdg.fr\/index.php\/wp-json\/wp\/v2\/users\/137"}],"replies":[{"embeddable":true,"href":"http:\/\/journalismes-info.ejdg.fr\/index.php\/wp-json\/wp\/v2\/comments?post=5583"}],"version-history":[{"count":4,"href":"http:\/\/journalismes-info.ejdg.fr\/index.php\/wp-json\/wp\/v2\/posts\/5583\/revisions"}],"predecessor-version":[{"id":6041,"href":"http:\/\/journalismes-info.ejdg.fr\/index.php\/wp-json\/wp\/v2\/posts\/5583\/revisions\/6041"}],"wp:featuredmedia":[{"embeddable":true,"href":"http:\/\/journalismes-info.ejdg.fr\/index.php\/wp-json\/wp\/v2\/media\/5589"}],"wp:attachment":[{"href":"http:\/\/journalismes-info.ejdg.fr\/index.php\/wp-json\/wp\/v2\/media?parent=5583"}],"wp:term":[{"taxonomy":"category","embeddable":true,"href":"http:\/\/journalismes-info.ejdg.fr\/index.php\/wp-json\/wp\/v2\/categories?post=5583"},{"taxonomy":"post_tag","embeddable":true,"href":"http:\/\/journalismes-info.ejdg.fr\/index.php\/wp-json\/wp\/v2\/tags?post=5583"}],"curies":[{"name":"wp","href":"https:\/\/api.w.org\/{rel}","templated":true}]}}