{"id":5517,"date":"2020-10-25T11:55:36","date_gmt":"2020-10-25T10:55:36","guid":{"rendered":"http:\/\/journalismes-info.ejdg.fr\/?p=5517"},"modified":"2020-12-15T14:17:39","modified_gmt":"2020-12-15T13:17:39","slug":"droits-voisins-accord-entre-google-et-les-medias-francais","status":"publish","type":"post","link":"http:\/\/journalismes-info.ejdg.fr\/index.php\/2020\/10\/25\/droits-voisins-accord-entre-google-et-les-medias-francais\/","title":{"rendered":"Droits voisins : accord entre Google et les m\u00e9dias fran\u00e7ais"},"content":{"rendered":"<p>[et_pb_section bb_built=\u00a0\u00bb1&Prime;][et_pb_row][et_pb_column type=\u00a0\u00bb4_4&Prime;][et_pb_post_title _builder_version=\u00a0\u00bb3.0.75&Prime; title=\u00a0\u00bbon\u00a0\u00bb meta=\u00a0\u00bbon\u00a0\u00bb author=\u00a0\u00bbon\u00a0\u00bb date=\u00a0\u00bbon\u00a0\u00bb categories=\u00a0\u00bbon\u00a0\u00bb comments=\u00a0\u00bbon\u00a0\u00bb featured_image=\u00a0\u00bboff\u00a0\u00bb featured_placement=\u00a0\u00bbbelow\u00a0\u00bb text_color=\u00a0\u00bbdark\u00a0\u00bb text_background=\u00a0\u00bboff\u00a0\u00bb border_style=\u00a0\u00bbsolid\u00a0\u00bb text_orientation=\u00a0\u00bbcenter\u00a0\u00bb title_font=\u00a0\u00bb||||\u00a0\u00bb title_text_color=\u00a0\u00bbrgba(0,0,0,0.91)\u00a0\u00bb \/][\/et_pb_column][\/et_pb_row][et_pb_row _builder_version=\u00a0\u00bb3.0.75&Prime;][et_pb_column type=\u00a0\u00bb4_4&Prime;][et_pb_text _builder_version=\u00a0\u00bb3.0.75&Prime; background_layout=\u00a0\u00bblight\u00a0\u00bb border_style=\u00a0\u00bbsolid\u00a0\u00bb text_font_size=\u00a0\u00bb16&Prime;]<\/p>\n<p><a href=\"https:\/\/www.lesechos.fr\/tech-medias\/hightech\/un-accord-en-vue-entre-google-et-la-presse-francaise-sur-les-droits-voisins-1266499\"><strong><i>Google<\/i> et les repr\u00e9sentants des m\u00e9dias fran\u00e7ais ont sign\u00e9 des contrats<\/strong><\/a> quant \u00e0 la r\u00e9mun\u00e9ration des extraits d\u2019articles disponibles par le biais du moteur de recherche. La nouvelle a \u00e9t\u00e9 annonc\u00e9e \u00a0jeudi 18 novembre 2020 lors du festival M\u00e9dias en Seine. Le patron de Google France \u00e9tait invit\u00e9 \u00e0 une table-ronde intitul\u00e9e \u00ab\u00a0M\u00e9dias d&rsquo;information : quelle issue pour le combat Gafa\/\u00e9diteurs?\u00a0\u00bb. \u00a0<em>\u00ab\u00a0On avance avec chaque \u00e9diteur pour signer un accord de licence qui couvre le droit voisin\u00a0\u00bb <\/em>a-t-il dit.\u00a0Ces contrats, d\u2019une dur\u00e9e de trois ans, couvrent les droits d\u2019auteurs des contenus des m\u00e9dias concern\u00e9s. <i>Google<\/i> s\u2019engage ainsi \u00e0 respecter <strong><a href=\"https:\/\/www.lemonde.fr\/pixels\/article\/2019\/10\/23\/qu-est-ce-que-le-droit-voisin-au-centre-d-un-conflit-entre-les-medias-et-google_6016644_4408996.html\">la directive europ\u00e9enne des droits voisins<\/a><\/strong>. Cette directive pr\u00e9voit la r\u00e9mun\u00e9ration, pour les \u00e9diteurs de presse, de toute reprise d\u2019extraits d\u2019articles sur les plates-formes en ligne. Vot\u00e9e et transpos\u00e9e en 2019, elle faisait l\u2019objet d\u2019<strong><a href=\"https:\/\/www.lemonde.fr\/pixels\/article\/2019\/10\/24\/droits-voisins-la-presse-francaise-va-porter-plainte-pour-abus-de-position-dominante-contre-google_6016773_4408996.html\">un bras de fer entre les \u00e9diteurs et le g\u00e9ant du web am\u00e9ricain depuis plusieurs mois<\/a><\/strong>. <i>Lib\u00e9ration, Courrier International, L\u2019Obs, Le Figaro, <\/i>et <i>L\u2019Express<\/i> sont les premiers \u00e0 avoir conclu un accord. D\u2019autres m\u00e9dias devraient suivre. <i>L\u2019Alliance de la presse d\u2019information g\u00e9n\u00e9rale<\/i>, <i>(APIG)<\/i>, qui repr\u00e9sente les quotidiens nationaux, dont <em>L<\/em><i>e Monde<\/i>\u00a0et la presse r\u00e9gionale, poursuit les n\u00e9gociations. Un accord-cadre devrait \u00eatre trouv\u00e9 d&rsquo;ici la fin de l&rsquo;ann\u00e9e.<\/p>\n<p>&nbsp;<\/p>\n<p>Cr\u00e9dit photo : Mitchell Luo.<\/p>\n<p>[\/et_pb_text][\/et_pb_column][\/et_pb_row][\/et_pb_section]<\/p>\n","protected":false},"excerpt":{"rendered":"<p>[et_pb_section bb_built=\u00a0\u00bb1&Prime;][et_pb_row][et_pb_column type=\u00a0\u00bb4_4&Prime;][et_pb_post_title _builder_version=\u00a0\u00bb3.0.75&Prime; title=\u00a0\u00bbon\u00a0\u00bb meta=\u00a0\u00bbon\u00a0\u00bb author=\u00a0\u00bbon\u00a0\u00bb date=\u00a0\u00bbon\u00a0\u00bb categories=\u00a0\u00bbon\u00a0\u00bb comments=\u00a0\u00bbon\u00a0\u00bb featured_image=\u00a0\u00bboff\u00a0\u00bb featured_placement=\u00a0\u00bbbelow\u00a0\u00bb text_color=\u00a0\u00bbdark\u00a0\u00bb text_background=\u00a0\u00bboff\u00a0\u00bb border_style=\u00a0\u00bbsolid\u00a0\u00bb text_orientation=\u00a0\u00bbcenter\u00a0\u00bb title_font=\u00a0\u00bb||||\u00a0\u00bb title_text_color=\u00a0\u00bbrgba(0,0,0,0.91)\u00a0\u00bb \/][\/et_pb_column][\/et_pb_row][et_pb_row _builder_version=\u00a0\u00bb3.0.75&Prime;][et_pb_column type=\u00a0\u00bb4_4&Prime;][et_pb_text _builder_version=\u00a0\u00bb3.0.75&Prime; background_layout=\u00a0\u00bblight\u00a0\u00bb border_style=\u00a0\u00bbsolid\u00a0\u00bb text_font_size=\u00a0\u00bb16&Prime;] Google et les repr\u00e9sentants des m\u00e9dias fran\u00e7ais ont sign\u00e9 des contrats quant \u00e0 la r\u00e9mun\u00e9ration des extraits d\u2019articles disponibles par le biais du moteur de recherche. La nouvelle a \u00e9t\u00e9 [&hellip;]<\/p>\n","protected":false},"author":130,"featured_media":5880,"comment_status":"closed","ping_status":"closed","sticky":false,"template":"","format":"standard","meta":[],"categories":[2],"tags":[967,965,51,968,438,682,618,966],"_links":{"self":[{"href":"http:\/\/journalismes-info.ejdg.fr\/index.php\/wp-json\/wp\/v2\/posts\/5517"}],"collection":[{"href":"http:\/\/journalismes-info.ejdg.fr\/index.php\/wp-json\/wp\/v2\/posts"}],"about":[{"href":"http:\/\/journalismes-info.ejdg.fr\/index.php\/wp-json\/wp\/v2\/types\/post"}],"author":[{"embeddable":true,"href":"http:\/\/journalismes-info.ejdg.fr\/index.php\/wp-json\/wp\/v2\/users\/130"}],"replies":[{"embeddable":true,"href":"http:\/\/journalismes-info.ejdg.fr\/index.php\/wp-json\/wp\/v2\/comments?post=5517"}],"version-history":[{"count":5,"href":"http:\/\/journalismes-info.ejdg.fr\/index.php\/wp-json\/wp\/v2\/posts\/5517\/revisions"}],"predecessor-version":[{"id":5878,"href":"http:\/\/journalismes-info.ejdg.fr\/index.php\/wp-json\/wp\/v2\/posts\/5517\/revisions\/5878"}],"wp:featuredmedia":[{"embeddable":true,"href":"http:\/\/journalismes-info.ejdg.fr\/index.php\/wp-json\/wp\/v2\/media\/5880"}],"wp:attachment":[{"href":"http:\/\/journalismes-info.ejdg.fr\/index.php\/wp-json\/wp\/v2\/media?parent=5517"}],"wp:term":[{"taxonomy":"category","embeddable":true,"href":"http:\/\/journalismes-info.ejdg.fr\/index.php\/wp-json\/wp\/v2\/categories?post=5517"},{"taxonomy":"post_tag","embeddable":true,"href":"http:\/\/journalismes-info.ejdg.fr\/index.php\/wp-json\/wp\/v2\/tags?post=5517"}],"curies":[{"name":"wp","href":"https:\/\/api.w.org\/{rel}","templated":true}]}}