{"id":5375,"date":"2020-11-18T16:28:11","date_gmt":"2020-11-18T15:28:11","guid":{"rendered":"http:\/\/journalismes-info.ejdg.fr\/?p=5375"},"modified":"2020-12-15T16:48:40","modified_gmt":"2020-12-15T15:48:40","slug":"consommation-les-audiences-de-la-television-a-la-hausse-depuis-le-dernier-confinement-2","status":"publish","type":"post","link":"http:\/\/journalismes-info.ejdg.fr\/index.php\/2020\/11\/18\/consommation-les-audiences-de-la-television-a-la-hausse-depuis-le-dernier-confinement-2\/","title":{"rendered":"Consommation : Les audiences de la t\u00e9l\u00e9vision \u00e0 la hausse depuis le dernier confinement."},"content":{"rendered":"<p>[et_pb_section bb_built=\u00a0\u00bb1&Prime;][et_pb_row][et_pb_column type=\u00a0\u00bb4_4&Prime;][et_pb_post_title _builder_version=\u00a0\u00bb3.0.75&Prime; title=\u00a0\u00bbon\u00a0\u00bb meta=\u00a0\u00bbon\u00a0\u00bb author=\u00a0\u00bbon\u00a0\u00bb date=\u00a0\u00bbon\u00a0\u00bb categories=\u00a0\u00bbon\u00a0\u00bb comments=\u00a0\u00bbon\u00a0\u00bb featured_image=\u00a0\u00bboff\u00a0\u00bb featured_placement=\u00a0\u00bbbelow\u00a0\u00bb text_color=\u00a0\u00bbdark\u00a0\u00bb text_background=\u00a0\u00bboff\u00a0\u00bb border_style=\u00a0\u00bbsolid\u00a0\u00bb text_orientation=\u00a0\u00bbcenter\u00a0\u00bb title_font=\u00a0\u00bb||||\u00a0\u00bb title_text_color=\u00a0\u00bbrgba(0,0,0,0.91)\u00a0\u00bb \/][\/et_pb_column][\/et_pb_row][et_pb_row _builder_version=\u00a0\u00bb3.0.75&Prime;][et_pb_column type=\u00a0\u00bb4_4&Prime;][et_pb_text _builder_version=\u00a0\u00bb3.0.75&Prime; background_layout=\u00a0\u00bblight\u00a0\u00bb border_style=\u00a0\u00bbsolid\u00a0\u00bb text_font_size=\u00a0\u00bb16&Prime;]<\/p>\n<p>Le bouton de la t\u00e9l\u00e9commande n\u2019a cess\u00e9 de zapper sur\u00a0les cha\u00eenes d\u2019informations depuis le premier confinement. <em>Le site M\u00e9diam\u00e9trie<\/em> d\u00e9voile des<strong> <a href=\"https:\/\/www.mediametrie.fr\/fr\/audience-internet-global-en-france-en-septembre-2020\">chiffres surprenants<\/a><\/strong><em>. <\/em>En septembre 2020, les fran\u00e7ais ont pass\u00e9 en moyenne 3h34 devant leur poste. Une hausse de 17 minutes qui enjambe le pas sur l\u2019ann\u00e9e pass\u00e9e. Le confinement ayant limit\u00e9 les possibilit\u00e9s de d\u00e9placement et d&rsquo;activit\u00e9s, les personnes \u00e2g\u00e9es auraient pass\u00e9 en moyenne 5h19 devant l\u2019\u00e9cran. Les fran\u00e7ais se sont aussi int\u00e9ress\u00e9s de pr\u00e8s \u00e0 l&rsquo;actualit\u00e9 retransmise par les chaines d\u2019infos, et les jeunes (12 \u00e0 24 ans) en auraient \u00e9t\u00e9 de fid\u00e8les consommateurs, en suivant les interventions t\u00e9l\u00e9vis\u00e9es du gouvernement et l\u2019avanc\u00e9e de la pand\u00e9mie. Cela a engendr\u00e9 une mont\u00e9e en fl\u00e8che des audimats durant la premi\u00e8re vague d&rsquo;une moyenne de 7,6 % en six semaines pour ces cha\u00eenes d\u2019informations. <strong><a href=\"https:\/\/www.ladepeche.fr\/2020\/05\/24\/confinement-le-grand-retour-de-la-television,8900622.php\"><em>BFMTV, France Info, CNews, et LCI<\/em> <\/a><\/strong>r\u00e9alisent collectivement un bond de 3 points en un an. Alors que le monde de la culture a \u00e9t\u00e9 mis \u00e0 l\u2019arr\u00eat durant ce premier confinement, le divertissement a \u00e9t\u00e9 remis au gout du jour dans la grille des programmations. Des \u00e9missions tels que<em> Koh-Lanta<\/em> ou <em>Le meilleur p\u00e2tissier<\/em> ont rassembl\u00e9 de nombreux t\u00e9l\u00e9spectateurs depuis le d\u00e9but de ce second confinement, et le prime time ainsi que la deuxi\u00e8me partie de soir\u00e9e ont d\u00e9j\u00e0 des r\u00e9sultats en croissance depuis\u00a0<strong><a href=\"https:\/\/larevuedesmedias.ina.fr\/pendant-le-confinement-place-une-autre-culture-la-tv-et-sur-les-reseaux-sociaux\"><em>le couvre feu<\/em><\/a><\/strong>. La date de fin du second confinement est encore incertaine. La diffusion des \u00e9missions de No\u00ebl sur les grands canaux va bient\u00f4t d\u00e9marrer: c&rsquo;est une bonne p\u00e9riode pour rentabliser les audiences t\u00e9l\u00e9vis\u00e9es.<\/p>\n<p>[\/et_pb_text][\/et_pb_column][\/et_pb_row][\/et_pb_section]<\/p>\n","protected":false},"excerpt":{"rendered":"<p>[et_pb_section bb_built=\u00a0\u00bb1&Prime;][et_pb_row][et_pb_column type=\u00a0\u00bb4_4&Prime;][et_pb_post_title _builder_version=\u00a0\u00bb3.0.75&Prime; title=\u00a0\u00bbon\u00a0\u00bb meta=\u00a0\u00bbon\u00a0\u00bb author=\u00a0\u00bbon\u00a0\u00bb date=\u00a0\u00bbon\u00a0\u00bb categories=\u00a0\u00bbon\u00a0\u00bb comments=\u00a0\u00bbon\u00a0\u00bb featured_image=\u00a0\u00bboff\u00a0\u00bb featured_placement=\u00a0\u00bbbelow\u00a0\u00bb text_color=\u00a0\u00bbdark\u00a0\u00bb text_background=\u00a0\u00bboff\u00a0\u00bb border_style=\u00a0\u00bbsolid\u00a0\u00bb text_orientation=\u00a0\u00bbcenter\u00a0\u00bb title_font=\u00a0\u00bb||||\u00a0\u00bb title_text_color=\u00a0\u00bbrgba(0,0,0,0.91)\u00a0\u00bb \/][\/et_pb_column][\/et_pb_row][et_pb_row _builder_version=\u00a0\u00bb3.0.75&Prime;][et_pb_column type=\u00a0\u00bb4_4&Prime;][et_pb_text _builder_version=\u00a0\u00bb3.0.75&Prime; background_layout=\u00a0\u00bblight\u00a0\u00bb border_style=\u00a0\u00bbsolid\u00a0\u00bb text_font_size=\u00a0\u00bb16&Prime;] Le bouton de la t\u00e9l\u00e9commande n\u2019a cess\u00e9 de zapper sur\u00a0les cha\u00eenes d\u2019informations depuis le premier confinement. Le site M\u00e9diam\u00e9trie d\u00e9voile des chiffres surprenants. En septembre 2020, les fran\u00e7ais ont pass\u00e9 [&hellip;]<\/p>\n","protected":false},"author":143,"featured_media":5722,"comment_status":"closed","ping_status":"closed","sticky":false,"template":"","format":"standard","meta":[],"categories":[2],"tags":[703,923,684,922,53],"_links":{"self":[{"href":"http:\/\/journalismes-info.ejdg.fr\/index.php\/wp-json\/wp\/v2\/posts\/5375"}],"collection":[{"href":"http:\/\/journalismes-info.ejdg.fr\/index.php\/wp-json\/wp\/v2\/posts"}],"about":[{"href":"http:\/\/journalismes-info.ejdg.fr\/index.php\/wp-json\/wp\/v2\/types\/post"}],"author":[{"embeddable":true,"href":"http:\/\/journalismes-info.ejdg.fr\/index.php\/wp-json\/wp\/v2\/users\/143"}],"replies":[{"embeddable":true,"href":"http:\/\/journalismes-info.ejdg.fr\/index.php\/wp-json\/wp\/v2\/comments?post=5375"}],"version-history":[{"count":11,"href":"http:\/\/journalismes-info.ejdg.fr\/index.php\/wp-json\/wp\/v2\/posts\/5375\/revisions"}],"predecessor-version":[{"id":6111,"href":"http:\/\/journalismes-info.ejdg.fr\/index.php\/wp-json\/wp\/v2\/posts\/5375\/revisions\/6111"}],"wp:featuredmedia":[{"embeddable":true,"href":"http:\/\/journalismes-info.ejdg.fr\/index.php\/wp-json\/wp\/v2\/media\/5722"}],"wp:attachment":[{"href":"http:\/\/journalismes-info.ejdg.fr\/index.php\/wp-json\/wp\/v2\/media?parent=5375"}],"wp:term":[{"taxonomy":"category","embeddable":true,"href":"http:\/\/journalismes-info.ejdg.fr\/index.php\/wp-json\/wp\/v2\/categories?post=5375"},{"taxonomy":"post_tag","embeddable":true,"href":"http:\/\/journalismes-info.ejdg.fr\/index.php\/wp-json\/wp\/v2\/tags?post=5375"}],"curies":[{"name":"wp","href":"https:\/\/api.w.org\/{rel}","templated":true}]}}