{"id":5304,"date":"2020-11-12T20:59:58","date_gmt":"2020-11-12T19:59:58","guid":{"rendered":"http:\/\/journalismes-info.ejdg.fr\/?p=5304"},"modified":"2020-11-24T10:57:09","modified_gmt":"2020-11-24T09:57:09","slug":"presidentielles-americaines-grand-retour-de-la-lutte-contre-les-fake-news","status":"publish","type":"post","link":"http:\/\/journalismes-info.ejdg.fr\/index.php\/2020\/11\/12\/presidentielles-americaines-grand-retour-de-la-lutte-contre-les-fake-news\/","title":{"rendered":"Pr\u00e9sidentielles am\u00e9ricaines : retour de la lutte contre les fake-news"},"content":{"rendered":"<p>[et_pb_section bb_built=\u00a0\u00bb1&Prime;][et_pb_row][et_pb_column type=\u00a0\u00bb4_4&Prime;][et_pb_post_title _builder_version=\u00a0\u00bb3.0.75&Prime; title=\u00a0\u00bbon\u00a0\u00bb meta=\u00a0\u00bbon\u00a0\u00bb author=\u00a0\u00bbon\u00a0\u00bb date=\u00a0\u00bbon\u00a0\u00bb categories=\u00a0\u00bbon\u00a0\u00bb comments=\u00a0\u00bbon\u00a0\u00bb featured_image=\u00a0\u00bboff\u00a0\u00bb featured_placement=\u00a0\u00bbbelow\u00a0\u00bb text_color=\u00a0\u00bbdark\u00a0\u00bb text_background=\u00a0\u00bboff\u00a0\u00bb border_style=\u00a0\u00bbsolid\u00a0\u00bb text_orientation=\u00a0\u00bbcenter\u00a0\u00bb title_font=\u00a0\u00bb||||\u00a0\u00bb title_text_color=\u00a0\u00bbrgba(0,0,0,0.91)\u00a0\u00bb \/][\/et_pb_column][\/et_pb_row][et_pb_row][et_pb_column type=\u00a0\u00bb4_4&Prime;][et_pb_text _builder_version=\u00a0\u00bb3.0.75&Prime; background_layout=\u00a0\u00bblight\u00a0\u00bb border_style=\u00a0\u00bbsolid\u00a0\u00bb text_font_size=\u00a0\u00bb16&Prime;]<\/p>\n<p>Sur Twitter et en conf\u00e9rence de presse, Donald Trump accuse le coup : la victoire des pr\u00e9sidentielles am\u00e9ricaines lui appartient, et le camp adverse ne lui volera pas l\u2019\u00e9lection. Les m\u00e9dias quant \u00e0 eux pr\u00e9f\u00e8rent rester prudents\u00a0; jugeant dangereux de laisser un candidat prononcer sa victoire <strong><span style=\"text-decoration: underline;\"><span style=\"color: #000080;\"><a href=\"https:\/\/www.rollingstone.com\/politics\/politics-news\/trump-says-he-won-announces-intent-to-invalidate-millions-of-votes-1085784\/\" target=\"_blank\" rel=\"noopener\">alors m\u00eame que le d\u00e9pouillement n\u2019est pas boucl\u00e9<\/a><\/span><\/span><\/strong>. Pour la cha\u00eene t\u00e9l\u00e9vis\u00e9e am\u00e9ricaine CNN, prudence rime avec imm\u00e9diatet\u00e9. La <strong><span style=\"text-decoration: underline; color: #000080;\"><a href=\"https:\/\/edition.cnn.com\/2020\/11\/04\/opinions\/trump-election-night-scotus-stop-vote-count-opinion-honig\/index.html\" target=\"_blank\" rel=\"noopener\">cha\u00eene d\u2019information a jug\u00e9 n\u00e9cessaire d\u2019interrompre la conf\u00e9rence de presse<\/a><\/span><\/strong> : \u00ab\u00a0<em>Nous voil\u00e0 encore dans la position inhabituelle de devoir non seulement interrompre le pr\u00e9sident des Etats-Unis, mais aussi de corriger le pr\u00e9sident des Etats-Unis<\/em>\u00a0\u00bb, a expliqu\u00e9 le pr\u00e9sentateur, Brian Williams. Il a m\u00eame qualifi\u00e9 le discours d\u2019\u00ab\u00a0<em>antid\u00e9mocratique, faux et pr\u00e9matur\u00e9<\/em>\u00a0\u00bb. Une situation in\u00e9dite o\u00f9 l\u2019on observe une remise en cause des sources officielles par les m\u00e9dias, comme l\u2019a remarqu\u00e9 Gilles Bastin, professeur de sociologie \u00e0 Sciences Po Grenoble\u00a0: \u00ab<em> On ne coupe pas de cette mani\u00e8re une conf\u00e9rence de presse du pr\u00e9sident des \u00c9tats-Unis, \u00e7a ne s\u2019est jamais fait<\/em>.\u00a0\u00bb Et si le r\u00f4le de Twitter n\u2019est pas d\u2019informer, nombreux sont les internautes qui utilisent le r\u00e9seau social pour suivre l\u2019actualit\u00e9. Une strat\u00e9gie de lutte contre la d\u00e9sinformation a donc \u00e9t\u00e9 mise en place sur l\u2019application du petit oiseau bleu. Ce mercredi 4 novembre 2020, au lendemain des \u00e9lections, la plupart des <strong><span style=\"text-decoration: underline;\"><span style=\"color: #000080;\"><a href=\"https:\/\/twitter.com\/realDonaldTrump\/status\/1324108200141082624?s=20\" target=\"_blank\" rel=\"noopener\">messages de Donald Trump<\/a><\/span><\/span> <\/strong>affichaient un <em>disclaimer<\/em>. Les \u00e9quipes de Twitter n\u2019ont donc eu le choix que d\u2019afficher un message avertissant de l\u2019incertitude, voire de la fausset\u00e9, des d\u00e9clarations post\u00e9es.<\/p>\n<p>&nbsp;<\/p>\n<p>POUR ALLER PLUS LOIN :\u00a0<span style=\"text-decoration: underline; color: #000080;\"><a href=\"http:\/\/www.slate.fr\/story\/196902\/donald-trump-couper-censure-medias-twitter-erreur-etats-unis\" target=\"_blank\" rel=\"noopener\"><strong>En censurant Trump, les m\u00e9dias am\u00e9ricains ont-ils commis l&rsquo;irr\u00e9parable?<\/strong>, 7\/11\/20,\u00a0<\/a><\/span>Slate.fr<\/p>\n<p>L\u00e9gende photo :\u00a0Donald Trump s&rsquo;appr\u00eate \u00e0 lancer des proc\u00e9dures judiciaires pour contester la victoire de Biden dans les \u00c9tats cl\u00e9s. (Image d&rsquo;illustration) \u00a9flickr\/Gage Skidmore<\/p>\n<p>[\/et_pb_text][\/et_pb_column][\/et_pb_row][\/et_pb_section]<\/p>\n","protected":false},"excerpt":{"rendered":"<p>[et_pb_section bb_built=\u00a0\u00bb1&Prime;][et_pb_row][et_pb_column type=\u00a0\u00bb4_4&Prime;][et_pb_post_title _builder_version=\u00a0\u00bb3.0.75&Prime; title=\u00a0\u00bbon\u00a0\u00bb meta=\u00a0\u00bbon\u00a0\u00bb author=\u00a0\u00bbon\u00a0\u00bb date=\u00a0\u00bbon\u00a0\u00bb categories=\u00a0\u00bbon\u00a0\u00bb comments=\u00a0\u00bbon\u00a0\u00bb featured_image=\u00a0\u00bboff\u00a0\u00bb featured_placement=\u00a0\u00bbbelow\u00a0\u00bb text_color=\u00a0\u00bbdark\u00a0\u00bb text_background=\u00a0\u00bboff\u00a0\u00bb border_style=\u00a0\u00bbsolid\u00a0\u00bb text_orientation=\u00a0\u00bbcenter\u00a0\u00bb title_font=\u00a0\u00bb||||\u00a0\u00bb title_text_color=\u00a0\u00bbrgba(0,0,0,0.91)\u00a0\u00bb \/][\/et_pb_column][\/et_pb_row][et_pb_row][et_pb_column type=\u00a0\u00bb4_4&Prime;][et_pb_text _builder_version=\u00a0\u00bb3.0.75&Prime; background_layout=\u00a0\u00bblight\u00a0\u00bb border_style=\u00a0\u00bbsolid\u00a0\u00bb text_font_size=\u00a0\u00bb16&Prime;] Sur Twitter et en conf\u00e9rence de presse, Donald Trump accuse le coup : la victoire des pr\u00e9sidentielles am\u00e9ricaines lui appartient, et le camp adverse ne lui volera pas l\u2019\u00e9lection. Les m\u00e9dias [&hellip;]<\/p>\n","protected":false},"author":151,"featured_media":5305,"comment_status":"closed","ping_status":"closed","sticky":false,"template":"","format":"standard","meta":[],"categories":[2],"tags":[364,121,870,838,29,466],"_links":{"self":[{"href":"http:\/\/journalismes-info.ejdg.fr\/index.php\/wp-json\/wp\/v2\/posts\/5304"}],"collection":[{"href":"http:\/\/journalismes-info.ejdg.fr\/index.php\/wp-json\/wp\/v2\/posts"}],"about":[{"href":"http:\/\/journalismes-info.ejdg.fr\/index.php\/wp-json\/wp\/v2\/types\/post"}],"author":[{"embeddable":true,"href":"http:\/\/journalismes-info.ejdg.fr\/index.php\/wp-json\/wp\/v2\/users\/151"}],"replies":[{"embeddable":true,"href":"http:\/\/journalismes-info.ejdg.fr\/index.php\/wp-json\/wp\/v2\/comments?post=5304"}],"version-history":[{"count":18,"href":"http:\/\/journalismes-info.ejdg.fr\/index.php\/wp-json\/wp\/v2\/posts\/5304\/revisions"}],"predecessor-version":[{"id":5490,"href":"http:\/\/journalismes-info.ejdg.fr\/index.php\/wp-json\/wp\/v2\/posts\/5304\/revisions\/5490"}],"wp:featuredmedia":[{"embeddable":true,"href":"http:\/\/journalismes-info.ejdg.fr\/index.php\/wp-json\/wp\/v2\/media\/5305"}],"wp:attachment":[{"href":"http:\/\/journalismes-info.ejdg.fr\/index.php\/wp-json\/wp\/v2\/media?parent=5304"}],"wp:term":[{"taxonomy":"category","embeddable":true,"href":"http:\/\/journalismes-info.ejdg.fr\/index.php\/wp-json\/wp\/v2\/categories?post=5304"},{"taxonomy":"post_tag","embeddable":true,"href":"http:\/\/journalismes-info.ejdg.fr\/index.php\/wp-json\/wp\/v2\/tags?post=5304"}],"curies":[{"name":"wp","href":"https:\/\/api.w.org\/{rel}","templated":true}]}}