{"id":5266,"date":"2020-11-12T19:00:47","date_gmt":"2020-11-12T18:00:47","guid":{"rendered":"http:\/\/journalismes-info.ejdg.fr\/?p=5266"},"modified":"2020-11-18T16:36:54","modified_gmt":"2020-11-18T15:36:54","slug":"malgre-louverture-dun-centre-dinformation-facebook-peine-a-lutter-contre-la-desinformation","status":"publish","type":"post","link":"http:\/\/journalismes-info.ejdg.fr\/index.php\/2020\/11\/12\/malgre-louverture-dun-centre-dinformation-facebook-peine-a-lutter-contre-la-desinformation\/","title":{"rendered":"Elections am\u00e9ricaines &#8211; Facebook peine \u00e0 lutter contre la d\u00e9sinformation"},"content":{"rendered":"<p>[et_pb_section fb_built=\u00a0\u00bb1&Prime; _builder_version=\u00a0\u00bb3.0.47&Prime;][et_pb_row _builder_version=\u00a0\u00bb3.0.47&Prime; background_size=\u00a0\u00bbinitial\u00a0\u00bb background_position=\u00a0\u00bbtop_left\u00a0\u00bb background_repeat=\u00a0\u00bbrepeat\u00a0\u00bb _i=\u00a0\u00bb0&Prime; _address=\u00a0\u00bb0.0&Prime;][et_pb_column type=\u00a0\u00bb4_4&Prime; _builder_version=\u00a0\u00bb3.0.47&Prime; parallax=\u00a0\u00bboff\u00a0\u00bb parallax_method=\u00a0\u00bbon\u00a0\u00bb][et_pb_post_title featured_image=\u00a0\u00bboff\u00a0\u00bb _builder_version=\u00a0\u00bb3.0.75&Prime; title_font=\u00a0\u00bb||||\u00a0\u00bb title_text_color=\u00a0\u00bbrgba(0,0,0,0.91)\u00a0\u00bb text_orientation=\u00a0\u00bbcenter\u00a0\u00bb][\/et_pb_post_title][\/et_pb_column][\/et_pb_row][et_pb_row _builder_version=\u00a0\u00bb3.0.47&Prime; background_size=\u00a0\u00bbinitial\u00a0\u00bb background_position=\u00a0\u00bbtop_left\u00a0\u00bb background_repeat=\u00a0\u00bbrepeat\u00a0\u00bb _i=\u00a0\u00bb1&Prime; _address=\u00a0\u00bb0.1&Prime;][et_pb_column type=\u00a0\u00bb4_4&Prime; _builder_version=\u00a0\u00bb3.0.47&Prime; parallax=\u00a0\u00bboff\u00a0\u00bb parallax_method=\u00a0\u00bbon\u00a0\u00bb][et_pb_text _builder_version=\u00a0\u00bb3.0.75&Prime; text_font_size=\u00a0\u00bb16&Prime;]<\/p>\n<p>\u00ab\u00a0Nous avons gagn\u00e9\u00bb. Alors que le d\u00e9compte des bulletins \u00e9tait encore en cours dans plusieurs \u00e9tats-cl\u00e9s du scrutin, <a href=\"https:\/\/www.lemonde.fr\/international\/live\/2020\/11\/04\/duel-entre-joe-biden-et-donald-trump-suivez-les-resultats-des-elections-americaines-2020-en-direct_6058404_3210.html\">Donald Trump a revendiqu\u00e9 pr\u00e9matur\u00e9ment sa victoire lors d&rsquo;une br\u00e8ve allocution depuis les salons de la Maison Blanche.<\/a> Cette conf\u00e9rence de presse a \u00e9t\u00e9 retransmise sur les r\u00e9seaux sociaux. Facebook a, cette fois, choisi d\u2019ajouter une banni\u00e8re d\u2019avertissement sous le post du pr\u00e9sident, rappelant qu&rsquo;\u00e0 l&rsquo;heure o\u00f9 ce post a \u00e9t\u00e9 partag\u00e9, aucun gagnant officiel n&rsquo;avait \u00e9t\u00e9 d\u00e9sign\u00e9. Ce message d\u2019alerte renvoie vers le centre d\u2019information du site sur les \u00e9lections am\u00e9ricaines. Ce hub a \u00e9t\u00e9 cr\u00e9\u00e9 quelques mois plus t\u00f4t, dans le but d\u2019encourager les \u00e9lecteurs am\u00e9ricains \u00e0 \u00e9viter le vote par correspondance. <a href=\"https:\/\/www.forbes.fr\/politique\/facebook-lance-un-centre-dinformation-aux-electeurs\/\">Gr\u00e2ce \u00e0 la g\u00e9olocalisation des utilisateurs, Facebook a pu personnaliser les r\u00e9sultats affich\u00e9s en fonction de l\u2019\u00e9tat de r\u00e9sidence des internautes.<\/a> Une initiative forte en faveur de la circulation de l\u2019information v\u00e9rifi\u00e9e, \u00e0 l\u2019oppos\u00e9 de la position adopt\u00e9e par le r\u00e9seau social ces derniers mois. Une mesure qui n\u2019a cependant pas permis de <a href=\"https:\/\/news.harvard.edu\/gazette\/story\/2020\/10\/study-explores-how-voting-misformation-is-spread\/\">lutter efficacement contre la d\u00e9sinformations sur le r\u00e9seaux social.<\/a><\/p>\n<p>[\/et_pb_text][\/et_pb_column][\/et_pb_row][\/et_pb_section]<\/p>\n","protected":false},"excerpt":{"rendered":"<p>[et_pb_section fb_built=\u00a0\u00bb1&Prime; _builder_version=\u00a0\u00bb3.0.47&Prime;][et_pb_row _builder_version=\u00a0\u00bb3.0.47&Prime; background_size=\u00a0\u00bbinitial\u00a0\u00bb background_position=\u00a0\u00bbtop_left\u00a0\u00bb background_repeat=\u00a0\u00bbrepeat\u00a0\u00bb _i=\u00a0\u00bb0&Prime; _address=\u00a0\u00bb0.0&Prime;][et_pb_column type=\u00a0\u00bb4_4&Prime; _builder_version=\u00a0\u00bb3.0.47&Prime; parallax=\u00a0\u00bboff\u00a0\u00bb parallax_method=\u00a0\u00bbon\u00a0\u00bb][et_pb_post_title featured_image=\u00a0\u00bboff\u00a0\u00bb _builder_version=\u00a0\u00bb3.0.75&Prime; title_font=\u00a0\u00bb||||\u00a0\u00bb title_text_color=\u00a0\u00bbrgba(0,0,0,0.91)\u00a0\u00bb text_orientation=\u00a0\u00bbcenter\u00a0\u00bb][\/et_pb_post_title][\/et_pb_column][\/et_pb_row][et_pb_row _builder_version=\u00a0\u00bb3.0.47&Prime; background_size=\u00a0\u00bbinitial\u00a0\u00bb background_position=\u00a0\u00bbtop_left\u00a0\u00bb background_repeat=\u00a0\u00bbrepeat\u00a0\u00bb _i=\u00a0\u00bb1&Prime; _address=\u00a0\u00bb0.1&Prime;][et_pb_column type=\u00a0\u00bb4_4&Prime; _builder_version=\u00a0\u00bb3.0.47&Prime; parallax=\u00a0\u00bboff\u00a0\u00bb parallax_method=\u00a0\u00bbon\u00a0\u00bb][et_pb_text _builder_version=\u00a0\u00bb3.0.75&Prime; text_font_size=\u00a0\u00bb16&Prime;] \u00ab\u00a0Nous avons gagn\u00e9\u00bb. Alors que le d\u00e9compte des bulletins \u00e9tait encore en cours dans plusieurs \u00e9tats-cl\u00e9s du scrutin, Donald Trump a revendiqu\u00e9 pr\u00e9matur\u00e9ment sa victoire [&hellip;]<\/p>\n","protected":false},"author":141,"featured_media":2540,"comment_status":"closed","ping_status":"closed","sticky":false,"template":"","format":"standard","meta":[],"categories":[2],"tags":[906,50,25,32],"_links":{"self":[{"href":"http:\/\/journalismes-info.ejdg.fr\/index.php\/wp-json\/wp\/v2\/posts\/5266"}],"collection":[{"href":"http:\/\/journalismes-info.ejdg.fr\/index.php\/wp-json\/wp\/v2\/posts"}],"about":[{"href":"http:\/\/journalismes-info.ejdg.fr\/index.php\/wp-json\/wp\/v2\/types\/post"}],"author":[{"embeddable":true,"href":"http:\/\/journalismes-info.ejdg.fr\/index.php\/wp-json\/wp\/v2\/users\/141"}],"replies":[{"embeddable":true,"href":"http:\/\/journalismes-info.ejdg.fr\/index.php\/wp-json\/wp\/v2\/comments?post=5266"}],"version-history":[{"count":4,"href":"http:\/\/journalismes-info.ejdg.fr\/index.php\/wp-json\/wp\/v2\/posts\/5266\/revisions"}],"predecessor-version":[{"id":5401,"href":"http:\/\/journalismes-info.ejdg.fr\/index.php\/wp-json\/wp\/v2\/posts\/5266\/revisions\/5401"}],"wp:featuredmedia":[{"embeddable":true,"href":"http:\/\/journalismes-info.ejdg.fr\/index.php\/wp-json\/wp\/v2\/media\/2540"}],"wp:attachment":[{"href":"http:\/\/journalismes-info.ejdg.fr\/index.php\/wp-json\/wp\/v2\/media?parent=5266"}],"wp:term":[{"taxonomy":"category","embeddable":true,"href":"http:\/\/journalismes-info.ejdg.fr\/index.php\/wp-json\/wp\/v2\/categories?post=5266"},{"taxonomy":"post_tag","embeddable":true,"href":"http:\/\/journalismes-info.ejdg.fr\/index.php\/wp-json\/wp\/v2\/tags?post=5266"}],"curies":[{"name":"wp","href":"https:\/\/api.w.org\/{rel}","templated":true}]}}