{"id":5252,"date":"2020-11-12T15:41:17","date_gmt":"2020-11-12T14:41:17","guid":{"rendered":"http:\/\/journalismes-info.ejdg.fr\/?p=5252"},"modified":"2020-11-19T15:59:57","modified_gmt":"2020-11-19T14:59:57","slug":"darmanin-repond-a-bourdin-sur-le-projet-de-loi-securite-globale","status":"publish","type":"post","link":"http:\/\/journalismes-info.ejdg.fr\/index.php\/2020\/11\/12\/darmanin-repond-a-bourdin-sur-le-projet-de-loi-securite-globale\/","title":{"rendered":"Darmanin r\u00e9pond \u00e0 Bourdin sur le projet de loi \u00ab\u00a0s\u00e9curit\u00e9 globale\u00a0\u00bb"},"content":{"rendered":"<p>[et_pb_section bb_built=\u00a0\u00bb1&Prime;][et_pb_row][et_pb_column type=\u00a0\u00bb4_4&Prime;][et_pb_post_title _builder_version=\u00a0\u00bb3.0.75&Prime; title=\u00a0\u00bbon\u00a0\u00bb meta=\u00a0\u00bbon\u00a0\u00bb author=\u00a0\u00bbon\u00a0\u00bb date=\u00a0\u00bbon\u00a0\u00bb categories=\u00a0\u00bbon\u00a0\u00bb comments=\u00a0\u00bbon\u00a0\u00bb featured_image=\u00a0\u00bboff\u00a0\u00bb featured_placement=\u00a0\u00bbbelow\u00a0\u00bb text_color=\u00a0\u00bbdark\u00a0\u00bb text_background=\u00a0\u00bboff\u00a0\u00bb border_style=\u00a0\u00bbsolid\u00a0\u00bb text_orientation=\u00a0\u00bbcenter\u00a0\u00bb title_font=\u00a0\u00bb||||\u00a0\u00bb title_text_color=\u00a0\u00bbrgba(0,0,0,0.91)\u00a0\u00bb \/][\/et_pb_column][\/et_pb_row][et_pb_row _builder_version=\u00a0\u00bb3.0.75&Prime;][et_pb_column type=\u00a0\u00bb4_4&Prime;][et_pb_text _builder_version=\u00a0\u00bb3.0.75&Prime; background_layout=\u00a0\u00bblight\u00a0\u00bb border_style=\u00a0\u00bbsolid\u00a0\u00bb]<\/p>\n<p>Coup dur pour la libert\u00e9 de la presse. Filmer des policiers et diffuser ces images sans les flouter sera peut-\u00eatre bient\u00f4t puni par une amende et une peine d\u2019emprisonnement. \u00ab\u00a0<a href=\"https:\/\/twitter.com\/davduf\/status\/1323193363789684737?ref_src=twsrc%5Etfw%7Ctwcamp%5Etweetembed%7Ctwterm%5E1323193363789684737%7Ctwgr%5Eshare_3&amp;ref_url=https%3A%2F%2Fnews.konbini.com%2Fsociete%2Fune-proposition-de-loi-veut-interdire-au-public-de-diffuser-limage-de-policiers%2F\">J\u2019avais fait une promesse, qui \u00e9tait celle de <strong>ne plus pouvoir diffuser les images des policiers et des gendarmes sur les r\u00e9seaux sociaux<\/strong>. Cette promesse sera tenue puisque la loi pr\u00e9voira l\u2019interdiction de la diffusion de ces images<\/a>\u00a0\u00bb, r\u00e9sume G\u00e9rald Darmanin , interrog\u00e9 le 2 novembre 2020 par Jean-Jacques Bourdin sur la proposition de loi \u00abs\u00e9curit\u00e9 globale\u00a0\u00bb. Une prise de position extr\u00eamement critiqu\u00e9e par les journalistes, interpretant ici une entrave \u00e0 leur libert\u00e9 d&rsquo;informer. Sur twitter, la contestation men\u00e9e par les journalistes est v\u00e9hicul\u00e9e par des photos accompagn\u00e9es les hashtags \u00ab\u00a0<strong><a href=\"https:\/\/twitter.com\/search?q=LiberteDinformerEnDanger&amp;src=typeahead_click\">LiberteDinformerEnDanger<\/a>\u00a0<\/strong>\u00bb et \u00ab <strong><a href=\"https:\/\/twitter.com\/hashtag\/CettePhotoNexisteraPlus?src=hashtag_click\">CettePhotoNexisteraPlus<\/a><\/strong>\u00a0\u00bb.<\/p>\n<p>[\/et_pb_text][\/et_pb_column][\/et_pb_row][\/et_pb_section]<\/p>\n","protected":false},"excerpt":{"rendered":"<p>[et_pb_section bb_built=\u00a0\u00bb1&Prime;][et_pb_row][et_pb_column type=\u00a0\u00bb4_4&Prime;][et_pb_post_title _builder_version=\u00a0\u00bb3.0.75&Prime; title=\u00a0\u00bbon\u00a0\u00bb meta=\u00a0\u00bbon\u00a0\u00bb author=\u00a0\u00bbon\u00a0\u00bb date=\u00a0\u00bbon\u00a0\u00bb categories=\u00a0\u00bbon\u00a0\u00bb comments=\u00a0\u00bbon\u00a0\u00bb featured_image=\u00a0\u00bboff\u00a0\u00bb featured_placement=\u00a0\u00bbbelow\u00a0\u00bb text_color=\u00a0\u00bbdark\u00a0\u00bb text_background=\u00a0\u00bboff\u00a0\u00bb border_style=\u00a0\u00bbsolid\u00a0\u00bb text_orientation=\u00a0\u00bbcenter\u00a0\u00bb title_font=\u00a0\u00bb||||\u00a0\u00bb title_text_color=\u00a0\u00bbrgba(0,0,0,0.91)\u00a0\u00bb \/][\/et_pb_column][\/et_pb_row][et_pb_row _builder_version=\u00a0\u00bb3.0.75&Prime;][et_pb_column type=\u00a0\u00bb4_4&Prime;][et_pb_text _builder_version=\u00a0\u00bb3.0.75&Prime; background_layout=\u00a0\u00bblight\u00a0\u00bb border_style=\u00a0\u00bbsolid\u00a0\u00bb] Coup dur pour la libert\u00e9 de la presse. Filmer des policiers et diffuser ces images sans les flouter sera peut-\u00eatre bient\u00f4t puni par une amende et une peine d\u2019emprisonnement. \u00ab\u00a0J\u2019avais fait [&hellip;]<\/p>\n","protected":false},"author":152,"featured_media":5253,"comment_status":"closed","ping_status":"closed","sticky":false,"template":"","format":"standard","meta":[],"categories":[2],"tags":[766,930,928,931,359,929,765],"_links":{"self":[{"href":"http:\/\/journalismes-info.ejdg.fr\/index.php\/wp-json\/wp\/v2\/posts\/5252"}],"collection":[{"href":"http:\/\/journalismes-info.ejdg.fr\/index.php\/wp-json\/wp\/v2\/posts"}],"about":[{"href":"http:\/\/journalismes-info.ejdg.fr\/index.php\/wp-json\/wp\/v2\/types\/post"}],"author":[{"embeddable":true,"href":"http:\/\/journalismes-info.ejdg.fr\/index.php\/wp-json\/wp\/v2\/users\/152"}],"replies":[{"embeddable":true,"href":"http:\/\/journalismes-info.ejdg.fr\/index.php\/wp-json\/wp\/v2\/comments?post=5252"}],"version-history":[{"count":7,"href":"http:\/\/journalismes-info.ejdg.fr\/index.php\/wp-json\/wp\/v2\/posts\/5252\/revisions"}],"predecessor-version":[{"id":5459,"href":"http:\/\/journalismes-info.ejdg.fr\/index.php\/wp-json\/wp\/v2\/posts\/5252\/revisions\/5459"}],"wp:featuredmedia":[{"embeddable":true,"href":"http:\/\/journalismes-info.ejdg.fr\/index.php\/wp-json\/wp\/v2\/media\/5253"}],"wp:attachment":[{"href":"http:\/\/journalismes-info.ejdg.fr\/index.php\/wp-json\/wp\/v2\/media?parent=5252"}],"wp:term":[{"taxonomy":"category","embeddable":true,"href":"http:\/\/journalismes-info.ejdg.fr\/index.php\/wp-json\/wp\/v2\/categories?post=5252"},{"taxonomy":"post_tag","embeddable":true,"href":"http:\/\/journalismes-info.ejdg.fr\/index.php\/wp-json\/wp\/v2\/tags?post=5252"}],"curies":[{"name":"wp","href":"https:\/\/api.w.org\/{rel}","templated":true}]}}