{"id":5241,"date":"2020-11-12T14:53:52","date_gmt":"2020-11-12T13:53:52","guid":{"rendered":"http:\/\/journalismes-info.ejdg.fr\/?p=5241"},"modified":"2020-11-19T15:55:45","modified_gmt":"2020-11-19T14:55:45","slug":"les-medias-de-rupert-murdoch-changent-de-ton-face-au-deni-de-donald-trump","status":"publish","type":"post","link":"http:\/\/journalismes-info.ejdg.fr\/index.php\/2020\/11\/12\/les-medias-de-rupert-murdoch-changent-de-ton-face-au-deni-de-donald-trump\/","title":{"rendered":"Les m\u00e9dias de Rupert Murdoch changent de ton face au d\u00e9ni de Donald Trump"},"content":{"rendered":"<p>[et_pb_section bb_built=\u00a0\u00bb1&Prime;][et_pb_row][et_pb_column type=\u00a0\u00bb4_4&Prime;][et_pb_post_title _builder_version=\u00a0\u00bb3.0.75&Prime; title=\u00a0\u00bbon\u00a0\u00bb meta=\u00a0\u00bbon\u00a0\u00bb author=\u00a0\u00bbon\u00a0\u00bb date=\u00a0\u00bbon\u00a0\u00bb categories=\u00a0\u00bbon\u00a0\u00bb comments=\u00a0\u00bbon\u00a0\u00bb featured_image=\u00a0\u00bboff\u00a0\u00bb featured_placement=\u00a0\u00bbbelow\u00a0\u00bb text_color=\u00a0\u00bbdark\u00a0\u00bb text_background=\u00a0\u00bboff\u00a0\u00bb border_style=\u00a0\u00bbsolid\u00a0\u00bb text_orientation=\u00a0\u00bbcenter\u00a0\u00bb title_font=\u00a0\u00bb||||\u00a0\u00bb title_text_color=\u00a0\u00bbrgba(0,0,0,0.91)\u00a0\u00bb \/][\/et_pb_column][\/et_pb_row][et_pb_row][et_pb_column type=\u00a0\u00bb4_4&Prime;][et_pb_text _builder_version=\u00a0\u00bb3.0.75&Prime; background_layout=\u00a0\u00bblight\u00a0\u00bb border_style=\u00a0\u00bbsolid\u00a0\u00bb]<\/p>\n<p style=\"text-align: left;\">Dans les jours qui ont suivi le scrutin du 3 novembre 2020, les m\u00e9dias conservateurs am\u00e9ricains appartenant \u00e0 l\u2019homme d\u2019affaires Rupert Murdoch ont muscl\u00e9 leur discours face aux all\u00e9gations port\u00e9s par Donald Trump. Habituellement partisane du camp r\u00e9publicain, la cha\u00eene conservatrice <em>Fox News<\/em> multiple les messages de contestation \u00e0 l\u2019encontre du pr\u00e9sident sortant. Les accusations de fraude \u00e9lectorale sont soumises \u00e0 un traitement m\u00e9diatique intransigeant qui pousse les journalistes de la cha\u00eene \u00e0 r\u00e9guli\u00e8rement les d\u00e9mentir. Lundi 9 novembre, la porte-parole de la Maison-Blanche a \u00e9t\u00e9 interrompu par <em>Fox News<\/em> lors de sa conf\u00e9rence de presse pour avoir accus\u00e9 le camp adverse de favoriser des votes ill\u00e9gaux. \u00c9galement sous la houlette de Rupert Murdoch, les journaux <em>New York Post<\/em> et <em>Wall Street Journal<\/em> se sont coordonn\u00e9es pour suivre une direction identique \u00e0 celle de <em>Fox News<\/em>. <a href=\"https:\/\/www.nytimes.com\/2020\/11\/06\/business\/media\/new-york-post-trump.html\">Les r\u00e9dacteurs en chef du <em>New York Post<\/em> <strong>ont appel\u00e9 les journalistes \u00e0 \u00eatre plus durs dans la couverture<\/strong> de Trump<\/a> tandis que le <em>Wall Street Journal<\/em> appelle \u00e0 fournir des preuves dans un \u00e9ditorial intitul\u00e9 <strong><a href=\"https:\/\/www.wsj.com\/articles\/the-presidential-endgame-11604706255?st=12opab285awkvc4&amp;reflink=share_mobilewebshare\">\u00ab \u00c9pilogue pr\u00e9sidentiel \u00bb<\/a><\/strong>.<\/p>\n<p>[\/et_pb_text][\/et_pb_column][\/et_pb_row][\/et_pb_section]<\/p>\n","protected":false},"excerpt":{"rendered":"<p>[et_pb_section bb_built=\u00a0\u00bb1&Prime;][et_pb_row][et_pb_column type=\u00a0\u00bb4_4&Prime;][et_pb_post_title _builder_version=\u00a0\u00bb3.0.75&Prime; title=\u00a0\u00bbon\u00a0\u00bb meta=\u00a0\u00bbon\u00a0\u00bb author=\u00a0\u00bbon\u00a0\u00bb date=\u00a0\u00bbon\u00a0\u00bb categories=\u00a0\u00bbon\u00a0\u00bb comments=\u00a0\u00bbon\u00a0\u00bb featured_image=\u00a0\u00bboff\u00a0\u00bb featured_placement=\u00a0\u00bbbelow\u00a0\u00bb text_color=\u00a0\u00bbdark\u00a0\u00bb text_background=\u00a0\u00bboff\u00a0\u00bb border_style=\u00a0\u00bbsolid\u00a0\u00bb text_orientation=\u00a0\u00bbcenter\u00a0\u00bb title_font=\u00a0\u00bb||||\u00a0\u00bb title_text_color=\u00a0\u00bbrgba(0,0,0,0.91)\u00a0\u00bb \/][\/et_pb_column][\/et_pb_row][et_pb_row][et_pb_column type=\u00a0\u00bb4_4&Prime;][et_pb_text _builder_version=\u00a0\u00bb3.0.75&Prime; background_layout=\u00a0\u00bblight\u00a0\u00bb border_style=\u00a0\u00bbsolid\u00a0\u00bb] Dans les jours qui ont suivi le scrutin du 3 novembre 2020, les m\u00e9dias conservateurs am\u00e9ricains appartenant \u00e0 l\u2019homme d\u2019affaires Rupert Murdoch ont muscl\u00e9 leur discours face aux all\u00e9gations port\u00e9s par Donald [&hellip;]<\/p>\n","protected":false},"author":153,"featured_media":5391,"comment_status":"closed","ping_status":"closed","sticky":false,"template":"","format":"standard","meta":[],"categories":[2],"tags":[121,870,170,64,927,505],"_links":{"self":[{"href":"http:\/\/journalismes-info.ejdg.fr\/index.php\/wp-json\/wp\/v2\/posts\/5241"}],"collection":[{"href":"http:\/\/journalismes-info.ejdg.fr\/index.php\/wp-json\/wp\/v2\/posts"}],"about":[{"href":"http:\/\/journalismes-info.ejdg.fr\/index.php\/wp-json\/wp\/v2\/types\/post"}],"author":[{"embeddable":true,"href":"http:\/\/journalismes-info.ejdg.fr\/index.php\/wp-json\/wp\/v2\/users\/153"}],"replies":[{"embeddable":true,"href":"http:\/\/journalismes-info.ejdg.fr\/index.php\/wp-json\/wp\/v2\/comments?post=5241"}],"version-history":[{"count":6,"href":"http:\/\/journalismes-info.ejdg.fr\/index.php\/wp-json\/wp\/v2\/posts\/5241\/revisions"}],"predecessor-version":[{"id":5458,"href":"http:\/\/journalismes-info.ejdg.fr\/index.php\/wp-json\/wp\/v2\/posts\/5241\/revisions\/5458"}],"wp:featuredmedia":[{"embeddable":true,"href":"http:\/\/journalismes-info.ejdg.fr\/index.php\/wp-json\/wp\/v2\/media\/5391"}],"wp:attachment":[{"href":"http:\/\/journalismes-info.ejdg.fr\/index.php\/wp-json\/wp\/v2\/media?parent=5241"}],"wp:term":[{"taxonomy":"category","embeddable":true,"href":"http:\/\/journalismes-info.ejdg.fr\/index.php\/wp-json\/wp\/v2\/categories?post=5241"},{"taxonomy":"post_tag","embeddable":true,"href":"http:\/\/journalismes-info.ejdg.fr\/index.php\/wp-json\/wp\/v2\/tags?post=5241"}],"curies":[{"name":"wp","href":"https:\/\/api.w.org\/{rel}","templated":true}]}}