{"id":3774,"date":"2019-10-16T16:46:08","date_gmt":"2019-10-16T14:46:08","guid":{"rendered":"http:\/\/journalismes-info.ejdg.fr\/?p=3774"},"modified":"2019-11-20T16:47:59","modified_gmt":"2019-11-20T15:47:59","slug":"les-patrons-de-radios-veulent-imposer-des-quotas-de-musiques-francophone-a-spotify-et-deezer","status":"publish","type":"post","link":"http:\/\/journalismes-info.ejdg.fr\/index.php\/2019\/10\/16\/les-patrons-de-radios-veulent-imposer-des-quotas-de-musiques-francophone-a-spotify-et-deezer\/","title":{"rendered":"Les patrons de radios veulent imposer des quotas de musiques francophone \u00e0 Spotify et Deezer"},"content":{"rendered":"<p>[et_pb_section bb_built=\u00a0\u00bb1&Prime;][et_pb_row][et_pb_column type=\u00a0\u00bb4_4&Prime;][et_pb_post_title _builder_version=\u00a0\u00bb3.0.75&Prime; title=\u00a0\u00bbon\u00a0\u00bb meta=\u00a0\u00bbon\u00a0\u00bb author=\u00a0\u00bbon\u00a0\u00bb date=\u00a0\u00bbon\u00a0\u00bb categories=\u00a0\u00bbon\u00a0\u00bb comments=\u00a0\u00bbon\u00a0\u00bb featured_image=\u00a0\u00bboff\u00a0\u00bb featured_placement=\u00a0\u00bbbelow\u00a0\u00bb text_color=\u00a0\u00bbdark\u00a0\u00bb text_background=\u00a0\u00bboff\u00a0\u00bb border_style=\u00a0\u00bbsolid\u00a0\u00bb text_orientation=\u00a0\u00bbcenter\u00a0\u00bb title_font=\u00a0\u00bb||||\u00a0\u00bb title_text_color=\u00a0\u00bbrgba(0,0,0,0.91)\u00a0\u00bb \/][\/et_pb_column][\/et_pb_row][et_pb_row][et_pb_column type=\u00a0\u00bb4_4&Prime;][et_pb_text _builder_version=\u00a0\u00bb3.0.75&Prime; background_layout=\u00a0\u00bblight\u00a0\u00bb border_style=\u00a0\u00bbsolid\u00a0\u00bb text_font_size=\u00a0\u00bb16&Prime;]<\/p>\n<p class=\"p1\"><span class=\"s1\">En septembre 2019, les radios ont envoy\u00e9 un courrier commun au ministre de la Culture pour demander une r\u00e9vision des quotas de chansons fran\u00e7aises, rapporte<strong><em><a href=\"https:\/\/www.20minutes.fr\/arts-stars\/medias\/2603711-20190913-radios-veulent-quotas-francophones-imposes-deezer-spotify-autres-plateformes\"> 20 Minutes<\/a><\/em><\/strong>.<span class=\"Apple-converted-space\">\u00a0<\/span>Dans leurs r\u00e9clamations, les dirigeants souhaitent que <strong><a href=\"https:\/\/www.csa.fr\/Arbitrer\/Promotion-de-la-production-audiovisuelle\/Les-quotas-de-chansons-a-la-radio\">des quotas de musiques francophones<\/a><\/strong> soient impos\u00e9es aux plateformes de streaming. Subissant la concurrence des acteurs num\u00e9riques, les patrons du groupe Lagard\u00e8re, NRJ, Radio France, France M\u00e9dia Monde et M6 souhaitent assouplir leur nombre de quotas impos\u00e9s. <em>\u00abLes radios ne peuvent \u00eatre les seules \u00e0 participer \u00e0 cet effort, tandis que les acteurs digitaux proposent une offre musicale sans prendre leur part d\u2019obligations\u00bb<\/em>, \u00e9crivent-ils. En effet, l\u2019offre gratuite de Spotify, Deezer ou encore Apple Music \u00e9chappe \u00e0 cette r\u00e8gle. <\/span><span class=\"s1\">Depuis 1994, les radios sont contraintes de diffuser un minimum de 40% de chansons d\u2019expression fran\u00e7aise.<span class=\"Apple-converted-space\">\u00a0<\/span>Un dispositif qui a \u00e9t\u00e9 <strong><a href=\"https:\/\/www.lesechos.fr\/2015\/09\/quotas-de-chansons-francaises-les-radios-vent-debout-contre-un-durcissement-des-regles-274528\">durci il y a trois ans<\/a><\/strong>,<span class=\"Apple-converted-space\">\u00a0 <\/span>en exigeant la promotion de nouvelles productions et de nouveaux talents. Il s&rsquo;agit d&rsquo;un moyen pour l\u2019\u00c9tat de s\u2019assurer que ce ne soit pas toujours les m\u00eames chansons qui soient diffus\u00e9es. On peut donc s\u2019attendre \u00e0 un bras de fer pour promouvoir la musique francophone sur de nouveaux supports num\u00e9riques.<\/span><\/p>\n<p>[\/et_pb_text][\/et_pb_column][\/et_pb_row][\/et_pb_section]<\/p>\n","protected":false},"excerpt":{"rendered":"<p>[et_pb_section bb_built=\u00a0\u00bb1&Prime;][et_pb_row][et_pb_column type=\u00a0\u00bb4_4&Prime;][et_pb_post_title _builder_version=\u00a0\u00bb3.0.75&Prime; title=\u00a0\u00bbon\u00a0\u00bb meta=\u00a0\u00bbon\u00a0\u00bb author=\u00a0\u00bbon\u00a0\u00bb date=\u00a0\u00bbon\u00a0\u00bb categories=\u00a0\u00bbon\u00a0\u00bb comments=\u00a0\u00bbon\u00a0\u00bb featured_image=\u00a0\u00bboff\u00a0\u00bb featured_placement=\u00a0\u00bbbelow\u00a0\u00bb text_color=\u00a0\u00bbdark\u00a0\u00bb text_background=\u00a0\u00bboff\u00a0\u00bb border_style=\u00a0\u00bbsolid\u00a0\u00bb text_orientation=\u00a0\u00bbcenter\u00a0\u00bb title_font=\u00a0\u00bb||||\u00a0\u00bb title_text_color=\u00a0\u00bbrgba(0,0,0,0.91)\u00a0\u00bb \/][\/et_pb_column][\/et_pb_row][et_pb_row][et_pb_column type=\u00a0\u00bb4_4&Prime;][et_pb_text _builder_version=\u00a0\u00bb3.0.75&Prime; background_layout=\u00a0\u00bblight\u00a0\u00bb border_style=\u00a0\u00bbsolid\u00a0\u00bb text_font_size=\u00a0\u00bb16&Prime;] En septembre 2019, les radios ont envoy\u00e9 un courrier commun au ministre de la Culture pour demander une r\u00e9vision des quotas de chansons fran\u00e7aises, rapporte 20 Minutes.\u00a0Dans leurs r\u00e9clamations, les dirigeants [&hellip;]<\/p>\n","protected":false},"author":115,"featured_media":3834,"comment_status":"open","ping_status":"open","sticky":false,"template":"","format":"standard","meta":[],"categories":[2],"tags":[663,649,648,224,647],"_links":{"self":[{"href":"http:\/\/journalismes-info.ejdg.fr\/index.php\/wp-json\/wp\/v2\/posts\/3774"}],"collection":[{"href":"http:\/\/journalismes-info.ejdg.fr\/index.php\/wp-json\/wp\/v2\/posts"}],"about":[{"href":"http:\/\/journalismes-info.ejdg.fr\/index.php\/wp-json\/wp\/v2\/types\/post"}],"author":[{"embeddable":true,"href":"http:\/\/journalismes-info.ejdg.fr\/index.php\/wp-json\/wp\/v2\/users\/115"}],"replies":[{"embeddable":true,"href":"http:\/\/journalismes-info.ejdg.fr\/index.php\/wp-json\/wp\/v2\/comments?post=3774"}],"version-history":[{"count":6,"href":"http:\/\/journalismes-info.ejdg.fr\/index.php\/wp-json\/wp\/v2\/posts\/3774\/revisions"}],"predecessor-version":[{"id":4743,"href":"http:\/\/journalismes-info.ejdg.fr\/index.php\/wp-json\/wp\/v2\/posts\/3774\/revisions\/4743"}],"wp:featuredmedia":[{"embeddable":true,"href":"http:\/\/journalismes-info.ejdg.fr\/index.php\/wp-json\/wp\/v2\/media\/3834"}],"wp:attachment":[{"href":"http:\/\/journalismes-info.ejdg.fr\/index.php\/wp-json\/wp\/v2\/media?parent=3774"}],"wp:term":[{"taxonomy":"category","embeddable":true,"href":"http:\/\/journalismes-info.ejdg.fr\/index.php\/wp-json\/wp\/v2\/categories?post=3774"},{"taxonomy":"post_tag","embeddable":true,"href":"http:\/\/journalismes-info.ejdg.fr\/index.php\/wp-json\/wp\/v2\/tags?post=3774"}],"curies":[{"name":"wp","href":"https:\/\/api.w.org\/{rel}","templated":true}]}}