{"id":3727,"date":"2019-10-15T14:59:34","date_gmt":"2019-10-15T12:59:34","guid":{"rendered":"http:\/\/journalismes-info.ejdg.fr\/?p=3727"},"modified":"2019-11-20T15:01:40","modified_gmt":"2019-11-20T14:01:40","slug":"facebook-google-et-twitter-sunissent-dans-la-lutte-contre-lextremisme","status":"publish","type":"post","link":"http:\/\/journalismes-info.ejdg.fr\/index.php\/2019\/10\/15\/facebook-google-et-twitter-sunissent-dans-la-lutte-contre-lextremisme\/","title":{"rendered":"Facebook, Google et Twitter s\u2019unissent dans la lutte contre l\u2019extr\u00e9misme"},"content":{"rendered":"<p>[et_pb_section bb_built=\u00a0\u00bb1&Prime;][et_pb_row][et_pb_column type=\u00a0\u00bb4_4&Prime;][et_pb_post_title _builder_version=\u00a0\u00bb3.0.75&Prime; title=\u00a0\u00bbon\u00a0\u00bb meta=\u00a0\u00bbon\u00a0\u00bb author=\u00a0\u00bbon\u00a0\u00bb date=\u00a0\u00bbon\u00a0\u00bb categories=\u00a0\u00bbon\u00a0\u00bb comments=\u00a0\u00bbon\u00a0\u00bb featured_image=\u00a0\u00bboff\u00a0\u00bb featured_placement=\u00a0\u00bbbelow\u00a0\u00bb text_color=\u00a0\u00bbdark\u00a0\u00bb text_background=\u00a0\u00bboff\u00a0\u00bb border_style=\u00a0\u00bbsolid\u00a0\u00bb text_orientation=\u00a0\u00bbcenter\u00a0\u00bb title_font=\u00a0\u00bb||||\u00a0\u00bb title_text_color=\u00a0\u00bbrgba(0,0,0,0.91)\u00a0\u00bb \/][\/et_pb_column][\/et_pb_row][et_pb_row _builder_version=\u00a0\u00bb3.0.75&Prime;][et_pb_column type=\u00a0\u00bb4_4&Prime;][et_pb_text _builder_version=\u00a0\u00bb3.0.75&Prime; background_layout=\u00a0\u00bblight\u00a0\u00bb border_style=\u00a0\u00bbsolid\u00a0\u00bb text_font_size=\u00a0\u00bb16&Prime;]<\/p>\n<p>Facebook a annonc\u00e9 lundi 23 septembre 2019 s\u2019associer aux g\u00e9ants technologiques Google et Twitter pour lancer une structure ind\u00e9pendante contre les contenus ind\u00e9sirables en ligne. Apr\u00e8s l\u2019attentat de Christchurch en Nouvelle-Z\u00e9lande en mars 2019, Facebook a encha\u00een\u00e9 les <a href=\"https:\/\/www.lemonde.fr\/pixels\/article\/2019\/05\/15\/ce-que-prevoit-facebook-pour-limiter-la-diffusion-en-direct-d-images-terroristes_5462259_4408996.html\"><strong>initiatives<\/strong>\u00a0<\/a>pour combattre les contenus \u00ab\u00a0haineux et extr\u00e9mistes\u00a0\u00bb. Cette nouvelle organisation aura pour objectif de\u00a0\u00ab\u00a0d\u00e9jouer les tentatives de plus en plus sophistiqu\u00e9es des terroristes et des extr\u00e9mistes violents pour se servir des plateformes num\u00e9riques\u00a0\u00bb,<em>\u00a0<\/em>selon les termes d\u2019un communiqu\u00e9 re\u00e7u par l\u2019AFP. Jacinda Ardern, Premi\u00e8re ministre n\u00e9o-z\u00e9landaise, et Sheryl Sandberg, directrice des op\u00e9rations de Facebook, ont annonc\u00e9 son officialisation en marge de l\u2019Assembl\u00e9e g\u00e9n\u00e9rale des Nations Unies \u00e0 New York. Dans son <strong><a href=\"https:\/\/newsroom.fb.com\/news\/2019\/09\/next-steps-for-gifct\/\">communiqu\u00e9<\/a><\/strong>, Facebook pr\u00e9sente cette initiative comme la continuit\u00e9 d\u2019un consortium, le<strong> <a href=\"https:\/\/www.lemonde.fr\/pixels\/article\/2017\/06\/27\/un-forum-mondial-contre-le-terrorisme-cree-par-les-geants-d-internet_5151506_4408996.html\">Global Internet Forum to Counter Terrorism<\/a><\/strong>, cr\u00e9\u00e9 par Facebook, Twitter, Microsoft et Google (via Youtube) en 2017. La structure sera dot\u00e9e d\u2019un personnel ind\u00e9pendant et d\u2019un directeur ex\u00e9cutif. Des acteurs non-gouvernementaux seront, quant \u00e0 eux, en charge d\u2019un comit\u00e9 consultatif.Six gouvernements (les Etats-Unis, la France, le Royaume-Uni, le Canada, la Nouvelle-Z\u00e9lande et le Japon) ainsi que des experts de l\u2019ONU et de l\u2019Union europ\u00e9enne auront un r\u00f4le de consultation.<\/p>\n<p>[\/et_pb_text][\/et_pb_column][\/et_pb_row][\/et_pb_section]<\/p>\n","protected":false},"excerpt":{"rendered":"<p>[et_pb_section bb_built=\u00a0\u00bb1&Prime;][et_pb_row][et_pb_column type=\u00a0\u00bb4_4&Prime;][et_pb_post_title _builder_version=\u00a0\u00bb3.0.75&Prime; title=\u00a0\u00bbon\u00a0\u00bb meta=\u00a0\u00bbon\u00a0\u00bb author=\u00a0\u00bbon\u00a0\u00bb date=\u00a0\u00bbon\u00a0\u00bb categories=\u00a0\u00bbon\u00a0\u00bb comments=\u00a0\u00bbon\u00a0\u00bb featured_image=\u00a0\u00bboff\u00a0\u00bb featured_placement=\u00a0\u00bbbelow\u00a0\u00bb text_color=\u00a0\u00bbdark\u00a0\u00bb text_background=\u00a0\u00bboff\u00a0\u00bb border_style=\u00a0\u00bbsolid\u00a0\u00bb text_orientation=\u00a0\u00bbcenter\u00a0\u00bb title_font=\u00a0\u00bb||||\u00a0\u00bb title_text_color=\u00a0\u00bbrgba(0,0,0,0.91)\u00a0\u00bb \/][\/et_pb_column][\/et_pb_row][et_pb_row _builder_version=\u00a0\u00bb3.0.75&Prime;][et_pb_column type=\u00a0\u00bb4_4&Prime;][et_pb_text _builder_version=\u00a0\u00bb3.0.75&Prime; background_layout=\u00a0\u00bblight\u00a0\u00bb border_style=\u00a0\u00bbsolid\u00a0\u00bb text_font_size=\u00a0\u00bb16&Prime;] Facebook a annonc\u00e9 lundi 23 septembre 2019 s\u2019associer aux g\u00e9ants technologiques Google et Twitter pour lancer une structure ind\u00e9pendante contre les contenus ind\u00e9sirables en ligne. Apr\u00e8s l\u2019attentat de Christchurch en [&hellip;]<\/p>\n","protected":false},"author":118,"featured_media":3764,"comment_status":"open","ping_status":"open","sticky":false,"template":"","format":"standard","meta":[],"categories":[2],"tags":[641,50,51,642,645,643,33,644],"_links":{"self":[{"href":"http:\/\/journalismes-info.ejdg.fr\/index.php\/wp-json\/wp\/v2\/posts\/3727"}],"collection":[{"href":"http:\/\/journalismes-info.ejdg.fr\/index.php\/wp-json\/wp\/v2\/posts"}],"about":[{"href":"http:\/\/journalismes-info.ejdg.fr\/index.php\/wp-json\/wp\/v2\/types\/post"}],"author":[{"embeddable":true,"href":"http:\/\/journalismes-info.ejdg.fr\/index.php\/wp-json\/wp\/v2\/users\/118"}],"replies":[{"embeddable":true,"href":"http:\/\/journalismes-info.ejdg.fr\/index.php\/wp-json\/wp\/v2\/comments?post=3727"}],"version-history":[{"count":5,"href":"http:\/\/journalismes-info.ejdg.fr\/index.php\/wp-json\/wp\/v2\/posts\/3727\/revisions"}],"predecessor-version":[{"id":4644,"href":"http:\/\/journalismes-info.ejdg.fr\/index.php\/wp-json\/wp\/v2\/posts\/3727\/revisions\/4644"}],"wp:featuredmedia":[{"embeddable":true,"href":"http:\/\/journalismes-info.ejdg.fr\/index.php\/wp-json\/wp\/v2\/media\/3764"}],"wp:attachment":[{"href":"http:\/\/journalismes-info.ejdg.fr\/index.php\/wp-json\/wp\/v2\/media?parent=3727"}],"wp:term":[{"taxonomy":"category","embeddable":true,"href":"http:\/\/journalismes-info.ejdg.fr\/index.php\/wp-json\/wp\/v2\/categories?post=3727"},{"taxonomy":"post_tag","embeddable":true,"href":"http:\/\/journalismes-info.ejdg.fr\/index.php\/wp-json\/wp\/v2\/tags?post=3727"}],"curies":[{"name":"wp","href":"https:\/\/api.w.org\/{rel}","templated":true}]}}