{"id":3715,"date":"2019-10-15T16:31:39","date_gmt":"2019-10-15T14:31:39","guid":{"rendered":"http:\/\/journalismes-info.ejdg.fr\/?p=3715"},"modified":"2019-11-20T16:45:33","modified_gmt":"2019-11-20T15:45:33","slug":"lequipe-et-radio-france-sunissent-dans-le-sport","status":"publish","type":"post","link":"http:\/\/journalismes-info.ejdg.fr\/index.php\/2019\/10\/15\/lequipe-et-radio-france-sunissent-dans-le-sport\/","title":{"rendered":"L&rsquo;\u00c9quipe et Radio France s&rsquo;unissent dans le sport"},"content":{"rendered":"<p>[et_pb_section bb_built=\u00a0\u00bb1&Prime;][et_pb_row][et_pb_column type=\u00a0\u00bb4_4&Prime;][et_pb_post_title _builder_version=\u00a0\u00bb3.0.75&Prime; title=\u00a0\u00bbon\u00a0\u00bb meta=\u00a0\u00bbon\u00a0\u00bb author=\u00a0\u00bbon\u00a0\u00bb date=\u00a0\u00bbon\u00a0\u00bb categories=\u00a0\u00bbon\u00a0\u00bb comments=\u00a0\u00bbon\u00a0\u00bb featured_image=\u00a0\u00bboff\u00a0\u00bb featured_placement=\u00a0\u00bbbelow\u00a0\u00bb text_color=\u00a0\u00bbdark\u00a0\u00bb text_background=\u00a0\u00bboff\u00a0\u00bb border_style=\u00a0\u00bbsolid\u00a0\u00bb text_orientation=\u00a0\u00bbcenter\u00a0\u00bb title_font=\u00a0\u00bb||||\u00a0\u00bb title_text_color=\u00a0\u00bbrgba(0,0,0,0.91)\u00a0\u00bb \/][\/et_pb_column][\/et_pb_row][et_pb_row][et_pb_column type=\u00a0\u00bb4_4&Prime;][et_pb_text _builder_version=\u00a0\u00bb3.0.75&Prime; background_layout=\u00a0\u00bblight\u00a0\u00bb border_style=\u00a0\u00bbsolid\u00a0\u00bb text_font_size=\u00a0\u00bb16&Prime;]<\/p>\n<p><span style=\"font-weight: 400;\">Un partenariat entre les deux structures a \u00e9t\u00e9 annonc\u00e9 le 11 octobre 2019: <strong><a href=\"https:\/\/www.lequipe.fr\/Medias\/Actualites\/Le-groupe-l-equipe-et-radio-france-signent-un-partenariat\/1068521\">Radio France et <em>l\u2019\u00c9quipe<\/em> vont s\u2019allier dans la diffusion des grands \u00e9v\u00e9nements sportifs<\/a><\/strong> jusqu\u2019en 2024. Au programme, des rendez-vous comme l\u2019Euro de football, le Tour de France ou encore les Jeux olympiques. Des dispositifs communs seront mis en place par les deux m\u00e9dias, sur diff\u00e9rents supports : papier, radio, web et r\u00e9seaux sociaux. Et l&rsquo;alliance sera inaugur\u00e9e par la couverture commune que proposeront ensemble pour la premi\u00e8re fois le quotidien sportif et le groupe Radio France, en d\u00e9cembre 2019. <\/span><span style=\"font-weight: 400;\">Ce partenariat prometteur se conclu entre de deux groupes puissants. Avec ses sept antennes, Radio France rassemble 15 millions d\u2019auditeurs chaque jour. Du c\u00f4t\u00e9 du groupe Amaury qui dirige<em> l\u2019\u00c9quipe<\/em>, ce sont 38 millions de lecteurs qui sont \u00e9num\u00e9r\u00e9s chaque mois. La pr\u00e9sidente du groupe Radio France, Sybile Veil, est heureuse de cette association : \u201c<em>Dans les mois et ann\u00e9es \u00e0 venir, nous aurons de belles occasions de d\u00e9montrer toute la compl\u00e9mentarit\u00e9 des savoir-faire des cha\u00eenes de Radio France et de l\u2019\u00c9quipe, pour offrir gr\u00e2ce \u00e0 ce partenariat in\u00e9dit et innovant entre nos m\u00e9dias, de grandes exp\u00e9riences sportives \u00e0 nos publics<\/em>\u201d.<\/span><\/p>\n<p>&nbsp;<\/p>\n<p>[\/et_pb_text][\/et_pb_column][\/et_pb_row][\/et_pb_section]<\/p>\n","protected":false},"excerpt":{"rendered":"<p>[et_pb_section bb_built=\u00a0\u00bb1&Prime;][et_pb_row][et_pb_column type=\u00a0\u00bb4_4&Prime;][et_pb_post_title _builder_version=\u00a0\u00bb3.0.75&Prime; title=\u00a0\u00bbon\u00a0\u00bb meta=\u00a0\u00bbon\u00a0\u00bb author=\u00a0\u00bbon\u00a0\u00bb date=\u00a0\u00bbon\u00a0\u00bb categories=\u00a0\u00bbon\u00a0\u00bb comments=\u00a0\u00bbon\u00a0\u00bb featured_image=\u00a0\u00bboff\u00a0\u00bb featured_placement=\u00a0\u00bbbelow\u00a0\u00bb text_color=\u00a0\u00bbdark\u00a0\u00bb text_background=\u00a0\u00bboff\u00a0\u00bb border_style=\u00a0\u00bbsolid\u00a0\u00bb text_orientation=\u00a0\u00bbcenter\u00a0\u00bb title_font=\u00a0\u00bb||||\u00a0\u00bb title_text_color=\u00a0\u00bbrgba(0,0,0,0.91)\u00a0\u00bb \/][\/et_pb_column][\/et_pb_row][et_pb_row][et_pb_column type=\u00a0\u00bb4_4&Prime;][et_pb_text _builder_version=\u00a0\u00bb3.0.75&Prime; background_layout=\u00a0\u00bblight\u00a0\u00bb border_style=\u00a0\u00bbsolid\u00a0\u00bb text_font_size=\u00a0\u00bb16&Prime;] Un partenariat entre les deux structures a \u00e9t\u00e9 annonc\u00e9 le 11 octobre 2019: Radio France et l\u2019\u00c9quipe vont s\u2019allier dans la diffusion des grands \u00e9v\u00e9nements sportifs jusqu\u2019en 2024. Au programme, des [&hellip;]<\/p>\n","protected":false},"author":114,"featured_media":3765,"comment_status":"open","ping_status":"open","sticky":false,"template":"","format":"standard","meta":[],"categories":[2],"tags":[650,652,520,651,250,233],"_links":{"self":[{"href":"http:\/\/journalismes-info.ejdg.fr\/index.php\/wp-json\/wp\/v2\/posts\/3715"}],"collection":[{"href":"http:\/\/journalismes-info.ejdg.fr\/index.php\/wp-json\/wp\/v2\/posts"}],"about":[{"href":"http:\/\/journalismes-info.ejdg.fr\/index.php\/wp-json\/wp\/v2\/types\/post"}],"author":[{"embeddable":true,"href":"http:\/\/journalismes-info.ejdg.fr\/index.php\/wp-json\/wp\/v2\/users\/114"}],"replies":[{"embeddable":true,"href":"http:\/\/journalismes-info.ejdg.fr\/index.php\/wp-json\/wp\/v2\/comments?post=3715"}],"version-history":[{"count":7,"href":"http:\/\/journalismes-info.ejdg.fr\/index.php\/wp-json\/wp\/v2\/posts\/3715\/revisions"}],"predecessor-version":[{"id":4738,"href":"http:\/\/journalismes-info.ejdg.fr\/index.php\/wp-json\/wp\/v2\/posts\/3715\/revisions\/4738"}],"wp:featuredmedia":[{"embeddable":true,"href":"http:\/\/journalismes-info.ejdg.fr\/index.php\/wp-json\/wp\/v2\/media\/3765"}],"wp:attachment":[{"href":"http:\/\/journalismes-info.ejdg.fr\/index.php\/wp-json\/wp\/v2\/media?parent=3715"}],"wp:term":[{"taxonomy":"category","embeddable":true,"href":"http:\/\/journalismes-info.ejdg.fr\/index.php\/wp-json\/wp\/v2\/categories?post=3715"},{"taxonomy":"post_tag","embeddable":true,"href":"http:\/\/journalismes-info.ejdg.fr\/index.php\/wp-json\/wp\/v2\/tags?post=3715"}],"curies":[{"name":"wp","href":"https:\/\/api.w.org\/{rel}","templated":true}]}}