{"id":3712,"date":"2019-10-15T15:46:11","date_gmt":"2019-10-15T13:46:11","guid":{"rendered":"http:\/\/journalismes-info.ejdg.fr\/?p=3712"},"modified":"2019-10-15T15:46:11","modified_gmt":"2019-10-15T13:46:11","slug":"mediapart-annonce-la-creation-du-fonds-pour-une-presse-libre","status":"publish","type":"post","link":"http:\/\/journalismes-info.ejdg.fr\/index.php\/2019\/10\/15\/mediapart-annonce-la-creation-du-fonds-pour-une-presse-libre\/","title":{"rendered":"Mediapart annonce la cr\u00e9ation du fonds pour une presse libre"},"content":{"rendered":"<p>[et_pb_section bb_built=\u00a0\u00bb1&Prime;][et_pb_row][et_pb_column type=\u00a0\u00bb4_4&Prime;][et_pb_post_title _builder_version=\u00a0\u00bb3.0.75&Prime; title=\u00a0\u00bbon\u00a0\u00bb meta=\u00a0\u00bbon\u00a0\u00bb author=\u00a0\u00bbon\u00a0\u00bb date=\u00a0\u00bbon\u00a0\u00bb categories=\u00a0\u00bbon\u00a0\u00bb comments=\u00a0\u00bbon\u00a0\u00bb featured_image=\u00a0\u00bboff\u00a0\u00bb featured_placement=\u00a0\u00bbbelow\u00a0\u00bb text_color=\u00a0\u00bbdark\u00a0\u00bb text_background=\u00a0\u00bboff\u00a0\u00bb border_style=\u00a0\u00bbsolid\u00a0\u00bb text_orientation=\u00a0\u00bbcenter\u00a0\u00bb title_font=\u00a0\u00bb||||\u00a0\u00bb title_text_color=\u00a0\u00bbrgba(0,0,0,0.91)\u00a0\u00bb \/][\/et_pb_column][\/et_pb_row][et_pb_row][et_pb_column type=\u00a0\u00bb4_4&Prime;][et_pb_text _builder_version=\u00a0\u00bb3.0.75&Prime; background_layout=\u00a0\u00bblight\u00a0\u00bb border_style=\u00a0\u00bbsolid\u00a0\u00bb text_font_size=\u00a0\u00bb16&Prime;]<\/p>\n<p>Dans <strong><a href=\"https:\/\/blogs.mediapart.fr\/fpl\/blog\/170919\/le-fonds-pour-une-presse-libre-est-cree\">un article post\u00e9 sur leur blog<\/a><\/strong> le 17 septembre, M\u00e9diapart annonce la cr\u00e9ation d\u2019un \u201cFond pour une presse libre\u201d (FPL). Le projet,\u00a0divulgu\u00e9\u00a0le 2 juillet, a pour ambition de loger\u00a0100 % du capital de l\u2019entreprise dans \u201c<strong><a href=\"https:\/\/www.liberation.fr\/france\/2019\/07\/02\/independance-de-la-presse-la-martingale-de-mediapart_1737642\">une structure \u00e0 but non lucratif<\/a><\/strong> qui, en le sanctuarisant, le rendra inviolable, non cessible et non achetable\u201d. Pr\u00e9sid\u00e9 par Michel\u00a0Brou\u00e9\u00a0(Math\u00e9maticien), le conseil d\u2019administration du FPL est compos\u00e9 de Dominique Cardon (Directeur du\u00a0M\u00e9diaLab\u00a0de Sciences Po), St\u00e9phanie Chevrier (Pr\u00e9sidente des \u00e9ditions La D\u00e9couverte), Christine Lazerges (Ex-pr\u00e9sidente\u00a0de la Commission nationale consultative des droits de l\u2019Homme), Fran\u00e7ois\u00a0Vitrani\u00a0(directeur g\u00e9n\u00e9ral de la Maison de l\u2019Am\u00e9rique latine), Renaud Creus et Jade\u00a0Lindgaard\u00a0(repr\u00e9sentants des\u00a0salari\u00e9.e.s\u00a0de Mediapart). Le FPL aura pour mission de \u201cd\u00e9fendre la libert\u00e9, l\u2019ind\u00e9pendance et le pluralisme de la presse\u201d. Une initiative suivie par le journal Le Monde dont le co-propri\u00e9taire Matthieu\u00a0Pigasse\u00a0a <strong><a href=\"https:\/\/www.lemonde.fr\/actualite-medias\/article\/2019\/09\/23\/le-monde-matthieu-pigasse-et-xavier-niel-signent-le-droit-d-agrement-reclame-par-les-redactions_6012754_3236.html\">sign\u00e9 un droit d\u2019agr\u00e9ment<\/a> <\/strong>permettant aux journalistes de la r\u00e9daction de refuser l\u2019entr\u00e9e au capital d\u2019un actionnaire de contr\u00f4le. De son c\u00f4t\u00e9, le second propri\u00e9taire du journal Xavier Niel va proposer \u00e0 ses autres coactionnaires de loger leurs participations dans\u00a0Le Monde\u00a0au sein d\u2019une fondation, pour\u00a0\u00ab sanctuariser l\u2019ind\u00e9pendance \u00bb\u00a0du groupe.<\/p>\n<p style=\"text-align: right\">Pierre-Hugo Reber<\/p>\n<p>[\/et_pb_text][\/et_pb_column][\/et_pb_row][\/et_pb_section]<\/p>\n","protected":false},"excerpt":{"rendered":"<p>[et_pb_section bb_built=\u00a0\u00bb1&Prime;][et_pb_row][et_pb_column type=\u00a0\u00bb4_4&Prime;][et_pb_post_title _builder_version=\u00a0\u00bb3.0.75&Prime; title=\u00a0\u00bbon\u00a0\u00bb meta=\u00a0\u00bbon\u00a0\u00bb author=\u00a0\u00bbon\u00a0\u00bb date=\u00a0\u00bbon\u00a0\u00bb categories=\u00a0\u00bbon\u00a0\u00bb comments=\u00a0\u00bbon\u00a0\u00bb featured_image=\u00a0\u00bboff\u00a0\u00bb featured_placement=\u00a0\u00bbbelow\u00a0\u00bb text_color=\u00a0\u00bbdark\u00a0\u00bb text_background=\u00a0\u00bboff\u00a0\u00bb border_style=\u00a0\u00bbsolid\u00a0\u00bb text_orientation=\u00a0\u00bbcenter\u00a0\u00bb title_font=\u00a0\u00bb||||\u00a0\u00bb title_text_color=\u00a0\u00bbrgba(0,0,0,0.91)\u00a0\u00bb \/][\/et_pb_column][\/et_pb_row][et_pb_row][et_pb_column type=\u00a0\u00bb4_4&Prime;][et_pb_text _builder_version=\u00a0\u00bb3.0.75&Prime; background_layout=\u00a0\u00bblight\u00a0\u00bb border_style=\u00a0\u00bbsolid\u00a0\u00bb text_font_size=\u00a0\u00bb16&Prime;] Dans un article post\u00e9 sur leur blog le 17 septembre, M\u00e9diapart annonce la cr\u00e9ation d\u2019un \u201cFond pour une presse libre\u201d (FPL). Le projet,\u00a0divulgu\u00e9\u00a0le 2 juillet, a pour ambition de loger\u00a0100 % [&hellip;]<\/p>\n","protected":false},"author":122,"featured_media":3793,"comment_status":"open","ping_status":"open","sticky":false,"template":"","format":"standard","meta":[],"categories":[2],"tags":[639,636,479,638,635,637],"_links":{"self":[{"href":"http:\/\/journalismes-info.ejdg.fr\/index.php\/wp-json\/wp\/v2\/posts\/3712"}],"collection":[{"href":"http:\/\/journalismes-info.ejdg.fr\/index.php\/wp-json\/wp\/v2\/posts"}],"about":[{"href":"http:\/\/journalismes-info.ejdg.fr\/index.php\/wp-json\/wp\/v2\/types\/post"}],"author":[{"embeddable":true,"href":"http:\/\/journalismes-info.ejdg.fr\/index.php\/wp-json\/wp\/v2\/users\/122"}],"replies":[{"embeddable":true,"href":"http:\/\/journalismes-info.ejdg.fr\/index.php\/wp-json\/wp\/v2\/comments?post=3712"}],"version-history":[{"count":5,"href":"http:\/\/journalismes-info.ejdg.fr\/index.php\/wp-json\/wp\/v2\/posts\/3712\/revisions"}],"predecessor-version":[{"id":3800,"href":"http:\/\/journalismes-info.ejdg.fr\/index.php\/wp-json\/wp\/v2\/posts\/3712\/revisions\/3800"}],"wp:featuredmedia":[{"embeddable":true,"href":"http:\/\/journalismes-info.ejdg.fr\/index.php\/wp-json\/wp\/v2\/media\/3793"}],"wp:attachment":[{"href":"http:\/\/journalismes-info.ejdg.fr\/index.php\/wp-json\/wp\/v2\/media?parent=3712"}],"wp:term":[{"taxonomy":"category","embeddable":true,"href":"http:\/\/journalismes-info.ejdg.fr\/index.php\/wp-json\/wp\/v2\/categories?post=3712"},{"taxonomy":"post_tag","embeddable":true,"href":"http:\/\/journalismes-info.ejdg.fr\/index.php\/wp-json\/wp\/v2\/tags?post=3712"}],"curies":[{"name":"wp","href":"https:\/\/api.w.org\/{rel}","templated":true}]}}