{"id":3710,"date":"2019-10-15T15:05:49","date_gmt":"2019-10-15T13:05:49","guid":{"rendered":"http:\/\/journalismes-info.ejdg.fr\/?p=3710"},"modified":"2019-11-20T15:10:55","modified_gmt":"2019-11-20T14:10:55","slug":"havas-paris-setend-sur-les-reseaux-sociaux","status":"publish","type":"post","link":"http:\/\/journalismes-info.ejdg.fr\/index.php\/2019\/10\/15\/havas-paris-setend-sur-les-reseaux-sociaux\/","title":{"rendered":"Havas Paris s\u2019\u00e9tend sur les r\u00e9seaux sociaux"},"content":{"rendered":"<p>[et_pb_section bb_built=\u00a0\u00bb1&Prime;][et_pb_row][et_pb_column type=\u00a0\u00bb4_4&Prime;][et_pb_post_title _builder_version=\u00a0\u00bb3.0.75&Prime; title=\u00a0\u00bbon\u00a0\u00bb meta=\u00a0\u00bbon\u00a0\u00bb author=\u00a0\u00bbon\u00a0\u00bb date=\u00a0\u00bbon\u00a0\u00bb categories=\u00a0\u00bbon\u00a0\u00bb comments=\u00a0\u00bbon\u00a0\u00bb featured_image=\u00a0\u00bboff\u00a0\u00bb featured_placement=\u00a0\u00bbbelow\u00a0\u00bb text_color=\u00a0\u00bbdark\u00a0\u00bb text_background=\u00a0\u00bboff\u00a0\u00bb border_style=\u00a0\u00bbsolid\u00a0\u00bb text_orientation=\u00a0\u00bbcenter\u00a0\u00bb title_font=\u00a0\u00bb||||\u00a0\u00bb title_text_color=\u00a0\u00bbrgba(0,0,0,0.91)\u00a0\u00bb \/][\/et_pb_column][\/et_pb_row][et_pb_row][et_pb_column type=\u00a0\u00bb4_4&Prime;][et_pb_text _builder_version=\u00a0\u00bb3.0.75&Prime; background_layout=\u00a0\u00bblight\u00a0\u00bb border_style=\u00a0\u00bbsolid\u00a0\u00bb text_font_size=\u00a0\u00bb16&Prime;]<\/p>\n<p><span style=\"font-weight: 400;\">Havas Paris<\/span><i><\/i><i><span style=\"font-weight: 400;\">,<\/span><\/i><span style=\"font-weight: 400;\"> agence de strat\u00e9gie et de cr\u00e9ation de contenus pour entreprises, a ouvert le 19 septembre 2019 un p\u00f4le centr\u00e9 sur les r\u00e9seaux sociaux : <\/span><span style=\"font-weight: 400;\">Havas Paris Social<\/span><span style=\"font-weight: 400;\">. Il r\u00e9unit 35 collaborateurs dans le but d\u2019\u201c<\/span><i>accompagner les marques dans leur qu\u00eate de l\u00e9gitimit\u00e9 d&rsquo;action sur les r\u00e9seaux sociaux<\/i><i><span style=\"font-weight: 400;\">\u00a0\u00bb\u00a0 <\/span><\/i><span style=\"font-weight: 400;\">selon<\/span><span style=\"font-weight: 400;\"> Ludovic Chevalier, plac\u00e9 \u00e0 la t\u00eate de la structure. Les nouveaut\u00e9s? Des managers sp\u00e9cialis\u00e9s, un design sp\u00e9cifique ou encore de l&rsquo;analyse de donn\u00e9es. L\u2019objectif est de se positionner sur un terrain de plus en plus pl\u00e9biscit\u00e9 par les clients d\u2019<\/span><span style=\"font-weight: 400;\">Havas<\/span><span style=\"font-weight: 400;\">. <\/span><span style=\"font-weight: 400;\">Fabrice Conrad, directeur g\u00e9n\u00e9ral, \u00e9voque dans <\/span><a href=\"http:\/\/www.strategies.fr\/actualites\/agences\/4033982W\/havas-paris-prend-l-accent-social-media.html\"><i><span style=\"font-weight: 400;\"><strong>Strat\u00e9gies<\/strong><\/span><\/i><\/a> <span style=\"font-weight: 400;\">l\u2019exemple d\u2019<\/span><span style=\"font-weight: 400;\">EDF<\/span><span style=\"font-weight: 400;\"> qui s\u2019est cr\u00e9\u00e9 un compte Snapchat en 2017.<\/span><span style=\"font-weight: 400;\">\u00a0<\/span><span style=\"font-weight: 400;\">Les ressources de production de contenus de <\/span><span style=\"font-weight: 400;\">Havas Paris Social<\/span><span style=\"font-weight: 400;\"> viendront enrichir le nouveau p\u00f4le. On pense par exemple au studio int\u00e9gr\u00e9 <\/span><i><span style=\"font-weight: 400;\">\u00ab\u00a0<\/span><\/i><span style=\"font-weight: 400;\">LabFab<\/span><i><span style=\"font-weight: 400;\">\u00a0\u00bb <\/span><\/i><span style=\"font-weight: 400;\">ou <\/span><span style=\"font-weight: 400;\">Havas Podcast<\/span><i><span style=\"font-weight: 400;\">.<\/span><\/i><span style=\"font-weight: 400;\"> La maison m\u00e8re du groupe, <\/span><span style=\"font-weight: 400;\">Vivendi<\/span><span style=\"font-weight: 400;\">, met \u00e9galement \u00e0 disposition l\u2019ensemble de ses comp\u00e9tences.\u00a0<\/span><span style=\"font-weight: 400;\">Havas Paris<\/span><span style=\"font-weight: 400;\"> travaille avec un grand nombre de marques qui \u00e9voluent dans des domaines vari\u00e9s, telles que <\/span><span style=\"font-weight: 400;\">Carrefour, Huawei, La Poste, LVMH, McDonald\u2019s <\/span><span style=\"font-weight: 400;\">ou m\u00eame <\/span><span style=\"font-weight: 400;\">l\u2019Arm\u00e9e de l\u2019Air<\/span><span style=\"font-weight: 400;\">. <\/span><span style=\"font-weight: 400;\">Havas Paris<\/span><span style=\"font-weight: 400;\"> se d\u00e9crit comme <\/span><i>\u201cl\u2019agence des nouveaux leaderships\u201d<\/i><span style=\"font-weight: 400;\">. Son action consiste \u00e0 \u00e9tendre l\u2019influence de ces entreprises, notamment par la conception de nouveaux formats adapt\u00e9s aux attentes de l\u2019opinion publique.<\/span><\/p>\n<p>[\/et_pb_text][\/et_pb_column][\/et_pb_row][\/et_pb_section]<\/p>\n","protected":false},"excerpt":{"rendered":"<p>[et_pb_section bb_built=\u00a0\u00bb1&Prime;][et_pb_row][et_pb_column type=\u00a0\u00bb4_4&Prime;][et_pb_post_title _builder_version=\u00a0\u00bb3.0.75&Prime; title=\u00a0\u00bbon\u00a0\u00bb meta=\u00a0\u00bbon\u00a0\u00bb author=\u00a0\u00bbon\u00a0\u00bb date=\u00a0\u00bbon\u00a0\u00bb categories=\u00a0\u00bbon\u00a0\u00bb comments=\u00a0\u00bbon\u00a0\u00bb featured_image=\u00a0\u00bboff\u00a0\u00bb featured_placement=\u00a0\u00bbbelow\u00a0\u00bb text_color=\u00a0\u00bbdark\u00a0\u00bb text_background=\u00a0\u00bboff\u00a0\u00bb border_style=\u00a0\u00bbsolid\u00a0\u00bb text_orientation=\u00a0\u00bbcenter\u00a0\u00bb title_font=\u00a0\u00bb||||\u00a0\u00bb title_text_color=\u00a0\u00bbrgba(0,0,0,0.91)\u00a0\u00bb \/][\/et_pb_column][\/et_pb_row][et_pb_row][et_pb_column type=\u00a0\u00bb4_4&Prime;][et_pb_text _builder_version=\u00a0\u00bb3.0.75&Prime; background_layout=\u00a0\u00bblight\u00a0\u00bb border_style=\u00a0\u00bbsolid\u00a0\u00bb text_font_size=\u00a0\u00bb16&Prime;] Havas Paris, agence de strat\u00e9gie et de cr\u00e9ation de contenus pour entreprises, a ouvert le 19 septembre 2019 un p\u00f4le centr\u00e9 sur les r\u00e9seaux sociaux : Havas Paris Social. Il r\u00e9unit [&hellip;]<\/p>\n","protected":false},"author":111,"featured_media":3781,"comment_status":"open","ping_status":"open","sticky":false,"template":"","format":"standard","meta":[],"categories":[2],"tags":[628,627,630,25,629],"_links":{"self":[{"href":"http:\/\/journalismes-info.ejdg.fr\/index.php\/wp-json\/wp\/v2\/posts\/3710"}],"collection":[{"href":"http:\/\/journalismes-info.ejdg.fr\/index.php\/wp-json\/wp\/v2\/posts"}],"about":[{"href":"http:\/\/journalismes-info.ejdg.fr\/index.php\/wp-json\/wp\/v2\/types\/post"}],"author":[{"embeddable":true,"href":"http:\/\/journalismes-info.ejdg.fr\/index.php\/wp-json\/wp\/v2\/users\/111"}],"replies":[{"embeddable":true,"href":"http:\/\/journalismes-info.ejdg.fr\/index.php\/wp-json\/wp\/v2\/comments?post=3710"}],"version-history":[{"count":5,"href":"http:\/\/journalismes-info.ejdg.fr\/index.php\/wp-json\/wp\/v2\/posts\/3710\/revisions"}],"predecessor-version":[{"id":4659,"href":"http:\/\/journalismes-info.ejdg.fr\/index.php\/wp-json\/wp\/v2\/posts\/3710\/revisions\/4659"}],"wp:featuredmedia":[{"embeddable":true,"href":"http:\/\/journalismes-info.ejdg.fr\/index.php\/wp-json\/wp\/v2\/media\/3781"}],"wp:attachment":[{"href":"http:\/\/journalismes-info.ejdg.fr\/index.php\/wp-json\/wp\/v2\/media?parent=3710"}],"wp:term":[{"taxonomy":"category","embeddable":true,"href":"http:\/\/journalismes-info.ejdg.fr\/index.php\/wp-json\/wp\/v2\/categories?post=3710"},{"taxonomy":"post_tag","embeddable":true,"href":"http:\/\/journalismes-info.ejdg.fr\/index.php\/wp-json\/wp\/v2\/tags?post=3710"}],"curies":[{"name":"wp","href":"https:\/\/api.w.org\/{rel}","templated":true}]}}