{"id":3494,"date":"2019-04-06T16:00:26","date_gmt":"2019-04-06T14:00:26","guid":{"rendered":"http:\/\/journalismes-info.ejdg.fr\/?p=3494"},"modified":"2021-04-02T16:53:19","modified_gmt":"2021-04-02T14:53:19","slug":"facebook-et-journalisme-font-ils-bon-menage","status":"publish","type":"post","link":"http:\/\/journalismes-info.ejdg.fr\/index.php\/2019\/04\/06\/facebook-et-journalisme-font-ils-bon-menage\/","title":{"rendered":"Facebook et journalisme font-ils bon m\u00e9nage\u00a0?"},"content":{"rendered":"<p>[et_pb_section bb_built=\u00a0\u00bb1&Prime;][et_pb_row][et_pb_column type=\u00a0\u00bb4_4&Prime;][et_pb_post_title _builder_version=\u00a0\u00bb3.0.75&Prime; title=\u00a0\u00bbon\u00a0\u00bb meta=\u00a0\u00bbon\u00a0\u00bb author=\u00a0\u00bboff\u00a0\u00bb date=\u00a0\u00bbon\u00a0\u00bb categories=\u00a0\u00bbon\u00a0\u00bb comments=\u00a0\u00bbon\u00a0\u00bb featured_image=\u00a0\u00bboff\u00a0\u00bb featured_placement=\u00a0\u00bbbelow\u00a0\u00bb text_color=\u00a0\u00bbdark\u00a0\u00bb text_background=\u00a0\u00bboff\u00a0\u00bb border_style=\u00a0\u00bbsolid\u00a0\u00bb text_orientation=\u00a0\u00bbcenter\u00a0\u00bb title_font=\u00a0\u00bb||||\u00a0\u00bb title_text_color=\u00a0\u00bbrgba(0,0,0,0.91)\u00a0\u00bb \/][et_pb_text _builder_version=\u00a0\u00bb3.0.75&Prime; background_layout=\u00a0\u00bblight\u00a0\u00bb border_style=\u00a0\u00bbsolid\u00a0\u00bb text_font_size=\u00a0\u00bb18&Prime; custom_margin=\u00a0\u00bb|10px||50px\u00a0\u00bb custom_padding=\u00a0\u00bb|10px||50px\u00a0\u00bb]<\/p>\n<p>Facebook est un outil formidable pour tout journaliste. Il met en r\u00e9seau des milliards d&rsquo;individus et permet d&rsquo;atteindre des personnes, des groupes, qui peuvent devenir de potentielles sources. Pour autant la question de la vie priv\u00e9e, de l&rsquo;exploitation des donn\u00e9es des utilisateurs par Facebook et de leurs fr\u00e9quentes fuites posent question quant \u00e0 la s\u00e9curit\u00e9 informatique des internautes. C&rsquo;est particuli\u00e8rement le cas pour les journalistes et leurs sources.<\/p>\n<p>[\/et_pb_text][et_pb_team_member _builder_version=\u00a0\u00bb3.0.75&Prime; background_layout=\u00a0\u00bblight\u00a0\u00bb text_orientation=\u00a0\u00bbcenter\u00a0\u00bb border_style=\u00a0\u00bbsolid\u00a0\u00bb name=\u00a0\u00bbCl\u00e9ment Tronchon\u00a0\u00bb twitter_url=\u00a0\u00bbhttps:\/\/twitter.com\/ClTronchon\u00a0\u00bb \/][\/et_pb_column][\/et_pb_row][et_pb_row][et_pb_column type=\u00a0\u00bb4_4&Prime;][et_pb_image _builder_version=\u00a0\u00bb3.0.75&Prime; show_in_lightbox=\u00a0\u00bboff\u00a0\u00bb url_new_window=\u00a0\u00bboff\u00a0\u00bb use_overlay=\u00a0\u00bboff\u00a0\u00bb always_center_on_mobile=\u00a0\u00bbon\u00a0\u00bb border_style=\u00a0\u00bbsolid\u00a0\u00bb force_fullwidth=\u00a0\u00bboff\u00a0\u00bb show_bottom_space=\u00a0\u00bbon\u00a0\u00bb align=\u00a0\u00bbcenter\u00a0\u00bb max_width=\u00a0\u00bb70%\u00a0\u00bb \/][et_pb_text _builder_version=\u00a0\u00bb3.0.75&Prime; background_layout=\u00a0\u00bblight\u00a0\u00bb border_style=\u00a0\u00bbsolid\u00a0\u00bb text_font_size=\u00a0\u00bb16&Prime; custom_margin=\u00a0\u00bb|10px||50px\u00a0\u00bb custom_padding=\u00a0\u00bb|10px||50px\u00a0\u00bb]<\/p>\n<p>Il y a quelques semaines, Facebook a admis une nouvelle fuite de donn\u00e9e\u00a0: <a href=\"https:\/\/www.forbes.fr\/technologie\/facebook-600-millions-de-mots-de-passe-exposes\/?cn-reloaded=1\">200 \u00e0 600 millions de mots de passe d&rsquo;utilisateurs aurait \u00e9t\u00e9 stock\u00e9s par le r\u00e9seau social sur des serveurs internes non s\u00e9curis\u00e9s<\/a>. Les mots de passe \u00e9taient potentiellement accessibles par certains employ\u00e9s de la firme. Une erreur qui pourrait \u00eatre sans cons\u00e9quence, mais qui interroge \u00e0 nouveau sur la s\u00e9curit\u00e9 que Facebook est en mesure de garantir \u00e0 ses utilisateurs. Cette attention particuli\u00e8re port\u00e9e aux donn\u00e9es personnelles est d&rsquo;autant plus pr\u00e9gnante dans le milieu journalistique. Quand votre mot de passe est d\u00e9couvert par un hacker, ce dernier a acc\u00e8s librement \u00e0 tout ce que vous postez sur Facebook. A vos donn\u00e9es personnelles, bien s\u00fbr, mais aussi aux \u00e9changes que vous avez pu avoir avec vos sources, \u00e0 votre liste d&rsquo;amis, etc.<\/p>\n<p><strong>L&rsquo;authentification \u00e0 deux facteurs fait peur<\/strong><\/p>\n<p>\u00ab\u00a0Le vol de mot de passe, ce n&rsquo;est pas la premi\u00e8re chose \u00e0 laquelle on pense d&rsquo;habitude quand on parle de hacking. Ce n&rsquo;est pas tr\u00e8s excitant d&rsquo;un point de vue technique, mais c&rsquo;est tr\u00e8s fr\u00e9quent\u00bb, explique Joseph Cox, journaliste cybers\u00e9curit\u00e9 pour le site <em>Motherboard<\/em>. \u00ab\u00a0C&rsquo;est pour \u00e7a que des sites comme Facebook ont mis en place l&rsquo;authentification \u00e0 deux facteurs, qui est tr\u00e8s efficace\u00a0\u00bb. Un principe simple\u00a0: au moment de la connexion sur un nouvel appareil, l&rsquo;utilisateur re\u00e7oit un sms, ou bien une demande de confirmation sur son portable, qui lui permet de se connecter.<\/p>\n<p>Probl\u00e8me\u00a0: de nombreux utilisateurs refusent cette s\u00e9curit\u00e9 pour des raisons\u2026 de vie priv\u00e9e\u00a0! Certaines personnes ont en effet peur que le r\u00e9seau social utilise leur num\u00e9ro de t\u00e9l\u00e9phone \u00e0 d&rsquo;autres fins que leur cybers\u00e9curit\u00e9. A raison, d&rsquo;apr\u00e8s Joseph Cox\u00a0: \u00abFacebook a utilis\u00e9 les num\u00e9ros de t\u00e9l\u00e9phone donn\u00e9s par les gens pour recommander des amis \u00e0 des utilisateurs\u00a0! Ils n&rsquo;auraient vraiment pas d\u00fb, parce que l&rsquo;authentification \u00e0 deux facteurs est <em>la<\/em> meilleure chose que les utilisateurs puissent utiliser pour augmenter leur s\u00e9curit\u00e9\u00a0\u00bb.<\/p>\n<p><strong>Messenger n&rsquo;est pas suffisamment confidentiel<\/strong><\/p>\n<p>Messenger est l&rsquo;autre vrai probl\u00e8me concernant la confidentialit\u00e9 des sources sur Facebook. La messagerie en ligne est crypt\u00e9e, mais pas \u00ab\u00a0de bout en bout\u00a0\u00bb. C&rsquo;est-\u00e0-dire que le cryptage est effectu\u00e9 par Facebook, et non par le t\u00e9l\u00e9phone de l&rsquo;utilisateur. R\u00e9sultat\u00a0: le r\u00e9seau social a acc\u00e8s au contenu des messages \u00e9chang\u00e9s, contrairement \u00e0 d&rsquo;autres messageries comme Whatsapp ou Signal qui, elles, sont compl\u00e8tement crypt\u00e9es. Ainsi, certains gouvernements peuvent obliger Facebook \u00e0 leur fournir les contenus de certaines conversations. Cela pourrait mettre en danger les sources de journalistes qui vivent dans des pays dont la libert\u00e9 d&rsquo;expression n&rsquo;est pas le fort.<\/p>\n<p>Pourtant, Mark Zuckerberg <a href=\"https:\/\/www.facebook.com\/notes\/mark-zuckerberg\/a-privacy-focused-vision-for-social-networking\/10156700570096634\/?utm_campaign=The%20Interface&amp;utm_medium=email&amp;utm_source=Revue%20newsletter\">estimait dans un post de blog le 3 mars dernier<\/a> que \u00ab\u00a0le futur des communications passera de plus en plus par des services de messageries crypt\u00e9es\u00a0\u00bb. Facebook propose en effet depuis peu un chiffrement de bout en bout sur Messenger, mais cette option est facultative. \u00ab\u00a0Ce devrait \u00eatre le r\u00e9glage par d\u00e9faut, juge Joseph Cox, car, franchement, qui active cette option\u00a0? Le fait que ce soit facultatif augmente aussi les chances de se tromper\u00a0: si votre source oublie de d&rsquo;activer le chiffrement, elle peut \u00eatre grill\u00e9e, car la conversation sera accessible\u00a0\u00bb.<\/p>\n<p>Bien \u00e9videmment, tous les journalistes ne sont pas concern\u00e9s par la question. Un critique cin\u00e9ma ou un journaliste <em>lifestyle<\/em> n&rsquo;aura g\u00e9n\u00e9ralement pas besoin de prot\u00e9ger ses sources de gouvernements hostiles. Mais pour les journalistes qui enqu\u00eatent sur des terrains plus d\u00e9licats, Messenger est un outil trop fragile. Cox n&rsquo;utilise que Signal, une messagerie crypt\u00e9e et open source. Une mani\u00e8re pour lui de garantir la confidentialit\u00e9 de ses \u00e9changes, et de ne pas \u00eatre \u00e0 la merci des fuites de donn\u00e9es de Facebook.<\/p>\n<p>&nbsp;<\/p>\n<p>[\/et_pb_text][\/et_pb_column][\/et_pb_row][\/et_pb_section]<\/p>\n","protected":false},"excerpt":{"rendered":"<p>[et_pb_section bb_built=\u00a0\u00bb1&Prime;][et_pb_row][et_pb_column type=\u00a0\u00bb4_4&Prime;][et_pb_post_title _builder_version=\u00a0\u00bb3.0.75&Prime; title=\u00a0\u00bbon\u00a0\u00bb meta=\u00a0\u00bbon\u00a0\u00bb author=\u00a0\u00bboff\u00a0\u00bb date=\u00a0\u00bbon\u00a0\u00bb categories=\u00a0\u00bbon\u00a0\u00bb comments=\u00a0\u00bbon\u00a0\u00bb featured_image=\u00a0\u00bboff\u00a0\u00bb featured_placement=\u00a0\u00bbbelow\u00a0\u00bb text_color=\u00a0\u00bbdark\u00a0\u00bb text_background=\u00a0\u00bboff\u00a0\u00bb border_style=\u00a0\u00bbsolid\u00a0\u00bb text_orientation=\u00a0\u00bbcenter\u00a0\u00bb title_font=\u00a0\u00bb||||\u00a0\u00bb title_text_color=\u00a0\u00bbrgba(0,0,0,0.91)\u00a0\u00bb \/][et_pb_text _builder_version=\u00a0\u00bb3.0.75&Prime; background_layout=\u00a0\u00bblight\u00a0\u00bb border_style=\u00a0\u00bbsolid\u00a0\u00bb text_font_size=\u00a0\u00bb18&Prime; custom_margin=\u00a0\u00bb|10px||50px\u00a0\u00bb custom_padding=\u00a0\u00bb|10px||50px\u00a0\u00bb] Facebook est un outil formidable pour tout journaliste. Il met en r\u00e9seau des milliards d&rsquo;individus et permet d&rsquo;atteindre des personnes, des groupes, qui peuvent devenir de potentielles sources. Pour autant [&hellip;]<\/p>\n","protected":false},"author":93,"featured_media":3495,"comment_status":"open","ping_status":"open","sticky":false,"template":"","format":"standard","meta":[],"categories":[3,552],"tags":[573,50,333,230,574],"_links":{"self":[{"href":"http:\/\/journalismes-info.ejdg.fr\/index.php\/wp-json\/wp\/v2\/posts\/3494"}],"collection":[{"href":"http:\/\/journalismes-info.ejdg.fr\/index.php\/wp-json\/wp\/v2\/posts"}],"about":[{"href":"http:\/\/journalismes-info.ejdg.fr\/index.php\/wp-json\/wp\/v2\/types\/post"}],"author":[{"embeddable":true,"href":"http:\/\/journalismes-info.ejdg.fr\/index.php\/wp-json\/wp\/v2\/users\/93"}],"replies":[{"embeddable":true,"href":"http:\/\/journalismes-info.ejdg.fr\/index.php\/wp-json\/wp\/v2\/comments?post=3494"}],"version-history":[{"count":3,"href":"http:\/\/journalismes-info.ejdg.fr\/index.php\/wp-json\/wp\/v2\/posts\/3494\/revisions"}],"predecessor-version":[{"id":3502,"href":"http:\/\/journalismes-info.ejdg.fr\/index.php\/wp-json\/wp\/v2\/posts\/3494\/revisions\/3502"}],"wp:featuredmedia":[{"embeddable":true,"href":"http:\/\/journalismes-info.ejdg.fr\/index.php\/wp-json\/wp\/v2\/media\/3495"}],"wp:attachment":[{"href":"http:\/\/journalismes-info.ejdg.fr\/index.php\/wp-json\/wp\/v2\/media?parent=3494"}],"wp:term":[{"taxonomy":"category","embeddable":true,"href":"http:\/\/journalismes-info.ejdg.fr\/index.php\/wp-json\/wp\/v2\/categories?post=3494"},{"taxonomy":"post_tag","embeddable":true,"href":"http:\/\/journalismes-info.ejdg.fr\/index.php\/wp-json\/wp\/v2\/tags?post=3494"}],"curies":[{"name":"wp","href":"https:\/\/api.w.org\/{rel}","templated":true}]}}