{"id":3479,"date":"2019-04-05T20:00:22","date_gmt":"2019-04-05T18:00:22","guid":{"rendered":"http:\/\/journalismes-info.ejdg.fr\/?p=3479"},"modified":"2022-04-15T16:44:12","modified_gmt":"2022-04-15T14:44:12","slug":"les-femmes-a-la-conquete-du-journalisme-numerique","status":"publish","type":"post","link":"http:\/\/journalismes-info.ejdg.fr\/index.php\/2019\/04\/05\/les-femmes-a-la-conquete-du-journalisme-numerique\/","title":{"rendered":"Les femmes \u00e0 la conqu\u00eate du journalisme num\u00e9rique"},"content":{"rendered":"<p>[et_pb_section bb_built=\u00a0\u00bb1&Prime;][et_pb_row][et_pb_column type=\u00a0\u00bb4_4&Prime;][et_pb_post_title _builder_version=\u00a0\u00bb3.0.75&Prime; title=\u00a0\u00bbon\u00a0\u00bb meta=\u00a0\u00bbon\u00a0\u00bb author=\u00a0\u00bboff\u00a0\u00bb date=\u00a0\u00bbon\u00a0\u00bb categories=\u00a0\u00bbon\u00a0\u00bb comments=\u00a0\u00bbon\u00a0\u00bb featured_image=\u00a0\u00bboff\u00a0\u00bb featured_placement=\u00a0\u00bbbelow\u00a0\u00bb text_color=\u00a0\u00bbdark\u00a0\u00bb text_background=\u00a0\u00bboff\u00a0\u00bb border_style=\u00a0\u00bbsolid\u00a0\u00bb text_orientation=\u00a0\u00bbcenter\u00a0\u00bb title_font=\u00a0\u00bb||||\u00a0\u00bb title_text_color=\u00a0\u00bbrgba(0,0,0,0.91)\u00a0\u00bb \/][et_pb_text _builder_version=\u00a0\u00bb3.0.75&Prime; background_layout=\u00a0\u00bblight\u00a0\u00bb border_style=\u00a0\u00bbsolid\u00a0\u00bb text_font_size=\u00a0\u00bb18&Prime; custom_margin=\u00a0\u00bb|10px||50px\u00a0\u00bb custom_padding=\u00a0\u00bb|10px||50px\u00a0\u00bb]<\/p>\n<p class=\"p1\"><span class=\"s1\"><b>Plus d\u2019un an apr\u00e8s, #Meetoo r\u00e9sonne encore dans les conf\u00e9rences du Festival international du journalisme \u00e0 P\u00e9rouse. La plupart des intervenantes partagent le m\u00eame constat\u00a0: les journalistes au f\u00e9minin restent encore minoritaires dans les publications. Et les m\u00e9dias num\u00e9riques n\u2019\u00e9chappent pas \u00e0 la r\u00e8gle. Certains <i>pure players <\/i>ont d\u00e9cid\u00e9 de<i> <\/i>mettre les femmes au premier plan. <\/b><\/span><\/p>\n<p>[\/et_pb_text][et_pb_team_member _builder_version=\u00a0\u00bb3.0.75&Prime; background_layout=\u00a0\u00bblight\u00a0\u00bb text_orientation=\u00a0\u00bbcenter\u00a0\u00bb border_style=\u00a0\u00bbsolid\u00a0\u00bb name=\u00a0\u00bbJuliette Oriot\u00a0\u00bb twitter_url=\u00a0\u00bbhttps:\/\/twitter.com\/JulietteOriot\u00a0\u00bb \/][\/et_pb_column][\/et_pb_row][et_pb_row][et_pb_column type=\u00a0\u00bb4_4&Prime;][et_pb_image _builder_version=\u00a0\u00bb3.0.75&Prime; show_in_lightbox=\u00a0\u00bboff\u00a0\u00bb url_new_window=\u00a0\u00bboff\u00a0\u00bb use_overlay=\u00a0\u00bboff\u00a0\u00bb always_center_on_mobile=\u00a0\u00bbon\u00a0\u00bb border_style=\u00a0\u00bbsolid\u00a0\u00bb force_fullwidth=\u00a0\u00bboff\u00a0\u00bb show_bottom_space=\u00a0\u00bbon\u00a0\u00bb align=\u00a0\u00bbcenter\u00a0\u00bb max_width=\u00a0\u00bb70%\u00a0\u00bb \/][et_pb_text _builder_version=\u00a0\u00bb3.0.75&Prime; background_layout=\u00a0\u00bblight\u00a0\u00bb border_style=\u00a0\u00bbsolid\u00a0\u00bb text_font_size=\u00a0\u00bb16&Prime; custom_margin=\u00a0\u00bb|10px||50px\u00a0\u00bb custom_padding=\u00a0\u00bb|10px||50px\u00a0\u00bb]<\/p>\n<p class=\"p1\"><span class=\"s1\">M\u00eame si globalement la r\u00e9partition est plus \u00e9galitaire, la majorit\u00e9 des contenus num\u00e9riques restent sign\u00e9s par la gente masculine. Selon le rapport du Projet mondial de monitorage des m\u00e9dias (<a href=\"http:\/\/whomakesthenews.org\/gmmp\"><strong>GMMP<\/strong><\/a>), en 2015 la part de contenus r\u00e9alis\u00e9s par des femmes est, en ligne, sup\u00e9rieure de 5 % \u00e0 ce qu\u2019elle est dans l\u2019ensemble des autres supports.<\/span><\/p>\n<p class=\"p1\"><strong><span class=\"s1\">Un plafond de verre plus haut sur internet<\/span><\/strong><\/p>\n<p class=\"p1\"><span class=\"s1\">Un maigre progr\u00e8s, d\u00fb \u00e0 la s\u00e9paration entre r\u00e9dactions traditionnelles et web, selon Aur\u00e9lie Olivesi sp\u00e9cialiste des questions de genre dans les m\u00e9dias \u00e0 l\u2019Universit\u00e9 Lyon 1. Une situation d\u2019autant plus vraie pour les nouveaux <i>pure players<\/i>. <i>\u00ab Le plafond de verre est plus haut avec le web. Les femmes disposent d\u2019une grande fluidit\u00e9 notamment avec les m\u00e9dias en ligne ax\u00e9s sur les questions f\u00e9ministes<\/i>\u00a0\u00bb, poursuit la chercheuse. <\/span><\/p>\n<p class=\"p1\"><span class=\"s1\">En effet depuis plusieurs ann\u00e9es, les <i>pure players <\/i>f\u00e9ministes fleurissent sur la toile. Des mod\u00e8les fran\u00e7ais comme <strong><a href=\"http:\/\/(http:\/\/www.madmoizelle.com\/)\"><i>Madmoizelle <\/i><\/a><\/strong>ou <strong><a href=\"http:\/\/cheekmagazine.fr\/\"><i>Cheek Magazine<\/i><\/a><\/strong>, aux plus internationaux. La journaliste polonaise Zuzanne Ziomecka a lanc\u00e9 en 2017 <a href=\"https:\/\/newsmavens.com\/\"><strong><i>NewsMavens<\/i><\/strong><\/a>\u00a0pour <i>\u00ab mettre \u00e0 la Une les articles r\u00e9dig\u00e9s par les journalistes europ\u00e9ennes\u00a0\u00bb<\/i>. Des journaux en ligne qui s\u2019\u00e9loignent des standards de la presse traditionnelle et qui permettent <i>\u00ab\u00a0de r\u00e9introduire les femmes dans un point de vue politique\u00a0\u00bb<\/i> selon Aur\u00e9lie Olivesi. Longtemps affili\u00e9es aux rubriques sant\u00e9 et \u00e9ducation, les femmes s\u2019emparent d\u00e9sormais des sujets dits \u00ab\u00a0masculins\u00a0\u00bb comme la politique.<\/span><\/p>\n<p class=\"p1\"><strong><span class=\"s1\">Mettre les femmes au c\u0153ur de l\u2019information<\/span><\/strong><\/p>\n<p class=\"p1\"><span class=\"s1\">Bien que le nombre de reportages faisant mention des in\u00e9galit\u00e9s de genre soient en progression d\u2019apr\u00e8s le GMMP, le pourcentage reste en-de\u00e7\u00e0 des 10 %. Du fait de leur co\u00fbt de diffusion moins \u00e9lev\u00e9, les <i>pure players <\/i>permettent d\u2019aborder ces th\u00e8mes plus risqu\u00e9s \u00e9conomiquement. Des histoires en ligne qui gagnent les colonnes des journaux papiers, selon Aur\u00e9lie Olivesi\u00a0: <i>\u00ab\u00a0La culture du viol \u00e9tait peu trait\u00e9e dans les m\u00e9dias il y a 30 ans. Aujourd\u2019hui gr\u00e2ce au num\u00e9rique elle est largement relay\u00e9e.\u00a0\u00bb <\/i><\/span><\/p>\n<p class=\"p1\"><span class=\"s1\">Bien que ces <i>pure players<\/i> affichent des pr\u00e9occupations similaires, il n\u2019existe pas de traitement journalistique proprement f\u00e9minin. Il y a autant de points de vue que de femmes. Pourtant selon l\u2019\u00e9tude du GMMP, les journalistes f\u00e9minines ont tendance \u00e0 interroger plus de femmes que leurs coll\u00e8gues masculins. Une vision partag\u00e9e par Rita Kapur, co-fondatrice du site d\u2019information indien <i><a href=\"https:\/\/www.thequint.com\/\"><strong>The Quint<\/strong><\/a>.<\/i>\u00a0<i>\u00ab\u00a0Les femmes doivent \u00e9crire sur les autres femmes, c\u2019est le seul moyen d\u2019obtenir une couverture m\u00e9diatique moins st\u00e9r\u00e9otyp\u00e9e.\u00bb<\/i> <\/span><\/p>\n<p class=\"p1\"><strong><span class=\"s1\">Un f\u00e9minisme en r\u00e9seau<\/span><\/strong><\/p>\n<p class=\"p1\"><span class=\"s1\">Un effet boule de neige encourag\u00e9 par <i>\u00ab\u00a0une<\/i> <i> certaine circularit\u00e9 du discours, possible gr\u00e2ce aux m\u00e9dias en ligne\u00a0\u00bb, <\/i>selon Aur\u00e9lie Olivesi. Les journalistes multiplient leurs supports d\u2019expression\u00a0: aux journaux s\u2019ajoutent les r\u00e9seaux sociaux, les blogs etc. La journaliste fran\u00e7aise Titiou Lecoq, par exemple, \u00e9crit pour <i><a href=\"http:\/\/www.slate.fr\/\"><strong>Slate<\/strong><\/a>\u00a0<\/i>et tient \u00e9galement un blog, \u00ab<a href=\"https:\/\/www.girlsandgeeks.com\/\"><strong>\u00a0Girls and Geeks<\/strong><\/a>\u00a0\u00bb,<span class=\"Apple-converted-space\">\u00a0\u00a0<\/span>sur les questions f\u00e9ministes. <\/span><\/p>\n<p class=\"p1\"><span class=\"s1\">A l\u2019international, la plateforme <a href=\"https:\/\/hostwriter.org\/\"><strong><i>Hostwriter<\/i><\/strong><\/a>, d\u00e9di\u00e9e \u00e0 la collaboration entre les journalistes, met notamment en relation des professionnelles souhaitant promouvoir la diversit\u00e9 dans les r\u00e9dactions. Des discussions essentielles selon Brigitte Alfter, journaliste et collaboratrice du site, afin <i>\u00abde \u00a0faire \u00e9voluer les mentalit\u00e9s aussi bien dans les journaux que dans les \u00e9coles de journalisme.\u00a0\u00bb<\/i><\/span><\/p>\n<p class=\"p1\"><span class=\"s1\">Une mise en commun qui s\u2019accompagne d\u2019une valorisation des contenus f\u00e9ministes. Les journalistes se citent et renvoient aux articles de certaines cons\u0153urs. Un r\u00e9seau d\u2019entraide qui, avec l\u2019aide des algorithmes des r\u00e9seaux sociaux, gagne m\u00e9caniquement en visibilit\u00e9 sur les plateformes comme <i>Facebook<\/i>. <\/span><\/p>\n<p class=\"p1\"><span class=\"s1\">En Inde, le chemin est encore long. Les contenus cr\u00e9\u00e9s par des femmes sont de plus en plus pr\u00e9sents mais les lectrices sont encore peu nombreuses. Rita Kapur pointe une culture indienne genr\u00e9e o\u00f9 l\u2019acc\u00e8s \u00e0 internet pour les femmes reste restreint. Selon la journaliste, <i>\u00ab\u00a0des politiques doivent accompagner les efforts faits par les m\u00e9dias, sinon rien ne changera\u00a0\u00bb. <\/i> <\/span><\/p>\n<p>[\/et_pb_text][\/et_pb_column][\/et_pb_row][\/et_pb_section]<\/p>\n","protected":false},"excerpt":{"rendered":"<p>[et_pb_section bb_built=\u00a0\u00bb1&Prime;][et_pb_row][et_pb_column type=\u00a0\u00bb4_4&Prime;][et_pb_post_title _builder_version=\u00a0\u00bb3.0.75&Prime; title=\u00a0\u00bbon\u00a0\u00bb meta=\u00a0\u00bbon\u00a0\u00bb author=\u00a0\u00bboff\u00a0\u00bb date=\u00a0\u00bbon\u00a0\u00bb categories=\u00a0\u00bbon\u00a0\u00bb comments=\u00a0\u00bbon\u00a0\u00bb featured_image=\u00a0\u00bboff\u00a0\u00bb featured_placement=\u00a0\u00bbbelow\u00a0\u00bb text_color=\u00a0\u00bbdark\u00a0\u00bb text_background=\u00a0\u00bboff\u00a0\u00bb border_style=\u00a0\u00bbsolid\u00a0\u00bb text_orientation=\u00a0\u00bbcenter\u00a0\u00bb title_font=\u00a0\u00bb||||\u00a0\u00bb title_text_color=\u00a0\u00bbrgba(0,0,0,0.91)\u00a0\u00bb \/][et_pb_text _builder_version=\u00a0\u00bb3.0.75&Prime; background_layout=\u00a0\u00bblight\u00a0\u00bb border_style=\u00a0\u00bbsolid\u00a0\u00bb text_font_size=\u00a0\u00bb18&Prime; custom_margin=\u00a0\u00bb|10px||50px\u00a0\u00bb custom_padding=\u00a0\u00bb|10px||50px\u00a0\u00bb] Plus d\u2019un an apr\u00e8s, #Meetoo r\u00e9sonne encore dans les conf\u00e9rences du Festival international du journalisme \u00e0 P\u00e9rouse. La plupart des intervenantes partagent le m\u00eame constat\u00a0: les journalistes au f\u00e9minin restent [&hellip;]<\/p>\n","protected":false},"author":60,"featured_media":3480,"comment_status":"open","ping_status":"open","sticky":false,"template":"","format":"standard","meta":[],"categories":[3,552],"tags":[568,361,567,43],"_links":{"self":[{"href":"http:\/\/journalismes-info.ejdg.fr\/index.php\/wp-json\/wp\/v2\/posts\/3479"}],"collection":[{"href":"http:\/\/journalismes-info.ejdg.fr\/index.php\/wp-json\/wp\/v2\/posts"}],"about":[{"href":"http:\/\/journalismes-info.ejdg.fr\/index.php\/wp-json\/wp\/v2\/types\/post"}],"author":[{"embeddable":true,"href":"http:\/\/journalismes-info.ejdg.fr\/index.php\/wp-json\/wp\/v2\/users\/60"}],"replies":[{"embeddable":true,"href":"http:\/\/journalismes-info.ejdg.fr\/index.php\/wp-json\/wp\/v2\/comments?post=3479"}],"version-history":[{"count":2,"href":"http:\/\/journalismes-info.ejdg.fr\/index.php\/wp-json\/wp\/v2\/posts\/3479\/revisions"}],"predecessor-version":[{"id":3482,"href":"http:\/\/journalismes-info.ejdg.fr\/index.php\/wp-json\/wp\/v2\/posts\/3479\/revisions\/3482"}],"wp:featuredmedia":[{"embeddable":true,"href":"http:\/\/journalismes-info.ejdg.fr\/index.php\/wp-json\/wp\/v2\/media\/3480"}],"wp:attachment":[{"href":"http:\/\/journalismes-info.ejdg.fr\/index.php\/wp-json\/wp\/v2\/media?parent=3479"}],"wp:term":[{"taxonomy":"category","embeddable":true,"href":"http:\/\/journalismes-info.ejdg.fr\/index.php\/wp-json\/wp\/v2\/categories?post=3479"},{"taxonomy":"post_tag","embeddable":true,"href":"http:\/\/journalismes-info.ejdg.fr\/index.php\/wp-json\/wp\/v2\/tags?post=3479"}],"curies":[{"name":"wp","href":"https:\/\/api.w.org\/{rel}","templated":true}]}}