{"id":3456,"date":"2019-04-05T16:45:06","date_gmt":"2019-04-05T14:45:06","guid":{"rendered":"http:\/\/journalismes-info.ejdg.fr\/?p=3456"},"modified":"2019-04-05T16:37:17","modified_gmt":"2019-04-05T14:37:17","slug":"quotable-4-drew-sullivan","status":"publish","type":"post","link":"http:\/\/journalismes-info.ejdg.fr\/index.php\/2019\/04\/05\/quotable-4-drew-sullivan\/","title":{"rendered":"QUOT\/ABLE? #4 Drew Sullivan"},"content":{"rendered":"<p>[et_pb_section bb_built=\u00a0\u00bb1&Prime;][et_pb_row][et_pb_column type=\u00a0\u00bb4_4&Prime;][et_pb_post_title _builder_version=\u00a0\u00bb3.0.75&Prime; title=\u00a0\u00bbon\u00a0\u00bb meta=\u00a0\u00bbon\u00a0\u00bb author=\u00a0\u00bbon\u00a0\u00bb date=\u00a0\u00bbon\u00a0\u00bb categories=\u00a0\u00bbon\u00a0\u00bb comments=\u00a0\u00bbon\u00a0\u00bb featured_image=\u00a0\u00bbon\u00a0\u00bb featured_placement=\u00a0\u00bbbelow\u00a0\u00bb text_color=\u00a0\u00bbdark\u00a0\u00bb text_background=\u00a0\u00bboff\u00a0\u00bb border_style=\u00a0\u00bbsolid\u00a0\u00bb \/][et_pb_text _builder_version=\u00a0\u00bb3.0.75&Prime; background_layout=\u00a0\u00bblight\u00a0\u00bb border_style=\u00a0\u00bbsolid\u00a0\u00bb text_font_size=\u00a0\u00bb16&Prime;]<\/p>\n<p>Dans ce quatri\u00e8me \u00e9pisode, Drew Sullivan r\u00e9agit \u00e0 une citation de Vladimir Kovacevic sur la corruption en Bosnie.<\/p>\n<p><iframe loading=\"lazy\" width=\"1080\" height=\"608\" src=\"https:\/\/www.youtube.com\/embed\/tLm36gqD0NY?feature=oembed\" frameborder=\"0\" allow=\"accelerometer; autoplay; encrypted-media; gyroscope; picture-in-picture\" allowfullscreen><\/iframe><\/p>\n<h3>Quotable, che cos\u2019\u00e8?<\/h3>\n<p>Une capsule vid\u00e9o r\u00e9alis\u00e9e par les \u00e9tudiants de l\u2019\u00c9cole de Journalisme de Grenoble au Festival international de journalisme de P\u00e9rouse. Le concept ? Nous proposons \u00e0 chaque journaliste interview\u00e9(e) de r\u00e9agir \u00e0 une citation critique envers les m\u00e9dias. Le but ? \u00c9changer sur le m\u00e9tier de journaliste avec des professionnels venus de pays diff\u00e9rents, de r\u00e9gimes politiques divers et de carri\u00e8res vari\u00e9es.<\/p>\n<p>[\/et_pb_text][\/et_pb_column][\/et_pb_row][\/et_pb_section]<\/p>\n","protected":false},"excerpt":{"rendered":"<p>[et_pb_section bb_built=\u00a0\u00bb1&Prime;][et_pb_row][et_pb_column type=\u00a0\u00bb4_4&Prime;][et_pb_post_title _builder_version=\u00a0\u00bb3.0.75&Prime; title=\u00a0\u00bbon\u00a0\u00bb meta=\u00a0\u00bbon\u00a0\u00bb author=\u00a0\u00bbon\u00a0\u00bb date=\u00a0\u00bbon\u00a0\u00bb categories=\u00a0\u00bbon\u00a0\u00bb comments=\u00a0\u00bbon\u00a0\u00bb featured_image=\u00a0\u00bbon\u00a0\u00bb featured_placement=\u00a0\u00bbbelow\u00a0\u00bb text_color=\u00a0\u00bbdark\u00a0\u00bb text_background=\u00a0\u00bboff\u00a0\u00bb border_style=\u00a0\u00bbsolid\u00a0\u00bb \/][et_pb_text _builder_version=\u00a0\u00bb3.0.75&Prime; background_layout=\u00a0\u00bblight\u00a0\u00bb border_style=\u00a0\u00bbsolid\u00a0\u00bb text_font_size=\u00a0\u00bb16&Prime;] Dans ce quatri\u00e8me \u00e9pisode, Drew Sullivan r\u00e9agit \u00e0 une citation de Vladimir Kovacevic sur la corruption en Bosnie. Quotable, che cos\u2019\u00e8? Une capsule vid\u00e9o r\u00e9alis\u00e9e par les \u00e9tudiants de l\u2019\u00c9cole de Journalisme de Grenoble au [&hellip;]<\/p>\n","protected":false},"author":60,"featured_media":0,"comment_status":"open","ping_status":"open","sticky":false,"template":"","format":"standard","meta":[],"categories":[552,11],"tags":[554,27],"_links":{"self":[{"href":"http:\/\/journalismes-info.ejdg.fr\/index.php\/wp-json\/wp\/v2\/posts\/3456"}],"collection":[{"href":"http:\/\/journalismes-info.ejdg.fr\/index.php\/wp-json\/wp\/v2\/posts"}],"about":[{"href":"http:\/\/journalismes-info.ejdg.fr\/index.php\/wp-json\/wp\/v2\/types\/post"}],"author":[{"embeddable":true,"href":"http:\/\/journalismes-info.ejdg.fr\/index.php\/wp-json\/wp\/v2\/users\/60"}],"replies":[{"embeddable":true,"href":"http:\/\/journalismes-info.ejdg.fr\/index.php\/wp-json\/wp\/v2\/comments?post=3456"}],"version-history":[{"count":3,"href":"http:\/\/journalismes-info.ejdg.fr\/index.php\/wp-json\/wp\/v2\/posts\/3456\/revisions"}],"predecessor-version":[{"id":3473,"href":"http:\/\/journalismes-info.ejdg.fr\/index.php\/wp-json\/wp\/v2\/posts\/3456\/revisions\/3473"}],"wp:attachment":[{"href":"http:\/\/journalismes-info.ejdg.fr\/index.php\/wp-json\/wp\/v2\/media?parent=3456"}],"wp:term":[{"taxonomy":"category","embeddable":true,"href":"http:\/\/journalismes-info.ejdg.fr\/index.php\/wp-json\/wp\/v2\/categories?post=3456"},{"taxonomy":"post_tag","embeddable":true,"href":"http:\/\/journalismes-info.ejdg.fr\/index.php\/wp-json\/wp\/v2\/tags?post=3456"}],"curies":[{"name":"wp","href":"https:\/\/api.w.org\/{rel}","templated":true}]}}