{"id":3349,"date":"2019-03-16T12:30:33","date_gmt":"2019-03-16T11:30:33","guid":{"rendered":"http:\/\/journalismes-info.ejdg.fr\/?p=3349"},"modified":"2019-04-05T09:31:35","modified_gmt":"2019-04-05T07:31:35","slug":"comment-mieux-remunerer-les-journalistes-sur-le-web","status":"publish","type":"post","link":"http:\/\/journalismes-info.ejdg.fr\/index.php\/2019\/03\/16\/comment-mieux-remunerer-les-journalistes-sur-le-web\/","title":{"rendered":"Comment mieux r\u00e9mun\u00e9rer les journalistes sur le web ?\u00a0"},"content":{"rendered":"<p>[et_pb_section bb_built=\u00a0\u00bb1&Prime;][et_pb_row][et_pb_column type=\u00a0\u00bb4_4&Prime;][et_pb_post_title _builder_version=\u00a0\u00bb3.0.75&Prime; title=\u00a0\u00bbon\u00a0\u00bb meta=\u00a0\u00bbon\u00a0\u00bb author=\u00a0\u00bboff\u00a0\u00bb date=\u00a0\u00bbon\u00a0\u00bb categories=\u00a0\u00bbon\u00a0\u00bb comments=\u00a0\u00bbon\u00a0\u00bb featured_image=\u00a0\u00bboff\u00a0\u00bb featured_placement=\u00a0\u00bbbelow\u00a0\u00bb text_color=\u00a0\u00bbdark\u00a0\u00bb text_background=\u00a0\u00bboff\u00a0\u00bb border_style=\u00a0\u00bbsolid\u00a0\u00bb text_orientation=\u00a0\u00bbcenter\u00a0\u00bb title_font=\u00a0\u00bb||||\u00a0\u00bb title_text_color=\u00a0\u00bbrgba(0,0,0,0.91)\u00a0\u00bb \/][et_pb_text _builder_version=\u00a0\u00bb3.0.75&Prime; background_layout=\u00a0\u00bblight\u00a0\u00bb border_style=\u00a0\u00bbsolid\u00a0\u00bb text_font_size=\u00a0\u00bb18&Prime; custom_margin=\u00a0\u00bb|10px||50px\u00a0\u00bb custom_padding=\u00a0\u00bb|10px||50px\u00a0\u00bb]<\/p>\n<p class=\"p1\"><span class=\"s1\"><i>Le d\u00e9bat d\u00e9chaine les passions depuis 2 ans dans les hautes instances europ\u00e9ennes. L\u2019\u00e9tablissement de droits voisins au droit d\u2019auteur, applicables aux environnements num\u00e9riques est une n\u00e9cessit\u00e9 pour la Commission europ\u00e9enne. Une initiative qui divise les professionnels de l\u2019information.<\/i><\/span><\/p>\n<p>[\/et_pb_text][et_pb_team_member _builder_version=\u00a0\u00bb3.0.75&Prime; background_layout=\u00a0\u00bblight\u00a0\u00bb text_orientation=\u00a0\u00bbcenter\u00a0\u00bb border_style=\u00a0\u00bbsolid\u00a0\u00bb name=\u00a0\u00bbJulia Beaufils\u00a0\u00bb twitter_url=\u00a0\u00bbhttps:\/\/twitter.com\/JuliaBeaufils\u00a0\u00bb \/][\/et_pb_column][\/et_pb_row][et_pb_row][et_pb_column type=\u00a0\u00bb4_4&Prime;][et_pb_image _builder_version=\u00a0\u00bb3.0.75&Prime; show_in_lightbox=\u00a0\u00bboff\u00a0\u00bb url_new_window=\u00a0\u00bboff\u00a0\u00bb use_overlay=\u00a0\u00bboff\u00a0\u00bb always_center_on_mobile=\u00a0\u00bbon\u00a0\u00bb border_style=\u00a0\u00bbsolid\u00a0\u00bb force_fullwidth=\u00a0\u00bboff\u00a0\u00bb show_bottom_space=\u00a0\u00bbon\u00a0\u00bb align=\u00a0\u00bbcenter\u00a0\u00bb max_width=\u00a0\u00bb70%\u00a0\u00bb \/][et_pb_text _builder_version=\u00a0\u00bb3.0.75&Prime; background_layout=\u00a0\u00bblight\u00a0\u00bb border_style=\u00a0\u00bbsolid\u00a0\u00bb text_font_size=\u00a0\u00bb16&Prime; custom_margin=\u00a0\u00bb|10px||50px\u00a0\u00bb custom_padding=\u00a0\u00bb|10px||50px\u00a0\u00bb]<\/p>\n<p class=\"p1\"><span class=\"s1\">Alors que la presse traditionnelle vit une crise aux multiples aspects, le web, lui, fleurit. Mais les grandes plateformes num\u00e9riques ont absorb\u00e9 les revenus publicitaires. Par cons\u00e9quent, ceux de la presse ont chut\u00e9 de plus de 40%, selon le cabinet d\u2019\u00e9tude <strong><a href=\"https:\/\/www.bearingpoint.com\/fr-fr\/notre-succes\/publications\/medias-et-publicite-en-ligne\/\"><span class=\"s2\">Bearingpoint<\/span><\/a><\/strong>. Les entreprises cherchent donc \u00e0 r\u00e9duire les co\u00fbts de production de l\u2019information. Et en bout de cha\u00eene, les journalistes font face \u00e0 une pr\u00e9carit\u00e9 in\u00e9dite. L\u2019Union europ\u00e9enne, dans un mouvement r\u00e9formiste, souhaite r\u00e9\u00e9quilibrer le partage de la valeur entre les diff\u00e9rents acteurs du secteur.\u00a0<\/span><\/p>\n<p class=\"p1\"><strong><span class=\"s2\"><a href=\"http:\/\/www.europarl.europa.eu\/doceo\/document\/A-8-2018-0245_FR.html?redirect\">L\u2019article 11 de la directive sur \u00ab le droit d\u2019auteur dans le march\u00e9 unique num\u00e9rique \u00bb <\/a><\/span><\/strong><span class=\"s1\">permet aux fournisseurs de contenu, titulaires des droits, d\u2019\u00eatre mieux r\u00e9mun\u00e9r\u00e9s par les grandes plateformes du web. L\u2019id\u00e9e : dans la mesure o\u00f9 les entreprises de presse fournissent du contenu aux g\u00e9ants de l\u2019internet, ces derniers devraient partager avec elles les revenus g\u00e9n\u00e9r\u00e9s par la publicit\u00e9. <\/span><\/p>\n<p class=\"p1\"><span class=\"s1\">Selon C\u00e9line Schoen, bas\u00e9e \u00e0 Bruxelles pour la Correspondance de la presse et m\u00e9diatrice lors de l\u2019atelier des Assises d\u00e9di\u00e9 aux droits voisins, \u00ab les co-l\u00e9gislateurs, Parlement et Commission, ont eu du mal \u00e0 se mettre d\u2019accord \u00bb. Elle ajoute : \u00ab le mois dernier, une entente entre les deux parties a \u00e9t\u00e9 trouv\u00e9e \u00bb. Mais le vote d\u00e9finitif au Parlement europ\u00e9en n\u2019est pr\u00e9vu qu\u2019au printemps prochain.\u00a0<\/span><\/p>\n<p class=\"p1\"><strong><span class=\"s1\">Le journaliste\u00a0: un auteur ?\u00a0<\/span><\/strong><\/p>\n<p class=\"p1\"><span class=\"s1\">Le droit d\u2019auteur est une composante du <a href=\"https:\/\/www.legifrance.gouv.fr\/affichCode.do;jsessionid=083D4F7F8D159AF9112D98534FEE09C1.tplgfr24s_3?idSectionTA=LEGISCTA000020740481&amp;cidTexte=LEGITEXT000006069414&amp;dateTexte=20190315\"><span class=\"s2\"><strong>code de la propri\u00e9t\u00e9 intellectuell<\/strong>e<\/span><\/a>. \u00c9tabli au d\u00e9but des ann\u00e9es 90, ce code n\u2019aborde pas les questions de r\u00e9mun\u00e9ration pour les auteurs de contenus web. Ce droit est compos\u00e9 de deux applications distinctes : les droits moraux et les droits patrimoniaux. Les premiers ne peuvent \u00eatre c\u00e9d\u00e9s. Les seconds, en revanche, sont ceux qui g\u00e9n\u00e8rent du revenu et qui peuvent, sous forme contractuelle, \u00eatre conc\u00e9d\u00e9s en partie ou int\u00e9gralement.<\/span><\/p>\n<p class=\"p1\"><span class=\"s1\">Depuis <strong><a href=\"https:\/\/www.hadopi.fr\/organisation\/presentation\"><span class=\"s2\">2009 et la loi Hadopi 1<\/span><\/a><\/strong>, les journalistes ne sont pas consid\u00e9r\u00e9s comme des auteurs. Selon les textes, ce sont les entreprises de presse qui \u00ab <i>emportent (la) cession \u00e0 titre exclusif (\u2026) des droits d&rsquo;exploitation des \u0153uvres du journaliste r\u00e9alis\u00e9es dans le cadre de ce titre, qu&rsquo;elles soient ou non publi\u00e9es<\/i> \u00bb. En clair, le journaliste est pay\u00e9 en salaire non pas en droits d\u2019auteur. Cette cession syst\u00e9matique des droits d\u2019auteur g\u00e9n\u00e8re de nombreuses difficult\u00e9s financi\u00e8res chez les professionnels. Seule exception : lorsqu\u2019un groupe de presse r\u00e9utilise un article dans un autre de ses titres.<\/span><\/p>\n<p class=\"p1\"><span class=\"s1\">\u00c0 l\u2019\u00e8re du web, un article papier se retrouve \u00e9galement tr\u00e8s souvent en ligne. Le journaliste n\u2019est pourtant pas r\u00e9mun\u00e9r\u00e9 pour cette r\u00e9exploitation de son travail. L\u2019absence de distinction entre supports de diffusion et \u00ab titres de m\u00eame famille \u00bb entretient un flou, au b\u00e9n\u00e9fice des entreprises. Les journalistes, en revanche, font face \u00e0 une pr\u00e9carisation de plus en plus importante. \u00ab <i>17 % des journalistes d\u00e9clarent cumuler plusieurs situations contre 12 % en 2013<\/i> \u00bb, signale \u00ab<strong> <a href=\"http:\/\/www.scam.fr\/detail\/ArticleId\/6004\/Enquete-exclusive-sur-les-journalistes\"><span class=\"s2\">l\u2019enqu\u00eate exclusive sur les journalistes \u00bb de la Soci\u00e9t\u00e9 civile des auteurs multim\u00e9dia (Scam)<\/span><\/a><\/strong>. Le rapport pr\u00e9cise m\u00eame : \u00ab <i>62 % des journalistes se consid\u00e8rent auteurs ou autrices. C\u2019est 9 points de moins que dans l\u2019enqu\u00eate 2013.<\/i> \u00bb Une baisse, selon la Scam, en partie \u00ab <i>li\u00e9e \u00e0 la d\u00e9gradation des conditions d\u2019exercice du m\u00e9tier <\/i>\u00bb.<\/span><\/p>\n<p class=\"p1\"><strong><span class=\"s1\">Vers une meilleure r\u00e9mun\u00e9ration ?\u00a0<\/span><\/strong><\/p>\n<p class=\"p1\"><span class=\"s1\">La mise \u00e0 jour des droits voisins aux droits d\u2019exploitation et leur extension au num\u00e9rique \u00ab ne va pas mettre \u00e0 genoux les GAFAM \u00bb ironise David Assouline, vice-pr\u00e9sident socialiste du S\u00e9nat. Il souligne que \u00ab cette loi permettrait de ramasser pr\u00e8s de 300 millions d\u2019euros pour la presse \u00bb. De l\u2019argent dont elle a cruellement besoin si elle veut survivre.\u00a0<\/span><\/p>\n<p class=\"p1\"><span class=\"s1\">Des questions persistent : comment r\u00e9partir l\u2019argent ainsi g\u00e9n\u00e9r\u00e9 ? Et favoriserait-il le pluralisme et la qualit\u00e9 de l\u2019information diffus\u00e9e ? Jean-Christophe Boulanger, Pr\u00e9sident du Syndicat de la Presse Ind\u00e9pendante d\u2019Information en Ligne (SPIIL), estime que \u00ab le pouvoir suit l\u2019argent \u00bb. Il doute de l\u2019ind\u00e9pendance de m\u00e9dias financ\u00e9s par des Google, Facebook ou autre Amazon. Herv\u00e9 Rony, directeur de la Scam, abonde de mani\u00e8re plus nuanc\u00e9e. Selon lui, il ne faut \u00ab pas que \u00e7a profite qu\u2019aux gros, mais aussi aux petits \u00e9diteurs. Il faut construire demain une gestion collective des droits des journalistes \u00bb.\u00a0<\/span><\/p>\n<p class=\"p1\"><span class=\"s1\">Le vote d\u00e9finitif du mois prochain sera l\u2019\u00e9tape suivante de cette r\u00e9gulation des modes de r\u00e9mun\u00e9ration des auteurs sur internet. Mais sa traduction \u00e0 l\u2019\u00e9chelle des nations risque de susciter, l\u00e0 aussi, de nombreux d\u00e9bats.\u00a0<\/span><\/p>\n<p>[\/et_pb_text][\/et_pb_column][\/et_pb_row][\/et_pb_section]<\/p>\n","protected":false},"excerpt":{"rendered":"<p>[et_pb_section bb_built=\u00a0\u00bb1&Prime;][et_pb_row][et_pb_column type=\u00a0\u00bb4_4&Prime;][et_pb_post_title _builder_version=\u00a0\u00bb3.0.75&Prime; title=\u00a0\u00bbon\u00a0\u00bb meta=\u00a0\u00bbon\u00a0\u00bb author=\u00a0\u00bboff\u00a0\u00bb date=\u00a0\u00bbon\u00a0\u00bb categories=\u00a0\u00bbon\u00a0\u00bb comments=\u00a0\u00bbon\u00a0\u00bb featured_image=\u00a0\u00bboff\u00a0\u00bb featured_placement=\u00a0\u00bbbelow\u00a0\u00bb text_color=\u00a0\u00bbdark\u00a0\u00bb text_background=\u00a0\u00bboff\u00a0\u00bb border_style=\u00a0\u00bbsolid\u00a0\u00bb text_orientation=\u00a0\u00bbcenter\u00a0\u00bb title_font=\u00a0\u00bb||||\u00a0\u00bb title_text_color=\u00a0\u00bbrgba(0,0,0,0.91)\u00a0\u00bb \/][et_pb_text _builder_version=\u00a0\u00bb3.0.75&Prime; background_layout=\u00a0\u00bblight\u00a0\u00bb border_style=\u00a0\u00bbsolid\u00a0\u00bb text_font_size=\u00a0\u00bb18&Prime; custom_margin=\u00a0\u00bb|10px||50px\u00a0\u00bb custom_padding=\u00a0\u00bb|10px||50px\u00a0\u00bb] Le d\u00e9bat d\u00e9chaine les passions depuis 2 ans dans les hautes instances europ\u00e9ennes. L\u2019\u00e9tablissement de droits voisins au droit d\u2019auteur, applicables aux environnements num\u00e9riques est une n\u00e9cessit\u00e9 pour la Commission [&hellip;]<\/p>\n","protected":false},"author":84,"featured_media":3353,"comment_status":"open","ping_status":"open","sticky":false,"template":"","format":"standard","meta":[],"categories":[3,23],"tags":[532],"_links":{"self":[{"href":"http:\/\/journalismes-info.ejdg.fr\/index.php\/wp-json\/wp\/v2\/posts\/3349"}],"collection":[{"href":"http:\/\/journalismes-info.ejdg.fr\/index.php\/wp-json\/wp\/v2\/posts"}],"about":[{"href":"http:\/\/journalismes-info.ejdg.fr\/index.php\/wp-json\/wp\/v2\/types\/post"}],"author":[{"embeddable":true,"href":"http:\/\/journalismes-info.ejdg.fr\/index.php\/wp-json\/wp\/v2\/users\/84"}],"replies":[{"embeddable":true,"href":"http:\/\/journalismes-info.ejdg.fr\/index.php\/wp-json\/wp\/v2\/comments?post=3349"}],"version-history":[{"count":3,"href":"http:\/\/journalismes-info.ejdg.fr\/index.php\/wp-json\/wp\/v2\/posts\/3349\/revisions"}],"predecessor-version":[{"id":3354,"href":"http:\/\/journalismes-info.ejdg.fr\/index.php\/wp-json\/wp\/v2\/posts\/3349\/revisions\/3354"}],"wp:featuredmedia":[{"embeddable":true,"href":"http:\/\/journalismes-info.ejdg.fr\/index.php\/wp-json\/wp\/v2\/media\/3353"}],"wp:attachment":[{"href":"http:\/\/journalismes-info.ejdg.fr\/index.php\/wp-json\/wp\/v2\/media?parent=3349"}],"wp:term":[{"taxonomy":"category","embeddable":true,"href":"http:\/\/journalismes-info.ejdg.fr\/index.php\/wp-json\/wp\/v2\/categories?post=3349"},{"taxonomy":"post_tag","embeddable":true,"href":"http:\/\/journalismes-info.ejdg.fr\/index.php\/wp-json\/wp\/v2\/tags?post=3349"}],"curies":[{"name":"wp","href":"https:\/\/api.w.org\/{rel}","templated":true}]}}