{"id":3315,"date":"2019-03-15T18:09:23","date_gmt":"2019-03-15T17:09:23","guid":{"rendered":"http:\/\/journalismes-info.ejdg.fr\/?p=3315"},"modified":"2019-03-16T08:56:48","modified_gmt":"2019-03-16T07:56:48","slug":"fact-checking-deuxieme-edition-de-factforward","status":"publish","type":"post","link":"http:\/\/journalismes-info.ejdg.fr\/index.php\/2019\/03\/15\/fact-checking-deuxieme-edition-de-factforward\/","title":{"rendered":"Fact-Checking : Deuxi\u00e8me \u00e9dition de FactForward"},"content":{"rendered":"<p>[et_pb_section bb_built=\u00a0\u00bb1&Prime;][et_pb_row][et_pb_column type=\u00a0\u00bb4_4&Prime;][et_pb_post_title _builder_version=\u00a0\u00bb3.0.75&Prime; title=\u00a0\u00bbon\u00a0\u00bb meta=\u00a0\u00bbon\u00a0\u00bb author=\u00a0\u00bboff\u00a0\u00bb date=\u00a0\u00bbon\u00a0\u00bb categories=\u00a0\u00bbon\u00a0\u00bb comments=\u00a0\u00bbon\u00a0\u00bb featured_image=\u00a0\u00bboff\u00a0\u00bb featured_placement=\u00a0\u00bbbelow\u00a0\u00bb text_color=\u00a0\u00bbdark\u00a0\u00bb text_background=\u00a0\u00bboff\u00a0\u00bb border_style=\u00a0\u00bbsolid\u00a0\u00bb text_orientation=\u00a0\u00bbcenter\u00a0\u00bb title_font=\u00a0\u00bb||||\u00a0\u00bb title_text_color=\u00a0\u00bbrgba(0,0,0,0.91)\u00a0\u00bb \/][et_pb_team_member _builder_version=\u00a0\u00bb3.0.75&Prime; name=\u00a0\u00bbBenoit Almeras\u00a0\u00bb twitter_url=\u00a0\u00bbhttp:\/\/twitter.com\/articlequinze\u00a0\u00bb background_layout=\u00a0\u00bblight\u00a0\u00bb text_orientation=\u00a0\u00bbcenter\u00a0\u00bb border_style=\u00a0\u00bbsolid\u00a0\u00bb \/][\/et_pb_column][\/et_pb_row][et_pb_row][et_pb_column type=\u00a0\u00bb4_4&Prime;][et_pb_text _builder_version=\u00a0\u00bb3.0.75&Prime; background_layout=\u00a0\u00bblight\u00a0\u00bb border_style=\u00a0\u00bbsolid\u00a0\u00bb text_font_size=\u00a0\u00bb16&Prime;]<\/p>\n<p class=\"Standard\">\u00ab\u00a0Que feriez-vous pour changer le fact-checking\u00a0?\u00a0\u00bb &#8211; c\u2019est la question que pose l\u2019International Fact-Checking Network (IFCN) de l\u2019institut Poynter pour cet appel \u00e0 projet, dot\u00e9 de 50 000 dollars, lanc\u00e9 en mars 2019.<\/p>\n<p class=\"Standard\">L\u2019IFCN cherche \u00e0 financer des \u00ab\u00a0innovations paradigmatiques\u00a0\u00bb dans la lutte contre les fake news. Le vainqueur de la premi\u00e8re \u00e9dition de FactForward \u00e9tait CheckNews, <strong><a href=\"https:\/\/www.liberation.fr\/checknews,100893\">le service de v\u00e9rification de faits de Lib\u00e9ration<\/a><\/strong>.<\/p>\n<p>&nbsp;<\/p>\n<blockquote class=\"twitter-tweet\" data-width=\"550\">\n<p lang=\"en\" dir=\"ltr\">Got a great idea for fact-checking? We want to help. Apply now to <a href=\"https:\/\/twitter.com\/hashtag\/FactForward?src=hash&amp;ref_src=twsrc%5Etfw\">#FactForward<\/a> <a href=\"https:\/\/t.co\/vQfzZeuyWg\">https:\/\/t.co\/vQfzZeuyWg<\/a><\/p>\n<p>&mdash; IFCN (@factchecknet) <a href=\"https:\/\/twitter.com\/factchecknet\/status\/1106519662265696256?ref_src=twsrc%5Etfw\">March 15, 2019<\/a><\/p><\/blockquote>\n<p><script async src=\"https:\/\/platform.twitter.com\/widgets.js\" charset=\"utf-8\"><\/script><\/p>\n<p>L\u2019appel \u00e0 projet, lanc\u00e9 au niveau mondial, est notamment financ\u00e9 gr\u00e2ce \u00e0 une contribution du Omydiar Network, <strong><a href=\"https:\/\/fr.wikipedia.org\/wiki\/Omidyar_Network\">l\u2019organisation philanthropique du fondateur d\u2019eBay<\/a>.<\/strong><\/p>\n<p class=\"Standard\">Pour en savoir plus sur FactForward\u00a0: https:\/\/www.poynter.org\/ifcn\/fact-forward\/<\/p>\n<p>[\/et_pb_text][\/et_pb_column][\/et_pb_row][\/et_pb_section]<\/p>\n","protected":false},"excerpt":{"rendered":"<p>[et_pb_section bb_built=\u00a0\u00bb1&Prime;][et_pb_row][et_pb_column type=\u00a0\u00bb4_4&Prime;][et_pb_post_title _builder_version=\u00a0\u00bb3.0.75&Prime; title=\u00a0\u00bbon\u00a0\u00bb meta=\u00a0\u00bbon\u00a0\u00bb author=\u00a0\u00bboff\u00a0\u00bb date=\u00a0\u00bbon\u00a0\u00bb categories=\u00a0\u00bbon\u00a0\u00bb comments=\u00a0\u00bbon\u00a0\u00bb featured_image=\u00a0\u00bboff\u00a0\u00bb featured_placement=\u00a0\u00bbbelow\u00a0\u00bb text_color=\u00a0\u00bbdark\u00a0\u00bb text_background=\u00a0\u00bboff\u00a0\u00bb border_style=\u00a0\u00bbsolid\u00a0\u00bb text_orientation=\u00a0\u00bbcenter\u00a0\u00bb title_font=\u00a0\u00bb||||\u00a0\u00bb title_text_color=\u00a0\u00bbrgba(0,0,0,0.91)\u00a0\u00bb \/][et_pb_team_member _builder_version=\u00a0\u00bb3.0.75&Prime; name=\u00a0\u00bbBenoit Almeras\u00a0\u00bb twitter_url=\u00a0\u00bbhttp:\/\/twitter.com\/articlequinze\u00a0\u00bb background_layout=\u00a0\u00bblight\u00a0\u00bb text_orientation=\u00a0\u00bbcenter\u00a0\u00bb border_style=\u00a0\u00bbsolid\u00a0\u00bb \/][\/et_pb_column][\/et_pb_row][et_pb_row][et_pb_column type=\u00a0\u00bb4_4&Prime;][et_pb_text _builder_version=\u00a0\u00bb3.0.75&Prime; background_layout=\u00a0\u00bblight\u00a0\u00bb border_style=\u00a0\u00bbsolid\u00a0\u00bb text_font_size=\u00a0\u00bb16&Prime;] \u00ab\u00a0Que feriez-vous pour changer le fact-checking\u00a0?\u00a0\u00bb &#8211; c\u2019est la question que pose l\u2019International Fact-Checking Network (IFCN) de l\u2019institut Poynter pour cet appel \u00e0 [&hellip;]<\/p>\n","protected":false},"author":95,"featured_media":3316,"comment_status":"open","ping_status":"open","sticky":false,"template":"","format":"standard","meta":[],"categories":[23,2],"tags":[546],"_links":{"self":[{"href":"http:\/\/journalismes-info.ejdg.fr\/index.php\/wp-json\/wp\/v2\/posts\/3315"}],"collection":[{"href":"http:\/\/journalismes-info.ejdg.fr\/index.php\/wp-json\/wp\/v2\/posts"}],"about":[{"href":"http:\/\/journalismes-info.ejdg.fr\/index.php\/wp-json\/wp\/v2\/types\/post"}],"author":[{"embeddable":true,"href":"http:\/\/journalismes-info.ejdg.fr\/index.php\/wp-json\/wp\/v2\/users\/95"}],"replies":[{"embeddable":true,"href":"http:\/\/journalismes-info.ejdg.fr\/index.php\/wp-json\/wp\/v2\/comments?post=3315"}],"version-history":[{"count":4,"href":"http:\/\/journalismes-info.ejdg.fr\/index.php\/wp-json\/wp\/v2\/posts\/3315\/revisions"}],"predecessor-version":[{"id":3320,"href":"http:\/\/journalismes-info.ejdg.fr\/index.php\/wp-json\/wp\/v2\/posts\/3315\/revisions\/3320"}],"wp:featuredmedia":[{"embeddable":true,"href":"http:\/\/journalismes-info.ejdg.fr\/index.php\/wp-json\/wp\/v2\/media\/3316"}],"wp:attachment":[{"href":"http:\/\/journalismes-info.ejdg.fr\/index.php\/wp-json\/wp\/v2\/media?parent=3315"}],"wp:term":[{"taxonomy":"category","embeddable":true,"href":"http:\/\/journalismes-info.ejdg.fr\/index.php\/wp-json\/wp\/v2\/categories?post=3315"},{"taxonomy":"post_tag","embeddable":true,"href":"http:\/\/journalismes-info.ejdg.fr\/index.php\/wp-json\/wp\/v2\/tags?post=3315"}],"curies":[{"name":"wp","href":"https:\/\/api.w.org\/{rel}","templated":true}]}}