{"id":3274,"date":"2019-03-15T13:40:27","date_gmt":"2019-03-15T12:40:27","guid":{"rendered":"http:\/\/journalismes-info.ejdg.fr\/?p=3274"},"modified":"2019-03-15T16:20:18","modified_gmt":"2019-03-15T15:20:18","slug":"twitter-outil-a-double-tranchant-pour-les-journalistes","status":"publish","type":"post","link":"http:\/\/journalismes-info.ejdg.fr\/index.php\/2019\/03\/15\/twitter-outil-a-double-tranchant-pour-les-journalistes\/","title":{"rendered":"Twitter, outil \u00e0 double-tranchant pour les journalistes"},"content":{"rendered":"<p>[et_pb_section bb_built=\u00a0\u00bb1&Prime;][et_pb_row][et_pb_column type=\u00a0\u00bb4_4&Prime;][et_pb_post_title _builder_version=\u00a0\u00bb3.0.75&Prime; title=\u00a0\u00bbon\u00a0\u00bb meta=\u00a0\u00bbon\u00a0\u00bb author=\u00a0\u00bboff\u00a0\u00bb date=\u00a0\u00bbon\u00a0\u00bb categories=\u00a0\u00bbon\u00a0\u00bb comments=\u00a0\u00bbon\u00a0\u00bb featured_image=\u00a0\u00bboff\u00a0\u00bb featured_placement=\u00a0\u00bbbelow\u00a0\u00bb text_color=\u00a0\u00bbdark\u00a0\u00bb text_background=\u00a0\u00bboff\u00a0\u00bb border_style=\u00a0\u00bbsolid\u00a0\u00bb text_orientation=\u00a0\u00bbcenter\u00a0\u00bb title_font=\u00a0\u00bb||||\u00a0\u00bb title_text_color=\u00a0\u00bbrgba(0,0,0,0.91)\u00a0\u00bb \/][et_pb_text _builder_version=\u00a0\u00bb3.0.75&Prime; background_layout=\u00a0\u00bblight\u00a0\u00bb border_style=\u00a0\u00bbsolid\u00a0\u00bb text_font_size=\u00a0\u00bb18&Prime; custom_margin=\u00a0\u00bb|10px||50px\u00a0\u00bb custom_padding=\u00a0\u00bb|10px||50px\u00a0\u00bb]<\/p>\n<p>Le r\u00e9seau social de microblogging, largement utilis\u00e9 par les journalistes \u00e0 des fins professionnelles depuis sa cr\u00e9ation en 2006, est aussi devenu une source de violences num\u00e9riques \u00e0 leur encontre. Les cons\u00e9quences de celles-ci sont parfois lourdes et les moyens de s\u2019en pr\u00e9munir restent encore flous.<\/p>\n<p>[\/et_pb_text][et_pb_team_member _builder_version=\u00a0\u00bb3.0.75&Prime; background_layout=\u00a0\u00bblight\u00a0\u00bb text_orientation=\u00a0\u00bbcenter\u00a0\u00bb border_style=\u00a0\u00bbsolid\u00a0\u00bb name=\u00a0\u00bbBeno\u00eet Almeras\u00a0\u00bb twitter_url=\u00a0\u00bbhttp:\/\/twitter.com\/articlequinze\u00a0\u00bb \/][\/et_pb_column][\/et_pb_row][et_pb_row][et_pb_column type=\u00a0\u00bb4_4&Prime;][et_pb_image _builder_version=\u00a0\u00bb3.0.75&Prime; show_in_lightbox=\u00a0\u00bboff\u00a0\u00bb url_new_window=\u00a0\u00bboff\u00a0\u00bb use_overlay=\u00a0\u00bboff\u00a0\u00bb always_center_on_mobile=\u00a0\u00bbon\u00a0\u00bb border_style=\u00a0\u00bbsolid\u00a0\u00bb force_fullwidth=\u00a0\u00bboff\u00a0\u00bb show_bottom_space=\u00a0\u00bbon\u00a0\u00bb align=\u00a0\u00bbcenter\u00a0\u00bb max_width=\u00a0\u00bb70%\u00a0\u00bb \/][et_pb_text _builder_version=\u00a0\u00bb3.0.75&Prime; background_layout=\u00a0\u00bblight\u00a0\u00bb border_style=\u00a0\u00bbsolid\u00a0\u00bb text_font_size=\u00a0\u00bb16&Prime; custom_margin=\u00a0\u00bb|10px||50px\u00a0\u00bb custom_padding=\u00a0\u00bb|10px||50px\u00a0\u00bb]<\/p>\n<p>\u00c9t\u00e9 2014. Nassira El Moaddem fait ses premiers pas \u00e0 l\u2019antenne d\u2019It\u00e9l\u00e9, deux ans apr\u00e8s sa sortie de l\u2019\u00e9cole sup\u00e9rieure de journalisme de Lille. \u00c0 l\u2019\u00e9poque, l\u2019actualit\u00e9 est domin\u00e9e par l\u2019op\u00e9ration <strong><a href=\"https:\/\/www.lemonde.fr\/proche-orient\/article\/2017\/01\/31\/bordure-protectrice-la-guerre-de-gaza-qui-dechire-le-gouvernement-israelien_5072355_3218.html\">Bordure protectrice<\/a><\/strong>\u00a0men\u00e9e par l\u2019arm\u00e9e isra\u00e9lienne contre le Hamas. Tr\u00e8s active sur Twitter, la journaliste d\u00e9clare avoir \u00e9t\u00e9 rapidement cibl\u00e9e par des critiques virulentes\u00a0: \u00ab\u00a0J\u2019ai fait mes premiers flashs \u00e0 l\u2019\u00e9poque des bombardements sur la bande de Gaza. Malgr\u00e9 mes efforts pour pr\u00e9senter les faits de mani\u00e8re impartiale, je me prenais des rafales de commentaires violents me reprochant mon \u2018manque de neutralit\u00e9\u2019.\u00a0\u00bb<\/p>\n<p>Alors jeune professionnelle, elle ne sait pas forc\u00e9ment comment r\u00e9agir\u00a0: \u00ab\u00a0Je n\u2019\u00e9tais pas \u00e0 l\u2019aise \u2013 je venais de sortir de l\u2019\u00e9cole, je faisais mes premiers journaux t\u00e9l\u00e9vis\u00e9s&#8230; j\u2019\u00e9tais oblig\u00e9e de me freiner car mes r\u00e9actions pouvaient engager ma r\u00e9daction.\u00a0\u00bb<\/p>\n<p>Les d\u00e9boires de Nassira El Moaddem sont loin d\u2019\u00eatre un cas isol\u00e9. C\u00e9line Durchon, du collectif \u00ab\u00a0Paye-toi un journaliste\u00a0\u00bb re\u00e7oit quant \u00e0 elle des salves de tweets et de messages priv\u00e9s en r\u00e9action <strong><a href=\"https:\/\/www.francetvinfo.fr\/economie\/transports\/gilets-jaunes\/video-jamais-je-n-avais-ressenti-une-telle-haine-une-journaliste-temoigne-de-son-agression-par-des-gilets-jaunes_3044847.html\">au r\u00e9cit de son agression par des gilets jaunes<\/a><\/strong>. \u00ab\u00a0Je me suis fait traiter de journalope, de tous les noms, \u00e7a ne m\u2019\u00e9tait jamais arriv\u00e9\u00a0\u00bb, se rem\u00e9more-t-elle. \u00ab\u00a0\u00c7a n\u2019arr\u00eatait pas, c\u2019\u00e9tait notification sur notification, impossible d\u2019y \u00e9chapper. \u00c7a a fortement pes\u00e9 sur mon moral.\u00a0\u00bb<\/p>\n<div id=\"attachment_3275\" style=\"width: 260px\" class=\"wp-caption aligncenter\"><img aria-describedby=\"caption-attachment-3275\" loading=\"lazy\" class=\"wp-image-3275 size-medium\" src=\"http:\/\/journalismes-info.ejdg.fr\/wp-content\/uploads\/2019\/03\/Illus_article-250x223.png\" alt=\"\" width=\"250\" height=\"223\" srcset=\"http:\/\/journalismes-info.ejdg.fr\/wp-content\/uploads\/2019\/03\/Illus_article-250x223.png 250w, http:\/\/journalismes-info.ejdg.fr\/wp-content\/uploads\/2019\/03\/Illus_article-768x684.png 768w, http:\/\/journalismes-info.ejdg.fr\/wp-content\/uploads\/2019\/03\/Illus_article.png 800w\" sizes=\"(max-width: 250px) 100vw, 250px\" \/><p id=\"caption-attachment-3275\" class=\"wp-caption-text\">Captures d&rsquo;\u00e9crans de messages re\u00e7us par C\u00e9line Durchon<\/p><\/div>\n<p>Selon un sondage de l&rsquo;Information <strong><a href=\"https:\/\/www.iwmf.org\/attacks-and-harassment\/\">Women&rsquo;s Media Foundation (IWMF<u>)<\/u><\/a><\/strong>\u00a0et de TrollBusters, paru en septembre 2018, au moins deux tiers des 597 journalistes interrog\u00e9s avaient \u00e9t\u00e9 victimes de menaces ou harcel\u00e9s en ligne au moins une fois. Quelque 40\u00a0% d\u2019entre eux \u00e9vitaient d\u2019aborder certains sujets en cons\u00e9quence. Un tiers des femmes r\u00e9pondantes ont m\u00eame envisag\u00e9 d\u2019abandonner la profession de journaliste \u00e0 la suite d\u2019\u00e9pisodes de harc\u00e8lement en ligne comme ceux subis par Nassira El Moaddem et C\u00e9line Durchon.<\/p>\n<h3 class=\"western\">Une r\u00e9ponse inadapt\u00e9e face aux violences num\u00e9riques\u00a0?<\/h3>\n<p>Face aux violences num\u00e9riques, les journalistes sont souvent contraints de limiter leur utilisation de Twitter. \u00c9lodie Vialle, responsable du bureau Journalisme et nouvelles technologies de l\u2019association Reporters sans fronti\u00e8res, consid\u00e8re qu\u2019elles font peser \u00ab\u00a0une menace sur la libert\u00e9 de la presse\u00a0\u00bb. \u00ab\u00a0Les comportements de harc\u00e8lement des journalistes sur Twitter peuvent s\u2019apparenter \u00e0 des proc\u00e9dures b\u00e2illons. Les journalistes qui en sont victimes sont souvent oblig\u00e9s d\u2019avoir recours \u00e0 une d\u00e9connexion temporaire voire d\u00e9finitive des r\u00e9seaux sociaux, alors m\u00eame que Twitter est devenu une part essentielle de leur activit\u00e9 professionnelle.\u00a0\u00bb<\/p>\n<p>Face aux harceleurs, C\u00e9line Durchon a ainsi d\u00fb d\u00e9sactiver temporairement son compte Twitter. \u00ab\u00a0J\u2019ai m\u00eame \u00e9t\u00e9 oblig\u00e9e de changer partiellement d\u2019identit\u00e9 sur les r\u00e9seaux sociaux. Il n\u2019y avait pas d\u2019autre moyen pour \u00e9chapper \u00e0 la violence et aux abus\u00a0\u00bb, d\u00e9plore la journaliste. Pour autant, elle \u00ab\u00a0refuse de [se] limiter dans les sujets [qu\u2019elle] aborde sur Twitter.\u00a0\u00bb<\/p>\n<p>Avec l\u2019exp\u00e9rience et la fr\u00e9quence des attaques, notamment \u00e0 la suite de diff\u00e9rents \u00e9pisodes tels que<strong><a href=\"https:\/\/www.lexpress.fr\/actualite\/societe\/hallucination-mensonge-le-bondy-blog-repond-a-kepel-sur-l-islamo-gauchisme_1847599.html\"> la pol\u00e9mique opposant le Bondy Blog \u00e0 Gilles Kepel<\/a><\/strong>\u00a0ou <strong><a href=\"https:\/\/www.lexpress.fr\/actualite\/societe\/apres-la-polemique-sur-ses-tweets-haineux-mehdi-meklat-contre-attaque_1995111.html\">l&rsquo;affaire Mehdi Meklat<\/a><\/strong>, Nassira El Moaddem a, quant \u00e0 elle, appris \u00e0 se blinder\u00a0: \u00ab\u00a0Je ne r\u00e9ponds plus aux attaques, \u00e7a ne sert \u00e0 rien. D\u00e8s que je re\u00e7ois une remarque d\u00e9plac\u00e9e, je bloque syst\u00e9matiquement son auteur\u00a0\u00bb, affirme la journaliste, avant de conc\u00e9der\u00a0: \u00ab\u00a0je r\u00e9fl\u00e9chis \u00e0 deux fois avant d\u2019aborder certains sujets sur les r\u00e9seaux sociaux. Je pense fr\u00e9quemment \u00e0 limiter mon utilisation de Twitter.\u00a0\u00bb. La journaliste continue malgr\u00e9 tout de fr\u00e9quenter le r\u00e9seau pour chercher de l\u2019info et contacter des sources. Difficile, donc, de s\u2019en d\u00e9tacher.<\/p>\n<p>La r\u00e9ponse publique face aux violences num\u00e9riques para\u00eet inadapt\u00e9e selon \u00c9lodie Vialle. \u00ab\u00a0Pour lutter contre les violences num\u00e9riques, les \u00c9tats ont la tentation de faire peser une pression politique sur les r\u00e9seaux sociaux\u00a0\u00bb, analyse-t-elle, \u00ab\u00a0mais cela comporte un risque de censure excessive et impacte parfois la libert\u00e9 d\u2019expression,<strong> <a href=\"https:\/\/www.lesechos.fr\/05\/01\/2018\/lesechos.fr\/0301101942058_debat-en-allemagne-sur-la-nouvelle-loi-sur-les-reseaux-sociaux.html\">comme cela peut \u00eatre le cas en Allemagne\u00a0<\/a><\/strong>\u00bb.<\/p>\n<p>Pour la responsable journalisme et nouvelles technologies de RSF, les plateformes doivent prendre leurs responsabilit\u00e9s face \u00e0 ce ph\u00e9nom\u00e8ne. \u00ab\u00a0On ne peut pas laisser aux \u00c9tats l\u2019enti\u00e8re responsabilit\u00e9 du contr\u00f4le des contenus, Twitter doit \u00eatre davantage d\u00e9sireux de traiter les questions de harc\u00e8lement en ligne des journalistes.\u00a0\u00bb, lance-t-elle.<\/p>\n<p>[\/et_pb_text][\/et_pb_column][\/et_pb_row][\/et_pb_section]<\/p>\n","protected":false},"excerpt":{"rendered":"<p>[et_pb_section bb_built=\u00a0\u00bb1&Prime;][et_pb_row][et_pb_column type=\u00a0\u00bb4_4&Prime;][et_pb_post_title _builder_version=\u00a0\u00bb3.0.75&Prime; title=\u00a0\u00bbon\u00a0\u00bb meta=\u00a0\u00bbon\u00a0\u00bb author=\u00a0\u00bboff\u00a0\u00bb date=\u00a0\u00bbon\u00a0\u00bb categories=\u00a0\u00bbon\u00a0\u00bb comments=\u00a0\u00bbon\u00a0\u00bb featured_image=\u00a0\u00bboff\u00a0\u00bb featured_placement=\u00a0\u00bbbelow\u00a0\u00bb text_color=\u00a0\u00bbdark\u00a0\u00bb text_background=\u00a0\u00bboff\u00a0\u00bb border_style=\u00a0\u00bbsolid\u00a0\u00bb text_orientation=\u00a0\u00bbcenter\u00a0\u00bb title_font=\u00a0\u00bb||||\u00a0\u00bb title_text_color=\u00a0\u00bbrgba(0,0,0,0.91)\u00a0\u00bb \/][et_pb_text _builder_version=\u00a0\u00bb3.0.75&Prime; background_layout=\u00a0\u00bblight\u00a0\u00bb border_style=\u00a0\u00bbsolid\u00a0\u00bb text_font_size=\u00a0\u00bb18&Prime; custom_margin=\u00a0\u00bb|10px||50px\u00a0\u00bb custom_padding=\u00a0\u00bb|10px||50px\u00a0\u00bb] Le r\u00e9seau social de microblogging, largement utilis\u00e9 par les journalistes \u00e0 des fins professionnelles depuis sa cr\u00e9ation en 2006, est aussi devenu une source de violences num\u00e9riques \u00e0 leur encontre. [&hellip;]<\/p>\n","protected":false},"author":95,"featured_media":3276,"comment_status":"open","ping_status":"open","sticky":false,"template":"","format":"standard","meta":[],"categories":[3,20,23],"tags":[540],"_links":{"self":[{"href":"http:\/\/journalismes-info.ejdg.fr\/index.php\/wp-json\/wp\/v2\/posts\/3274"}],"collection":[{"href":"http:\/\/journalismes-info.ejdg.fr\/index.php\/wp-json\/wp\/v2\/posts"}],"about":[{"href":"http:\/\/journalismes-info.ejdg.fr\/index.php\/wp-json\/wp\/v2\/types\/post"}],"author":[{"embeddable":true,"href":"http:\/\/journalismes-info.ejdg.fr\/index.php\/wp-json\/wp\/v2\/users\/95"}],"replies":[{"embeddable":true,"href":"http:\/\/journalismes-info.ejdg.fr\/index.php\/wp-json\/wp\/v2\/comments?post=3274"}],"version-history":[{"count":2,"href":"http:\/\/journalismes-info.ejdg.fr\/index.php\/wp-json\/wp\/v2\/posts\/3274\/revisions"}],"predecessor-version":[{"id":3278,"href":"http:\/\/journalismes-info.ejdg.fr\/index.php\/wp-json\/wp\/v2\/posts\/3274\/revisions\/3278"}],"wp:featuredmedia":[{"embeddable":true,"href":"http:\/\/journalismes-info.ejdg.fr\/index.php\/wp-json\/wp\/v2\/media\/3276"}],"wp:attachment":[{"href":"http:\/\/journalismes-info.ejdg.fr\/index.php\/wp-json\/wp\/v2\/media?parent=3274"}],"wp:term":[{"taxonomy":"category","embeddable":true,"href":"http:\/\/journalismes-info.ejdg.fr\/index.php\/wp-json\/wp\/v2\/categories?post=3274"},{"taxonomy":"post_tag","embeddable":true,"href":"http:\/\/journalismes-info.ejdg.fr\/index.php\/wp-json\/wp\/v2\/tags?post=3274"}],"curies":[{"name":"wp","href":"https:\/\/api.w.org\/{rel}","templated":true}]}}