{"id":3205,"date":"2019-03-14T17:55:03","date_gmt":"2019-03-14T16:55:03","guid":{"rendered":"http:\/\/journalismes-info.ejdg.fr\/?p=3205"},"modified":"2019-03-14T17:55:03","modified_gmt":"2019-03-14T16:55:03","slug":"atelier-recherche-la-haine-des-journalistes-en-question","status":"publish","type":"post","link":"http:\/\/journalismes-info.ejdg.fr\/index.php\/2019\/03\/14\/atelier-recherche-la-haine-des-journalistes-en-question\/","title":{"rendered":"Atelier recherche\u00a0: la haine des journalistes\u00a0en question"},"content":{"rendered":"<p>[et_pb_section bb_built=\u00a0\u00bb1&Prime;][et_pb_row][et_pb_column type=\u00a0\u00bb4_4&Prime;][et_pb_post_title _builder_version=\u00a0\u00bb3.0.75&Prime; title=\u00a0\u00bbon\u00a0\u00bb meta=\u00a0\u00bbon\u00a0\u00bb author=\u00a0\u00bbon\u00a0\u00bb date=\u00a0\u00bbon\u00a0\u00bb categories=\u00a0\u00bbon\u00a0\u00bb comments=\u00a0\u00bbon\u00a0\u00bb featured_image=\u00a0\u00bboff\u00a0\u00bb featured_placement=\u00a0\u00bbbelow\u00a0\u00bb text_color=\u00a0\u00bbdark\u00a0\u00bb text_background=\u00a0\u00bboff\u00a0\u00bb border_style=\u00a0\u00bbsolid\u00a0\u00bb text_orientation=\u00a0\u00bbcenter\u00a0\u00bb title_font=\u00a0\u00bb||||\u00a0\u00bb title_text_color=\u00a0\u00bbrgba(0,0,0,0.91)\u00a0\u00bb \/][\/et_pb_column][\/et_pb_row][et_pb_row][et_pb_column type=\u00a0\u00bb4_4&Prime;][et_pb_text _builder_version=\u00a0\u00bb3.0.75&Prime; background_layout=\u00a0\u00bblight\u00a0\u00bb border_style=\u00a0\u00bbsolid\u00a0\u00bb text_font_size=\u00a0\u00bb16&Prime;]<\/p>\n<p>Ce jeudi matin au MAME, il \u00e9tait question de la d\u00e9testation des m\u00e9dias et de la crise de confiance envers les journalistes. Trois universitaires ont fait face \u00e0 une salle pleine pour tenter d\u2019expliquer l\u2019\u00e9volution de cette d\u00e9testation au cours de l\u2019histoire. \u00ab\u00a0La haine du journalisme est pr\u00e9sente depuis que la presse existe\u00a0\u00bb, d\u00e9bute Alexis L\u00e9vrier, ma\u00eetre de conf\u00e9rences \u00e0 l\u2019Universit\u00e9 de Reims. Au programme de la conf\u00e9rence, les causes et les \u00e9volutions de cette critique \u00e0 travers les \u00e9poques, mais aussi des questions plus contemporaines, notamment sur la remise en question \u00e0 l\u2019int\u00e9rieur m\u00eame de la profession. Les violences assum\u00e9es que subissent les journalistes de la part des politiques et des mouvements populaires ont \u00e9galement \u00e9t\u00e9 abord\u00e9es. Dans la salle les r\u00e9actions sont vives. \u00ab\u00a0Les journalistes ne veulent pas \u00eatre aim\u00e9s, on s\u2019en fout. On veut \u00eatre crus\u00a0\u00bb, proclame une ancienne journaliste dans la salle.<\/p>\n<p>[\/et_pb_text][\/et_pb_column][\/et_pb_row][\/et_pb_section]<\/p>\n","protected":false},"excerpt":{"rendered":"<p>[et_pb_section bb_built=\u00a0\u00bb1&Prime;][et_pb_row][et_pb_column type=\u00a0\u00bb4_4&Prime;][et_pb_post_title _builder_version=\u00a0\u00bb3.0.75&Prime; title=\u00a0\u00bbon\u00a0\u00bb meta=\u00a0\u00bbon\u00a0\u00bb author=\u00a0\u00bbon\u00a0\u00bb date=\u00a0\u00bbon\u00a0\u00bb categories=\u00a0\u00bbon\u00a0\u00bb comments=\u00a0\u00bbon\u00a0\u00bb featured_image=\u00a0\u00bboff\u00a0\u00bb featured_placement=\u00a0\u00bbbelow\u00a0\u00bb text_color=\u00a0\u00bbdark\u00a0\u00bb text_background=\u00a0\u00bboff\u00a0\u00bb border_style=\u00a0\u00bbsolid\u00a0\u00bb text_orientation=\u00a0\u00bbcenter\u00a0\u00bb title_font=\u00a0\u00bb||||\u00a0\u00bb title_text_color=\u00a0\u00bbrgba(0,0,0,0.91)\u00a0\u00bb \/][\/et_pb_column][\/et_pb_row][et_pb_row][et_pb_column type=\u00a0\u00bb4_4&Prime;][et_pb_text _builder_version=\u00a0\u00bb3.0.75&Prime; background_layout=\u00a0\u00bblight\u00a0\u00bb border_style=\u00a0\u00bbsolid\u00a0\u00bb text_font_size=\u00a0\u00bb16&Prime;] Ce jeudi matin au MAME, il \u00e9tait question de la d\u00e9testation des m\u00e9dias et de la crise de confiance envers les journalistes. Trois universitaires ont fait face \u00e0 une salle pleine [&hellip;]<\/p>\n","protected":false},"author":74,"featured_media":3203,"comment_status":"open","ping_status":"open","sticky":false,"template":"","format":"standard","meta":[],"categories":[23,2],"tags":[533,64],"_links":{"self":[{"href":"http:\/\/journalismes-info.ejdg.fr\/index.php\/wp-json\/wp\/v2\/posts\/3205"}],"collection":[{"href":"http:\/\/journalismes-info.ejdg.fr\/index.php\/wp-json\/wp\/v2\/posts"}],"about":[{"href":"http:\/\/journalismes-info.ejdg.fr\/index.php\/wp-json\/wp\/v2\/types\/post"}],"author":[{"embeddable":true,"href":"http:\/\/journalismes-info.ejdg.fr\/index.php\/wp-json\/wp\/v2\/users\/74"}],"replies":[{"embeddable":true,"href":"http:\/\/journalismes-info.ejdg.fr\/index.php\/wp-json\/wp\/v2\/comments?post=3205"}],"version-history":[{"count":2,"href":"http:\/\/journalismes-info.ejdg.fr\/index.php\/wp-json\/wp\/v2\/posts\/3205\/revisions"}],"predecessor-version":[{"id":3207,"href":"http:\/\/journalismes-info.ejdg.fr\/index.php\/wp-json\/wp\/v2\/posts\/3205\/revisions\/3207"}],"wp:featuredmedia":[{"embeddable":true,"href":"http:\/\/journalismes-info.ejdg.fr\/index.php\/wp-json\/wp\/v2\/media\/3203"}],"wp:attachment":[{"href":"http:\/\/journalismes-info.ejdg.fr\/index.php\/wp-json\/wp\/v2\/media?parent=3205"}],"wp:term":[{"taxonomy":"category","embeddable":true,"href":"http:\/\/journalismes-info.ejdg.fr\/index.php\/wp-json\/wp\/v2\/categories?post=3205"},{"taxonomy":"post_tag","embeddable":true,"href":"http:\/\/journalismes-info.ejdg.fr\/index.php\/wp-json\/wp\/v2\/tags?post=3205"}],"curies":[{"name":"wp","href":"https:\/\/api.w.org\/{rel}","templated":true}]}}