{"id":3156,"date":"2019-03-13T19:47:15","date_gmt":"2019-03-13T18:47:15","guid":{"rendered":"http:\/\/journalismes-info.ejdg.fr\/?p=3156"},"modified":"2019-03-13T19:47:15","modified_gmt":"2019-03-13T18:47:15","slug":"wtfake-une-journaliste-sur-youtube","status":"publish","type":"post","link":"http:\/\/journalismes-info.ejdg.fr\/index.php\/2019\/03\/13\/wtfake-une-journaliste-sur-youtube\/","title":{"rendered":"WTFake\u00a0: une journaliste sur YouTube"},"content":{"rendered":"<p>[et_pb_section bb_built=\u00a0\u00bb1&Prime;][et_pb_row][et_pb_column type=\u00a0\u00bb4_4&Prime;][et_pb_post_title _builder_version=\u00a0\u00bb3.0.75&Prime; title=\u00a0\u00bbon\u00a0\u00bb meta=\u00a0\u00bbon\u00a0\u00bb author=\u00a0\u00bboff\u00a0\u00bb date=\u00a0\u00bbon\u00a0\u00bb categories=\u00a0\u00bbon\u00a0\u00bb comments=\u00a0\u00bbon\u00a0\u00bb featured_image=\u00a0\u00bboff\u00a0\u00bb featured_placement=\u00a0\u00bbbelow\u00a0\u00bb text_color=\u00a0\u00bbdark\u00a0\u00bb text_background=\u00a0\u00bboff\u00a0\u00bb border_style=\u00a0\u00bbsolid\u00a0\u00bb text_orientation=\u00a0\u00bbcenter\u00a0\u00bb title_font=\u00a0\u00bb||||\u00a0\u00bb title_text_color=\u00a0\u00bbrgba(0,0,0,0.91)\u00a0\u00bb \/][\/et_pb_column][\/et_pb_row][et_pb_row][et_pb_column type=\u00a0\u00bb4_4&Prime;][et_pb_text _builder_version=\u00a0\u00bb3.0.75&Prime; background_layout=\u00a0\u00bblight\u00a0\u00bb border_style=\u00a0\u00bbsolid\u00a0\u00bb text_font_size=\u00a0\u00bb16&Prime;]<\/p>\n<p><em>Par Adrien Beaujean.<\/em><\/p>\n<p class=\"p1\">Lutter contre le complotisme sur le net\u00a0: c\u2019est le pari que s\u2019est lanc\u00e9 Aude Favre, ou plut\u00f4t Aude WTFake sur YouTube. Journaliste de formation, elle a travaill\u00e9 dix ans pour des soci\u00e9t\u00e9s de production avant de tout l\u00e2cher. \u00ab\u00a0J\u2019\u00e9tais vraiment en col\u00e8re contre les escrocs qui manipulent le grand public sur les r\u00e9seaux \u00e0 peu de frais\u00a0\u00bb, commente la jeune femme.<br \/>\nDepuis, elle s\u2019attelle \u00e0 d\u00e9masquer les anonymes, d\u00e9construire les fake news, d\u00e9monter les th\u00e9ories complotistes sur sa cha\u00eene YouTube, lanc\u00e9e le 5 mars 2017. \u00ab\u00a0Le tout avec humour\u00a0\u00bb, ajoute Aude. \u00ab\u00a0Le rire est un bon moyen pour faire passer les choses\u00a0\u00bb.<br \/>\nRep\u00e9r\u00e9e il y a plus d\u2019un an par France tv slash, la cha\u00eene 100\u00a0% num\u00e9rique de France TV, elle a depuis d\u00e9velopp\u00e9 un nouveau format court d\u2019\u00e9ducation aux m\u00e9dias intitul\u00e9 \u00ab\u00a0Sans Filtre\u00a0\u00bb. Avec 46 000 abonn\u00e9s \u00e0 son actif, Aude Favre \u00e9merge sur une plateforme qui, jusqu\u2019\u00e0 pr\u00e9sent, n\u2019a pas ou tr\u00e8s peu \u00e9t\u00e9 investie par des journalistes.<\/p>\n<p>[\/et_pb_text][\/et_pb_column][\/et_pb_row][\/et_pb_section]<\/p>\n","protected":false},"excerpt":{"rendered":"<p>[et_pb_section bb_built=\u00a0\u00bb1&Prime;][et_pb_row][et_pb_column type=\u00a0\u00bb4_4&Prime;][et_pb_post_title _builder_version=\u00a0\u00bb3.0.75&Prime; title=\u00a0\u00bbon\u00a0\u00bb meta=\u00a0\u00bbon\u00a0\u00bb author=\u00a0\u00bboff\u00a0\u00bb date=\u00a0\u00bbon\u00a0\u00bb categories=\u00a0\u00bbon\u00a0\u00bb comments=\u00a0\u00bbon\u00a0\u00bb featured_image=\u00a0\u00bboff\u00a0\u00bb featured_placement=\u00a0\u00bbbelow\u00a0\u00bb text_color=\u00a0\u00bbdark\u00a0\u00bb text_background=\u00a0\u00bboff\u00a0\u00bb border_style=\u00a0\u00bbsolid\u00a0\u00bb text_orientation=\u00a0\u00bbcenter\u00a0\u00bb title_font=\u00a0\u00bb||||\u00a0\u00bb title_text_color=\u00a0\u00bbrgba(0,0,0,0.91)\u00a0\u00bb \/][\/et_pb_column][\/et_pb_row][et_pb_row][et_pb_column type=\u00a0\u00bb4_4&Prime;][et_pb_text _builder_version=\u00a0\u00bb3.0.75&Prime; background_layout=\u00a0\u00bblight\u00a0\u00bb border_style=\u00a0\u00bbsolid\u00a0\u00bb text_font_size=\u00a0\u00bb16&Prime;] Par Adrien Beaujean. Lutter contre le complotisme sur le net\u00a0: c\u2019est le pari que s\u2019est lanc\u00e9 Aude Favre, ou plut\u00f4t Aude WTFake sur YouTube. Journaliste de formation, elle a travaill\u00e9 dix [&hellip;]<\/p>\n","protected":false},"author":94,"featured_media":3157,"comment_status":"open","ping_status":"open","sticky":false,"template":"","format":"standard","meta":[],"categories":[23,2],"tags":[532],"_links":{"self":[{"href":"http:\/\/journalismes-info.ejdg.fr\/index.php\/wp-json\/wp\/v2\/posts\/3156"}],"collection":[{"href":"http:\/\/journalismes-info.ejdg.fr\/index.php\/wp-json\/wp\/v2\/posts"}],"about":[{"href":"http:\/\/journalismes-info.ejdg.fr\/index.php\/wp-json\/wp\/v2\/types\/post"}],"author":[{"embeddable":true,"href":"http:\/\/journalismes-info.ejdg.fr\/index.php\/wp-json\/wp\/v2\/users\/94"}],"replies":[{"embeddable":true,"href":"http:\/\/journalismes-info.ejdg.fr\/index.php\/wp-json\/wp\/v2\/comments?post=3156"}],"version-history":[{"count":1,"href":"http:\/\/journalismes-info.ejdg.fr\/index.php\/wp-json\/wp\/v2\/posts\/3156\/revisions"}],"predecessor-version":[{"id":3158,"href":"http:\/\/journalismes-info.ejdg.fr\/index.php\/wp-json\/wp\/v2\/posts\/3156\/revisions\/3158"}],"wp:featuredmedia":[{"embeddable":true,"href":"http:\/\/journalismes-info.ejdg.fr\/index.php\/wp-json\/wp\/v2\/media\/3157"}],"wp:attachment":[{"href":"http:\/\/journalismes-info.ejdg.fr\/index.php\/wp-json\/wp\/v2\/media?parent=3156"}],"wp:term":[{"taxonomy":"category","embeddable":true,"href":"http:\/\/journalismes-info.ejdg.fr\/index.php\/wp-json\/wp\/v2\/categories?post=3156"},{"taxonomy":"post_tag","embeddable":true,"href":"http:\/\/journalismes-info.ejdg.fr\/index.php\/wp-json\/wp\/v2\/tags?post=3156"}],"curies":[{"name":"wp","href":"https:\/\/api.w.org\/{rel}","templated":true}]}}