{"id":3149,"date":"2019-03-13T19:34:44","date_gmt":"2019-03-13T18:34:44","guid":{"rendered":"http:\/\/journalismes-info.ejdg.fr\/?p=3149"},"modified":"2019-03-14T10:20:35","modified_gmt":"2019-03-14T09:20:35","slug":"une-maison-du-journalisme-pour-les-exiles-de-linfo","status":"publish","type":"post","link":"http:\/\/journalismes-info.ejdg.fr\/index.php\/2019\/03\/13\/une-maison-du-journalisme-pour-les-exiles-de-linfo\/","title":{"rendered":"Une maison du journalisme pour les exil\u00e9s de l\u2019info"},"content":{"rendered":"<p>[et_pb_section bb_built=\u00a0\u00bb1&Prime;][et_pb_row][et_pb_column type=\u00a0\u00bb4_4&Prime;][et_pb_post_title _builder_version=\u00a0\u00bb3.0.75&Prime; title=\u00a0\u00bbon\u00a0\u00bb meta=\u00a0\u00bbon\u00a0\u00bb author=\u00a0\u00bbon\u00a0\u00bb date=\u00a0\u00bbon\u00a0\u00bb categories=\u00a0\u00bbon\u00a0\u00bb comments=\u00a0\u00bbon\u00a0\u00bb featured_image=\u00a0\u00bboff\u00a0\u00bb featured_placement=\u00a0\u00bbbelow\u00a0\u00bb text_color=\u00a0\u00bbdark\u00a0\u00bb text_background=\u00a0\u00bboff\u00a0\u00bb border_style=\u00a0\u00bbsolid\u00a0\u00bb text_orientation=\u00a0\u00bbcenter\u00a0\u00bb title_font=\u00a0\u00bb||||\u00a0\u00bb title_text_color=\u00a0\u00bbrgba(0,0,0,0.91)\u00a0\u00bb \/][\/et_pb_column][\/et_pb_row][et_pb_row][et_pb_column type=\u00a0\u00bb4_4&Prime;][et_pb_text _builder_version=\u00a0\u00bb3.0.75&Prime; background_layout=\u00a0\u00bblight\u00a0\u00bb border_style=\u00a0\u00bbsolid\u00a0\u00bb text_font_size=\u00a0\u00bb16&Prime;]<\/p>\n<p><em>Par Julia Beaufils.<\/em><\/p>\n<p>Les Assises du Journalisme 2019 se sont ouvertes sur la pr\u00e9sentation de la maison du journalisme. Cette association investit au d\u00e9but des ann\u00e9es 2000 un immeuble parisien et le transforme en refuge pour journalistes exil\u00e9s. \u00ab 14 chambres sont mises \u00e0 disposition de ces exil\u00e9s de l\u2019information \u00bb, explique Darline Cothi\u00e8re, directrice de la maison du journalisme. Beraat Gokkus, journaliste turc, y a pass\u00e9 1 an. Apr\u00e8s avoir fui son pays pour des raisons de s\u00e9curit\u00e9, il est arriv\u00e9 en France avec l\u2019espoir d\u2019obtenir le statut de r\u00e9fugi\u00e9 politique. \u00ab Arriv\u00e9 en 2016 \u00e0 la suite de la tentative de coup d\u2019Etat en Turquie, je croyais qu\u2019on allait me d\u00e9livrer le papier rapidement. Mais j\u2019ai attendu 2 ans ! \u00bb, l\u00e2che Beraat Gokkus, sarcastique. Apr\u00e8s une candidature, un entretien et une attente de quelques mois il a pu int\u00e9grer une chambre. Depuis 2002, la maison du journalisme a accueilli plus de 400 journalistes en exil, venant de plus de 70 pays du monde.<\/p>\n<p>[\/et_pb_text][\/et_pb_column][\/et_pb_row][\/et_pb_section]<\/p>\n","protected":false},"excerpt":{"rendered":"<p>[et_pb_section bb_built=\u00a0\u00bb1&Prime;][et_pb_row][et_pb_column type=\u00a0\u00bb4_4&Prime;][et_pb_post_title _builder_version=\u00a0\u00bb3.0.75&Prime; title=\u00a0\u00bbon\u00a0\u00bb meta=\u00a0\u00bbon\u00a0\u00bb author=\u00a0\u00bbon\u00a0\u00bb date=\u00a0\u00bbon\u00a0\u00bb categories=\u00a0\u00bbon\u00a0\u00bb comments=\u00a0\u00bbon\u00a0\u00bb featured_image=\u00a0\u00bboff\u00a0\u00bb featured_placement=\u00a0\u00bbbelow\u00a0\u00bb text_color=\u00a0\u00bbdark\u00a0\u00bb text_background=\u00a0\u00bboff\u00a0\u00bb border_style=\u00a0\u00bbsolid\u00a0\u00bb text_orientation=\u00a0\u00bbcenter\u00a0\u00bb title_font=\u00a0\u00bb||||\u00a0\u00bb title_text_color=\u00a0\u00bbrgba(0,0,0,0.91)\u00a0\u00bb \/][\/et_pb_column][\/et_pb_row][et_pb_row][et_pb_column type=\u00a0\u00bb4_4&Prime;][et_pb_text _builder_version=\u00a0\u00bb3.0.75&Prime; background_layout=\u00a0\u00bblight\u00a0\u00bb border_style=\u00a0\u00bbsolid\u00a0\u00bb text_font_size=\u00a0\u00bb16&Prime;] Par Julia Beaufils. Les Assises du Journalisme 2019 se sont ouvertes sur la pr\u00e9sentation de la maison du journalisme. Cette association investit au d\u00e9but des ann\u00e9es 2000 un immeuble parisien et [&hellip;]<\/p>\n","protected":false},"author":94,"featured_media":3150,"comment_status":"open","ping_status":"open","sticky":false,"template":"","format":"standard","meta":[],"categories":[23,2],"tags":[532],"_links":{"self":[{"href":"http:\/\/journalismes-info.ejdg.fr\/index.php\/wp-json\/wp\/v2\/posts\/3149"}],"collection":[{"href":"http:\/\/journalismes-info.ejdg.fr\/index.php\/wp-json\/wp\/v2\/posts"}],"about":[{"href":"http:\/\/journalismes-info.ejdg.fr\/index.php\/wp-json\/wp\/v2\/types\/post"}],"author":[{"embeddable":true,"href":"http:\/\/journalismes-info.ejdg.fr\/index.php\/wp-json\/wp\/v2\/users\/94"}],"replies":[{"embeddable":true,"href":"http:\/\/journalismes-info.ejdg.fr\/index.php\/wp-json\/wp\/v2\/comments?post=3149"}],"version-history":[{"count":3,"href":"http:\/\/journalismes-info.ejdg.fr\/index.php\/wp-json\/wp\/v2\/posts\/3149\/revisions"}],"predecessor-version":[{"id":3166,"href":"http:\/\/journalismes-info.ejdg.fr\/index.php\/wp-json\/wp\/v2\/posts\/3149\/revisions\/3166"}],"wp:featuredmedia":[{"embeddable":true,"href":"http:\/\/journalismes-info.ejdg.fr\/index.php\/wp-json\/wp\/v2\/media\/3150"}],"wp:attachment":[{"href":"http:\/\/journalismes-info.ejdg.fr\/index.php\/wp-json\/wp\/v2\/media?parent=3149"}],"wp:term":[{"taxonomy":"category","embeddable":true,"href":"http:\/\/journalismes-info.ejdg.fr\/index.php\/wp-json\/wp\/v2\/categories?post=3149"},{"taxonomy":"post_tag","embeddable":true,"href":"http:\/\/journalismes-info.ejdg.fr\/index.php\/wp-json\/wp\/v2\/tags?post=3149"}],"curies":[{"name":"wp","href":"https:\/\/api.w.org\/{rel}","templated":true}]}}