{"id":3117,"date":"2019-03-13T15:46:14","date_gmt":"2019-03-13T14:46:14","guid":{"rendered":"http:\/\/journalismes-info.ejdg.fr\/?p=3117"},"modified":"2019-03-13T16:17:35","modified_gmt":"2019-03-13T15:17:35","slug":"le-livre-sinvite-aux-assises","status":"publish","type":"post","link":"http:\/\/journalismes-info.ejdg.fr\/index.php\/2019\/03\/13\/le-livre-sinvite-aux-assises\/","title":{"rendered":"Le livre s\u2019invite aux Assises"},"content":{"rendered":"<p>[et_pb_section bb_built=\u00a0\u00bb1&Prime;][et_pb_row][et_pb_column type=\u00a0\u00bb4_4&Prime;][et_pb_post_title _builder_version=\u00a0\u00bb3.0.75&Prime; title=\u00a0\u00bbon\u00a0\u00bb meta=\u00a0\u00bbon\u00a0\u00bb author=\u00a0\u00bbon\u00a0\u00bb date=\u00a0\u00bbon\u00a0\u00bb categories=\u00a0\u00bbon\u00a0\u00bb comments=\u00a0\u00bbon\u00a0\u00bb featured_image=\u00a0\u00bboff\u00a0\u00bb featured_placement=\u00a0\u00bbbelow\u00a0\u00bb text_color=\u00a0\u00bbdark\u00a0\u00bb text_background=\u00a0\u00bboff\u00a0\u00bb border_style=\u00a0\u00bbsolid\u00a0\u00bb text_orientation=\u00a0\u00bbcenter\u00a0\u00bb title_font=\u00a0\u00bb||||\u00a0\u00bb title_text_color=\u00a0\u00bbrgba(0,0,0,0.91)\u00a0\u00bb \/][\/et_pb_column][\/et_pb_row][et_pb_row][et_pb_column type=\u00a0\u00bb4_4&Prime;][et_pb_text _builder_version=\u00a0\u00bb3.0.75&Prime; background_layout=\u00a0\u00bblight\u00a0\u00bb border_style=\u00a0\u00bbsolid\u00a0\u00bb text_font_size=\u00a0\u00bb16&Prime;]<\/p>\n<p>Aux 12e Assises internationales du journalisme, \u00e0 Tours, on croise bien s\u00fbr des journalistes, des pr\u00e9sentateurs vedettes et des intervenants bavards. Tout cela dans des salles de conf\u00e9rence bond\u00e9es. Mais il est aussi possible de s\u2019attarder sur un stand de livres ouverts \u00e0 la vente. Parmi les ouvrages disponibles, certains consacr\u00e9s aux violences sexuelles faites aux femmes, d\u2019autres aux gilets jaunes, au num\u00e9rique ou encore aux fake news. Au fil des pages, ces livres reconstruisent les facettes de l\u2019actualit\u00e9. Cinq d\u2019entre eux sont nomm\u00e9s pour le prix du meilleur livre sur le journalisme, parmi lesquels <em>D\u2019argent et de sang<\/em> de Fabrice Arfi et <em>Berlin<\/em><i>, 1933<\/i>\u00a0de Daniel Schneidermann, deux ouvrages de figures reconnues du m\u00e9tier. La r\u00e9compense sera remise au vainqueur en pr\u00e9sence des pr\u00e9sidentes du jury, Rapha\u00eblle Bacqu\u00e9 et Ariane Chemin, le jeudi 14 mars. Les Assises r\u00e9compensent chaque ann\u00e9e les publications parues dans les douze derniers mois qui interrogent le mieux le journalisme et en \u00e9clairent la pratique.<\/p>\n<p>[\/et_pb_text][\/et_pb_column][\/et_pb_row][\/et_pb_section]<\/p>\n","protected":false},"excerpt":{"rendered":"<p>Aux 12e Assises internationales du journalisme, \u00e0 Tours, on croise bien s\u00fbr des journalistes, des pr\u00e9sentateurs vedettes et des intervenants bavards. Tout cela dans des salles de conf\u00e9rence bond\u00e9es. Mais il est aussi possible de s\u2019attarder sur un stand de livres ouverts \u00e0 la vente.<\/p>\n","protected":false},"author":83,"featured_media":3119,"comment_status":"open","ping_status":"open","sticky":false,"template":"","format":"standard","meta":[],"categories":[23,2],"tags":[529],"_links":{"self":[{"href":"http:\/\/journalismes-info.ejdg.fr\/index.php\/wp-json\/wp\/v2\/posts\/3117"}],"collection":[{"href":"http:\/\/journalismes-info.ejdg.fr\/index.php\/wp-json\/wp\/v2\/posts"}],"about":[{"href":"http:\/\/journalismes-info.ejdg.fr\/index.php\/wp-json\/wp\/v2\/types\/post"}],"author":[{"embeddable":true,"href":"http:\/\/journalismes-info.ejdg.fr\/index.php\/wp-json\/wp\/v2\/users\/83"}],"replies":[{"embeddable":true,"href":"http:\/\/journalismes-info.ejdg.fr\/index.php\/wp-json\/wp\/v2\/comments?post=3117"}],"version-history":[{"count":4,"href":"http:\/\/journalismes-info.ejdg.fr\/index.php\/wp-json\/wp\/v2\/posts\/3117\/revisions"}],"predecessor-version":[{"id":3126,"href":"http:\/\/journalismes-info.ejdg.fr\/index.php\/wp-json\/wp\/v2\/posts\/3117\/revisions\/3126"}],"wp:featuredmedia":[{"embeddable":true,"href":"http:\/\/journalismes-info.ejdg.fr\/index.php\/wp-json\/wp\/v2\/media\/3119"}],"wp:attachment":[{"href":"http:\/\/journalismes-info.ejdg.fr\/index.php\/wp-json\/wp\/v2\/media?parent=3117"}],"wp:term":[{"taxonomy":"category","embeddable":true,"href":"http:\/\/journalismes-info.ejdg.fr\/index.php\/wp-json\/wp\/v2\/categories?post=3117"},{"taxonomy":"post_tag","embeddable":true,"href":"http:\/\/journalismes-info.ejdg.fr\/index.php\/wp-json\/wp\/v2\/tags?post=3117"}],"curies":[{"name":"wp","href":"https:\/\/api.w.org\/{rel}","templated":true}]}}