{"id":2819,"date":"2018-11-14T12:45:27","date_gmt":"2018-11-14T11:45:27","guid":{"rendered":"http:\/\/journalismes-info.ejdg.fr\/?p=2819"},"modified":"2018-12-06T12:45:55","modified_gmt":"2018-12-06T11:45:55","slug":"information-ou-opinion-les-jeunes-savent-mieux-faire-la-difference","status":"publish","type":"post","link":"http:\/\/journalismes-info.ejdg.fr\/index.php\/2018\/11\/14\/information-ou-opinion-les-jeunes-savent-mieux-faire-la-difference\/","title":{"rendered":"Information ou opinion : les jeunes savent mieux faire la diff\u00e9rence"},"content":{"rendered":"<p>[et_pb_section bb_built=\u00a0\u00bb1&Prime;][et_pb_row][et_pb_column type=\u00a0\u00bb4_4&Prime;][et_pb_post_title _builder_version=\u00a0\u00bb3.0.75&Prime; title=\u00a0\u00bbon\u00a0\u00bb meta=\u00a0\u00bbon\u00a0\u00bb author=\u00a0\u00bbon\u00a0\u00bb date=\u00a0\u00bbon\u00a0\u00bb categories=\u00a0\u00bbon\u00a0\u00bb comments=\u00a0\u00bbon\u00a0\u00bb featured_image=\u00a0\u00bboff\u00a0\u00bb featured_placement=\u00a0\u00bbbelow\u00a0\u00bb text_color=\u00a0\u00bbdark\u00a0\u00bb text_background=\u00a0\u00bboff\u00a0\u00bb border_style=\u00a0\u00bbsolid\u00a0\u00bb text_orientation=\u00a0\u00bbcenter\u00a0\u00bb title_font=\u00a0\u00bb||||\u00a0\u00bb title_text_color=\u00a0\u00bbrgba(0,0,0,0.91)\u00a0\u00bb \/][\/et_pb_column][\/et_pb_row][et_pb_row][et_pb_column type=\u00a0\u00bb4_4&Prime;][et_pb_text _builder_version=\u00a0\u00bb3.0.75&Prime; background_layout=\u00a0\u00bblight\u00a0\u00bb border_style=\u00a0\u00bbsolid\u00a0\u00bb text_font_size=\u00a0\u00bb16&Prime;]<\/p>\n<p>La sagesse ne vient pas forcement avec l\u2019\u00e2ge. Les moins de 50 ans seraient plus aptes \u00e0 distinguer une information factuelle d&rsquo;une opinion. <strong><u><a href=\"http:\/\/www.pewresearch.org\/fact-tank\/2018\/10\/23\/younger-americans-are-better-than-older-americans-at-telling-factual-news-statements-from-opinions\/\">Dans une \u00e9tude du centre de recherche Pew<\/a><\/u><\/strong>, les participants am\u00e9ricains devaient classer dix affirmations entre \u00ab\u00a0fait\u00a0\u00bb et \u00ab\u00a0opinion\u00a0\u00bb. 32% des jeunes sond\u00e9s ont \u00e9t\u00e9 capables d\u2019identifier les cinq phrases factuelles contre 20% des plus de 50 ans. L\u2019\u00e9cart est encore plus flagrant pour les opinions ; seul 26% des plus de 50 ans ont su les distinguer alors que 44% des jeunes ont r\u00e9ussi. L\u2019\u00e9tude montre \u00e9galement que les jeunes sont moins influenc\u00e9s par les id\u00e9ologies. Certaines affirmations correspondaient \u00e0 certaines affinit\u00e9s politiques ; les plus de 50 ans ont eu plus de mal \u00e0 identifier ces phrases correctement.<\/p>\n<p>Vous pouvez vous aussi tester votre capacit\u00e9 \u00e0 faire la diff\u00e9rence <u><a href=\"http:\/\/www.pewresearch.org\/quiz\/news-statements-quiz\/\"><strong> ici<\/strong> <\/a><\/u>(en anglais).<\/p>\n<p>[\/et_pb_text][\/et_pb_column][\/et_pb_row][\/et_pb_section]<\/p>\n","protected":false},"excerpt":{"rendered":"<p>[et_pb_section bb_built=\u00a0\u00bb1&Prime;][et_pb_row][et_pb_column type=\u00a0\u00bb4_4&Prime;][et_pb_post_title _builder_version=\u00a0\u00bb3.0.75&Prime; title=\u00a0\u00bbon\u00a0\u00bb meta=\u00a0\u00bbon\u00a0\u00bb author=\u00a0\u00bbon\u00a0\u00bb date=\u00a0\u00bbon\u00a0\u00bb categories=\u00a0\u00bbon\u00a0\u00bb comments=\u00a0\u00bbon\u00a0\u00bb featured_image=\u00a0\u00bboff\u00a0\u00bb featured_placement=\u00a0\u00bbbelow\u00a0\u00bb text_color=\u00a0\u00bbdark\u00a0\u00bb text_background=\u00a0\u00bboff\u00a0\u00bb border_style=\u00a0\u00bbsolid\u00a0\u00bb text_orientation=\u00a0\u00bbcenter\u00a0\u00bb title_font=\u00a0\u00bb||||\u00a0\u00bb title_text_color=\u00a0\u00bbrgba(0,0,0,0.91)\u00a0\u00bb \/][\/et_pb_column][\/et_pb_row][et_pb_row][et_pb_column type=\u00a0\u00bb4_4&Prime;][et_pb_text _builder_version=\u00a0\u00bb3.0.75&Prime; background_layout=\u00a0\u00bblight\u00a0\u00bb border_style=\u00a0\u00bbsolid\u00a0\u00bb text_font_size=\u00a0\u00bb16&Prime;] La sagesse ne vient pas forcement avec l\u2019\u00e2ge. Les moins de 50 ans seraient plus aptes \u00e0 distinguer une information factuelle d&rsquo;une opinion. Dans une \u00e9tude du centre de recherche Pew, [&hellip;]<\/p>\n","protected":false},"author":62,"featured_media":2820,"comment_status":"open","ping_status":"open","sticky":false,"template":"","format":"standard","meta":[],"categories":[2],"tags":[491,489,312,150,490,211],"_links":{"self":[{"href":"http:\/\/journalismes-info.ejdg.fr\/index.php\/wp-json\/wp\/v2\/posts\/2819"}],"collection":[{"href":"http:\/\/journalismes-info.ejdg.fr\/index.php\/wp-json\/wp\/v2\/posts"}],"about":[{"href":"http:\/\/journalismes-info.ejdg.fr\/index.php\/wp-json\/wp\/v2\/types\/post"}],"author":[{"embeddable":true,"href":"http:\/\/journalismes-info.ejdg.fr\/index.php\/wp-json\/wp\/v2\/users\/62"}],"replies":[{"embeddable":true,"href":"http:\/\/journalismes-info.ejdg.fr\/index.php\/wp-json\/wp\/v2\/comments?post=2819"}],"version-history":[{"count":3,"href":"http:\/\/journalismes-info.ejdg.fr\/index.php\/wp-json\/wp\/v2\/posts\/2819\/revisions"}],"predecessor-version":[{"id":3068,"href":"http:\/\/journalismes-info.ejdg.fr\/index.php\/wp-json\/wp\/v2\/posts\/2819\/revisions\/3068"}],"wp:featuredmedia":[{"embeddable":true,"href":"http:\/\/journalismes-info.ejdg.fr\/index.php\/wp-json\/wp\/v2\/media\/2820"}],"wp:attachment":[{"href":"http:\/\/journalismes-info.ejdg.fr\/index.php\/wp-json\/wp\/v2\/media?parent=2819"}],"wp:term":[{"taxonomy":"category","embeddable":true,"href":"http:\/\/journalismes-info.ejdg.fr\/index.php\/wp-json\/wp\/v2\/categories?post=2819"},{"taxonomy":"post_tag","embeddable":true,"href":"http:\/\/journalismes-info.ejdg.fr\/index.php\/wp-json\/wp\/v2\/tags?post=2819"}],"curies":[{"name":"wp","href":"https:\/\/api.w.org\/{rel}","templated":true}]}}